{"id":18247,"date":"2020-07-13T07:46:54","date_gmt":"2020-07-13T05:46:54","guid":{"rendered":"https:\/\/www.labunie.com.pl\/?p=18247"},"modified":"2020-07-16T09:25:12","modified_gmt":"2020-07-16T07:25:12","slug":"zamojskie-dni-folkloru-online-zapraszamy-do-ogladania","status":"publish","type":"post","link":"https:\/\/labunie.com.pl\/?p=18247","title":{"rendered":"Zamojskie Dni Folkloru Online &#8211; zapraszamy do ogl\u0105dania"},"content":{"rendered":"\n<p><strong>W niedziel\u0119, 12 lipca odby\u0142a si\u0119 oficjalna premiera Zamojskich Dni Folkloru. Z uwagi na okoliczno\u015bci, zwi\u0105zane z epidemi\u0105 koronawirusa, w tym roku impreza przenios\u0142a si\u0119 do internetu. Udzia\u0142 w wydarzeniu bra\u0142y r\u00f3wnie\u017c zespo\u0142y z gminy \u0141abunie.<\/strong><\/p>\n\n\n\n<div style=\"height:20px\" aria-hidden=\"true\" class=\"wp-block-spacer\"><\/div>\n\n\n\n<!--more-->\n\n\n\n<p>Oficjalnego otwarcia wydarzenia dokona\u0142 starosta zamojski &#8211; Stanis\u0142aw Grze\u015bko. Gmin\u0119 \u0141abunie na festiwalu reprezentuj\u0105 Barchaczowskie Superbabki i Kapela Grze\u015bki z Ruszowa. KGW z Barchaczowa wykonuje piosenk\u0119 &#8220;Cyt,cyt&#8221; a Grze\u015bki &#8211; Hej z g\u00f3ry, z g\u00f3ry&#8221;. Nasi wykonawcy \u015bpiewali w zabytkowej scenerii zespo\u0142u pa\u0142acowo-parkowego w \u0141abu\u0144kach Pierwszych. Nagrania odbywa\u0142y si\u0119 kilka tygodni przed rozpocz\u0119ciem Zamojskich Dni Folkloru. W sumie w Festiwalu wzi\u0119\u0142o udzia\u0142 25 zespo\u0142\u00f3w.&nbsp; Zapraszamy do obejrzenia wyst\u0119p\u00f3w zespo\u0142\u00f3w z ca\u0142ego powiatu zamojskiego oraz z gminy \u0141abunie. Zamojskie Dni Folkloru do obejrzenia na platformie Youtube. <\/p>\n\n\n\n<div style=\"height:20px\" aria-hidden=\"true\" class=\"wp-block-spacer\"><\/div>\n\n\n\n<figure class=\"wp-block-embed-youtube wp-block-embed is-type-video is-provider-youtube wp-embed-aspect-16-9 wp-has-aspect-ratio\"><div class=\"wp-block-embed__wrapper\">\n<iframe loading=\"lazy\" title=\"Otwarcie Festiwalu XXI Zamojskich Dni Folkloru 2020 przez Starost\u0119 Zamojskiego Stanis\u0142awa Grze\u015bko.\" width=\"1280\" height=\"720\" src=\"https:\/\/www.youtube.com\/embed\/videoseries?list=PLvEyC3ZsQWbSFFbYRcljW7vjB6bPyU-aa\" frameborder=\"0\" allow=\"accelerometer; autoplay; clipboard-write; encrypted-media; gyroscope; picture-in-picture\" allowfullscreen><\/iframe>\n<\/div><\/figure>\n\n\n\n<div style=\"height:20px\" aria-hidden=\"true\" class=\"wp-block-spacer\"><\/div>\n","protected":false},"excerpt":{"rendered":"<p>W niedziel\u0119, 12 lipca odby\u0142a si\u0119 oficjalna premiera Zamojskich Dni Folkloru. Z uwagi na okoliczno\u015bci, zwi\u0105zane z epidemi\u0105 koronawirusa, w tym roku impreza przenios\u0142a si\u0119 do internetu. Udzia\u0142 w wydarzeniu bra\u0142y r\u00f3wnie\u017c zespo\u0142y z gminy \u0141abunie.<\/p>\n","protected":false},"author":11,"featured_media":18249,"comment_status":"closed","ping_status":"closed","sticky":false,"template":"","format":"standard","meta":{"footnotes":""},"categories":[1],"tags":[],"class_list":["post-18247","post","type-post","status-publish","format-standard","has-post-thumbnail","hentry","category-wpisy","clearfix"],"_links":{"self":[{"href":"https:\/\/labunie.com.pl\/index.php?rest_route=\/wp\/v2\/posts\/18247","targetHints":{"allow":["GET"]}}],"collection":[{"href":"https:\/\/labunie.com.pl\/index.php?rest_route=\/wp\/v2\/posts"}],"about":[{"href":"https:\/\/labunie.com.pl\/index.php?rest_route=\/wp\/v2\/types\/post"}],"author":[{"embeddable":true,"href":"https:\/\/labunie.com.pl\/index.php?rest_route=\/wp\/v2\/users\/11"}],"replies":[{"embeddable":true,"href":"https:\/\/labunie.com.pl\/index.php?rest_route=%2Fwp%2Fv2%2Fcomments&post=18247"}],"version-history":[{"count":2,"href":"https:\/\/labunie.com.pl\/index.php?rest_route=\/wp\/v2\/posts\/18247\/revisions"}],"predecessor-version":[{"id":18271,"href":"https:\/\/labunie.com.pl\/index.php?rest_route=\/wp\/v2\/posts\/18247\/revisions\/18271"}],"wp:featuredmedia":[{"embeddable":true,"href":"https:\/\/labunie.com.pl\/index.php?rest_route=\/wp\/v2\/media\/18249"}],"wp:attachment":[{"href":"https:\/\/labunie.com.pl\/index.php?rest_route=%2Fwp%2Fv2%2Fmedia&parent=18247"}],"wp:term":[{"taxonomy":"category","embeddable":true,"href":"https:\/\/labunie.com.pl\/index.php?rest_route=%2Fwp%2Fv2%2Fcategories&post=18247"},{"taxonomy":"post_tag","embeddable":true,"href":"https:\/\/labunie.com.pl\/index.php?rest_route=%2Fwp%2Fv2%2Ftags&post=18247"}],"curies":[{"name":"wp","href":"https:\/\/api.w.org\/{rel}","templated":true}]}}