{"id":18274,"date":"2020-07-20T08:30:44","date_gmt":"2020-07-20T06:30:44","guid":{"rendered":"https:\/\/www.labunie.com.pl\/?p=18274"},"modified":"2020-07-20T08:30:44","modified_gmt":"2020-07-20T06:30:44","slug":"ekolubelskie-2020","status":"publish","type":"post","link":"https:\/\/labunie.com.pl\/?p=18274","title":{"rendered":"Ekolubelskie 2020"},"content":{"rendered":"\n<h3><strong>Urz\u0105d Marsza\u0142kowski Wojew\u00f3dztwa Lubelskiego w Lublinie organizuje pierwsz\u0105 edycj\u0119 konkursu na najlepsze gospodarstwo ekologiczne \u201eEkolubelskie 2020\u201d. Zwyci\u0119zcy otrzymaj\u0105 tytu\u0142 \u201eLubelski Ekorolnik 2020\u201d. <\/strong><\/h3>\n\n\n\n<div style=\"height:20px\" aria-hidden=\"true\" class=\"wp-block-spacer\"><\/div>\n\n\n\n<!--more-->\n\n\n\n<p>Urz\u0105d Marsza\u0142kowski zaprasza do udzia\u0142u w konkursie rolnik\u00f3w ekologicznych z wojew\u00f3dztwa lubelskiego, kt\u00f3rzy posiadaj\u0105 aktualny certyfikat wydany przez upowa\u017cnion\u0105 jednostk\u0119 certyfikuj\u0105c\u0105 i wytwarzaj\u0105 produkty rolnictwa ekologicznego, przedsi\u0119biorc\u00f3w rolnych, przetw\u00f3rc\u00f3w produkt\u00f3w ekologicznych, producent\u00f3w i sprzedawc\u00f3w p\u0142od\u00f3w rolnych MOL, RHD.<\/p>\n<p>Szczeg\u00f3\u0142owe zasady udzia\u0142u w konkursie okre\u015bla Regulamin Konkursu.<\/p>\n<p><strong>Konkurs, ze wzgl\u0119du na zagro\u017cenie epidemiczne, odbywa si\u0119 bez wizytacji w gospodarstwach, dlatego te\u017c niezb\u0119dne jest przes\u0142anie szerokiej dokumentacji osi\u0105ganych wynik\u00f3w i sukces\u00f3w zwi\u0105zanych z gospodarstwem. Dodatkowo punktowane b\u0119dzie do\u0142\u0105czenie do zg\u0142oszenia filmu promuj\u0105cego gospodarstwo.<\/strong><\/p>\n<p>Wyboru zwyci\u0119zc\u00f3w dokona kapitu\u0142a konkursowa z\u0142o\u017cona z przedstawicieli organizatora oraz bran\u017cowych ekspert\u00f3w. Laureat\u00f3w tytu\u0142u poznamy podczas uroczystej gali w Lubelskim Centrum Konferencyjnym w Lublinie. B\u0119d\u0105 tu na nich czeka\u0107 statuetki i atrakcyjne nagrody rzeczowe.<\/p>\n<p><strong>Rolnicy mog\u0105 zg\u0142asza\u0107 si\u0119 do konkursu sami. Swoich kandydat\u00f3w mog\u0105 te\u017c typowa\u0107 r\u00f3\u017cne instytucje rolnicze, zwi\u0105zki i zrzeszenia, jak r\u00f3wnie\u017c samorz\u0105dy powiatowe i gminne, kt\u00f3re serdecznie zapraszamy do wsp\u00f3\u0142pracy!<\/strong><\/p>\n<p>Zg\u0142oszenia nale\u017cy przesy\u0142a\u0107 do<strong> 27 lipca 2020 r.<\/strong> (decyduje data wp\u0142ywu do Urz\u0119du Marsza\u0142kowskiego Wojew\u00f3dztwa Lubelskiego w Lublinie \u2013 stempla z Kancelarii Og\u00f3lnej UMWL w Lublinie) na adres:<\/p>\n<p>Urz\u0105d Marsza\u0142kowski Wojew\u00f3dztwa Lubelskiego w Lublinie<br \/>ul. Artura Grottgera 4,<br \/>20-029 Lublin<\/p>\n<p><strong>z dopiskiem: \u201eEkolubelskie 2020\u201d<\/strong><\/p>\n<p>Dodatkowych informacji w sprawie konkursu udziela p. Danuta Sobich, pracownik Departamentu Rolnictwa i Rozwoju Obszar\u00f3w Wiejskich \u2013 tel. (81) 44 16 701.<\/p>\n<p>Regulamin konkursu i formularz zg\u0142oszeniowy do pobrania na:<\/p>\n\n\n\n<div style=\"height:20px\" aria-hidden=\"true\" class=\"wp-block-spacer\"><\/div>\n\n\n\n<p><a href=\"https:\/\/www.lubelskie.pl\/aktualnosci\/rusza-i-edycja-konkursu-ekolubelskie-2020\/\"><strong><span style=\"color:#0693e3\" class=\"tadv-color\">https:\/\/www.lubelskie.pl\/aktualnosci\/rusza-i-edycja-konkursu-ekolubelskie-2020\/<\/span><\/strong><\/a><\/p>\n","protected":false},"excerpt":{"rendered":"<p>Urz\u0105d Marsza\u0142kowski Wojew\u00f3dztwa Lubelskiego w Lublinie organizuje pierwsz\u0105 edycj\u0119 konkursu na najlepsze gospodarstwo ekologiczne \u201eEkolubelskie 2020\u201d. Zwyci\u0119zcy otrzymaj\u0105 tytu\u0142 \u201eLubelski Ekorolnik 2020\u201d.<\/p>\n","protected":false},"author":11,"featured_media":18276,"comment_status":"closed","ping_status":"closed","sticky":false,"template":"","format":"standard","meta":{"footnotes":""},"categories":[1],"tags":[],"class_list":["post-18274","post","type-post","status-publish","format-standard","has-post-thumbnail","hentry","category-wpisy","clearfix"],"_links":{"self":[{"href":"https:\/\/labunie.com.pl\/index.php?rest_route=\/wp\/v2\/posts\/18274","targetHints":{"allow":["GET"]}}],"collection":[{"href":"https:\/\/labunie.com.pl\/index.php?rest_route=\/wp\/v2\/posts"}],"about":[{"href":"https:\/\/labunie.com.pl\/index.php?rest_route=\/wp\/v2\/types\/post"}],"author":[{"embeddable":true,"href":"https:\/\/labunie.com.pl\/index.php?rest_route=\/wp\/v2\/users\/11"}],"replies":[{"embeddable":true,"href":"https:\/\/labunie.com.pl\/index.php?rest_route=%2Fwp%2Fv2%2Fcomments&post=18274"}],"version-history":[{"count":1,"href":"https:\/\/labunie.com.pl\/index.php?rest_route=\/wp\/v2\/posts\/18274\/revisions"}],"predecessor-version":[{"id":18275,"href":"https:\/\/labunie.com.pl\/index.php?rest_route=\/wp\/v2\/posts\/18274\/revisions\/18275"}],"wp:featuredmedia":[{"embeddable":true,"href":"https:\/\/labunie.com.pl\/index.php?rest_route=\/wp\/v2\/media\/18276"}],"wp:attachment":[{"href":"https:\/\/labunie.com.pl\/index.php?rest_route=%2Fwp%2Fv2%2Fmedia&parent=18274"}],"wp:term":[{"taxonomy":"category","embeddable":true,"href":"https:\/\/labunie.com.pl\/index.php?rest_route=%2Fwp%2Fv2%2Fcategories&post=18274"},{"taxonomy":"post_tag","embeddable":true,"href":"https:\/\/labunie.com.pl\/index.php?rest_route=%2Fwp%2Fv2%2Ftags&post=18274"}],"curies":[{"name":"wp","href":"https:\/\/api.w.org\/{rel}","templated":true}]}}