{"id":18298,"date":"2020-07-28T14:04:46","date_gmt":"2020-07-28T12:04:46","guid":{"rendered":"https:\/\/www.labunie.com.pl\/?p=18298"},"modified":"2020-07-29T09:18:00","modified_gmt":"2020-07-29T07:18:00","slug":"dofinansowanie-na-energooszczedne-oswietlenie","status":"publish","type":"post","link":"https:\/\/labunie.com.pl\/?p=18298","title":{"rendered":"Dofinansowanie na energooszcz\u0119dne o\u015bwietlenie"},"content":{"rendered":"\n<p><strong>Prawie 300 tys. z\u0142 wsparcia z funduszy europejskich otrzyma\u0142a gmina \u0141abunie na energooszcz\u0119dne o\u015bwietlenie uliczne. W pi\u0105tek, 24 lipca W\u00f3jt Gminy \u0141abunie &#8211; Mariusz Kukie\u0142ka odebra\u0142 od Marsza\u0142ka Wojew\u00f3dztwa Lubelskiego &#8211; Jaros\u0142awa Stawiarskiego umow\u0119 na dofinansowanie inwestycji.<\/strong><\/p>\n\n\n\n<div style=\"height:20px\" aria-hidden=\"true\" class=\"wp-block-spacer\"><\/div>\n\n\n\n<!--more-->\n\n\n\n<p>Gmina \u0141abunie otrzyma\u0142a dofinansowanie unijne na realizacj\u0119 zadania pn. &#8220;Modernizacja i wymiana o\u015bwietlenia ulicznego na terenie gminy \u0141abunie&#8221;. Kwota wsparcia z funduszy zewn\u0119trznych to prawie 300 tys. z\u0142. Warto\u015b\u0107 ca\u0142ej inwestycji wynosi ponad 420 tys. z\u0142. Za te pieni\u0105dze na terenie gminy \u0141abunie zostanie wymienione o\u015bwietlenie na ledowe. Pojawi si\u0119 w cz\u0119\u015bci Majdanu Ruszowskiego, Barchaczowa oraz na cz\u0119\u015bci ulic w \u0141abuniach (osiedle).<\/p>\n<p>Inwestycja b\u0119dzie realizowana z funduszy pozyskanych z Regionalnego Programu Operacyjnego Wojew\u00f3dztwa Lubelskiego na lata 2014-2020 w ramach Dzia\u0142ania 5.5. Promocja niskoemisyjno\u015bci. Na 88 z\u0142o\u017conych wniosk\u00f3w gmina \u0141abunie w rankingu projekt\u00f3w znalaz\u0142a si\u0119 na trzecim miejscu.<\/p>\n\n\n\n<div style=\"height:20px\" aria-hidden=\"true\" class=\"wp-block-spacer\"><\/div>\n\n\n\n<figure class=\"wp-block-gallery columns-3 is-cropped wp-block-gallery-1 is-layout-flex wp-block-gallery-is-layout-flex\"><ul class=\"blocks-gallery-grid\"><li class=\"blocks-gallery-item\"><figure><a href=\"https:\/\/www.labunie.com.pl\/wp-content\/uploads\/2020\/07\/DSC_0165-scaled.jpg\" data-rel=\"lightbox-gallery-PwqxuIGt\" data-rl_title=\"\" data-rl_caption=\"\" title=\"\"><img loading=\"lazy\" decoding=\"async\" width=\"1024\" height=\"683\" src=\"https:\/\/www.labunie.com.pl\/wp-content\/uploads\/2020\/07\/DSC_0165-1024x683.jpg\" alt=\"\" data-id=\"18300\" data-full-url=\"https:\/\/www.labunie.com.pl\/wp-content\/uploads\/2020\/07\/DSC_0165-scaled.jpg\" data-link=\"https:\/\/www.labunie.com.pl\/?attachment_id=18300\" class=\"wp-image-18300\" srcset=\"https:\/\/labunie.com.pl\/wp-content\/uploads\/2020\/07\/DSC_0165-1024x683.jpg 1024w, https:\/\/labunie.com.pl\/wp-content\/uploads\/2020\/07\/DSC_0165-300x200.jpg 300w, https:\/\/labunie.com.pl\/wp-content\/uploads\/2020\/07\/DSC_0165-768x512.jpg 768w, https:\/\/labunie.com.pl\/wp-content\/uploads\/2020\/07\/DSC_0165-1536x1024.jpg 1536w, https:\/\/labunie.com.pl\/wp-content\/uploads\/2020\/07\/DSC_0165-2048x1365.jpg 2048w\" sizes=\"auto, (max-width: 1024px) 100vw, 1024px\" \/><\/a><figcaption class=\"blocks-gallery-item__caption\">fot. Piotr W\u00f3jcik\/UMWL<\/figcaption><\/figure><\/li><li class=\"blocks-gallery-item\"><figure><a href=\"https:\/\/www.labunie.com.pl\/wp-content\/uploads\/2020\/07\/DSC_0168-1-scaled.jpg\" data-rel=\"lightbox-gallery-PwqxuIGt\" data-rl_title=\"\" data-rl_caption=\"\" title=\"\"><img loading=\"lazy\" decoding=\"async\" width=\"683\" height=\"1024\" src=\"https:\/\/www.labunie.com.pl\/wp-content\/uploads\/2020\/07\/DSC_0168-1-683x1024.jpg\" alt=\"\" data-id=\"18301\" data-full-url=\"https:\/\/www.labunie.com.pl\/wp-content\/uploads\/2020\/07\/DSC_0168-1-scaled.jpg\" data-link=\"https:\/\/www.labunie.com.pl\/?attachment_id=18301\" class=\"wp-image-18301\" srcset=\"https:\/\/labunie.com.pl\/wp-content\/uploads\/2020\/07\/DSC_0168-1-683x1024.jpg 683w, https:\/\/labunie.com.pl\/wp-content\/uploads\/2020\/07\/DSC_0168-1-200x300.jpg 200w, https:\/\/labunie.com.pl\/wp-content\/uploads\/2020\/07\/DSC_0168-1-768x1152.jpg 768w, https:\/\/labunie.com.pl\/wp-content\/uploads\/2020\/07\/DSC_0168-1-1024x1536.jpg 1024w, https:\/\/labunie.com.pl\/wp-content\/uploads\/2020\/07\/DSC_0168-1-1365x2048.jpg 1365w, https:\/\/labunie.com.pl\/wp-content\/uploads\/2020\/07\/DSC_0168-1-scaled.jpg 1707w\" sizes=\"auto, (max-width: 683px) 100vw, 683px\" \/><\/a><figcaption class=\"blocks-gallery-item__caption\">fot. Piotr W\u00f3jcik\/UMWL<\/figcaption><\/figure><\/li><li class=\"blocks-gallery-item\"><figure><a href=\"https:\/\/www.labunie.com.pl\/wp-content\/uploads\/2020\/07\/DSC_0179-scaled.jpg\" data-rel=\"lightbox-gallery-PwqxuIGt\" data-rl_title=\"\" data-rl_caption=\"\" title=\"\"><img loading=\"lazy\" decoding=\"async\" width=\"1024\" height=\"683\" src=\"https:\/\/www.labunie.com.pl\/wp-content\/uploads\/2020\/07\/DSC_0179-1024x683.jpg\" alt=\"\" data-id=\"18302\" data-full-url=\"https:\/\/www.labunie.com.pl\/wp-content\/uploads\/2020\/07\/DSC_0179-scaled.jpg\" data-link=\"https:\/\/www.labunie.com.pl\/?attachment_id=18302\" class=\"wp-image-18302\" srcset=\"https:\/\/labunie.com.pl\/wp-content\/uploads\/2020\/07\/DSC_0179-1024x683.jpg 1024w, https:\/\/labunie.com.pl\/wp-content\/uploads\/2020\/07\/DSC_0179-300x200.jpg 300w, https:\/\/labunie.com.pl\/wp-content\/uploads\/2020\/07\/DSC_0179-768x512.jpg 768w, https:\/\/labunie.com.pl\/wp-content\/uploads\/2020\/07\/DSC_0179-1536x1024.jpg 1536w, https:\/\/labunie.com.pl\/wp-content\/uploads\/2020\/07\/DSC_0179-2048x1365.jpg 2048w\" sizes=\"auto, (max-width: 1024px) 100vw, 1024px\" \/><\/a><figcaption class=\"blocks-gallery-item__caption\">fot. Piotr W\u00f3jcik\/UMWL<\/figcaption><\/figure><\/li><\/ul><\/figure>\n","protected":false},"excerpt":{"rendered":"<p>Prawie 300 tys. z\u0142 wsparcia z funduszy europejskich otrzyma\u0142a gmina \u0141abunie na energooszcz\u0119dne o\u015bwietlenie uliczne. W pi\u0105tek, 24 lipca W\u00f3jt Gminy \u0141abunie &#8211; Mariusz Kukie\u0142ka odebra\u0142 od Marsza\u0142ka Wojew\u00f3dztwa Lubelskiego &#8211; Jaros\u0142awa Stawiarskiego umow\u0119 na dofinansowanie inwestycji.<\/p>\n","protected":false},"author":11,"featured_media":18308,"comment_status":"closed","ping_status":"closed","sticky":false,"template":"","format":"standard","meta":{"footnotes":""},"categories":[1],"tags":[],"class_list":["post-18298","post","type-post","status-publish","format-standard","has-post-thumbnail","hentry","category-wpisy","clearfix"],"_links":{"self":[{"href":"https:\/\/labunie.com.pl\/index.php?rest_route=\/wp\/v2\/posts\/18298","targetHints":{"allow":["GET"]}}],"collection":[{"href":"https:\/\/labunie.com.pl\/index.php?rest_route=\/wp\/v2\/posts"}],"about":[{"href":"https:\/\/labunie.com.pl\/index.php?rest_route=\/wp\/v2\/types\/post"}],"author":[{"embeddable":true,"href":"https:\/\/labunie.com.pl\/index.php?rest_route=\/wp\/v2\/users\/11"}],"replies":[{"embeddable":true,"href":"https:\/\/labunie.com.pl\/index.php?rest_route=%2Fwp%2Fv2%2Fcomments&post=18298"}],"version-history":[{"count":4,"href":"https:\/\/labunie.com.pl\/index.php?rest_route=\/wp\/v2\/posts\/18298\/revisions"}],"predecessor-version":[{"id":18306,"href":"https:\/\/labunie.com.pl\/index.php?rest_route=\/wp\/v2\/posts\/18298\/revisions\/18306"}],"wp:featuredmedia":[{"embeddable":true,"href":"https:\/\/labunie.com.pl\/index.php?rest_route=\/wp\/v2\/media\/18308"}],"wp:attachment":[{"href":"https:\/\/labunie.com.pl\/index.php?rest_route=%2Fwp%2Fv2%2Fmedia&parent=18298"}],"wp:term":[{"taxonomy":"category","embeddable":true,"href":"https:\/\/labunie.com.pl\/index.php?rest_route=%2Fwp%2Fv2%2Fcategories&post=18298"},{"taxonomy":"post_tag","embeddable":true,"href":"https:\/\/labunie.com.pl\/index.php?rest_route=%2Fwp%2Fv2%2Ftags&post=18298"}],"curies":[{"name":"wp","href":"https:\/\/api.w.org\/{rel}","templated":true}]}}