{"id":18358,"date":"2020-07-31T09:42:02","date_gmt":"2020-07-31T07:42:02","guid":{"rendered":"https:\/\/www.labunie.com.pl\/?p=18358"},"modified":"2020-08-03T07:33:17","modified_gmt":"2020-08-03T05:33:17","slug":"pozegnanie-kierownika-biblioteki","status":"publish","type":"post","link":"https:\/\/labunie.com.pl\/?p=18358","title":{"rendered":"Po\u017cegnanie kierownika biblioteki"},"content":{"rendered":"\n<p><strong>Bogdan Szyku\u0142a &#8211; kierownik Biblioteki Publicznej Gminy \u0141abunie odszed\u0142 na emerytur\u0119. W czwartek, 30 lipca odby\u0142o si\u0119 uroczyste po\u017cegnanie.<\/strong><\/p>\n\n\n\n<div style=\"height:20px\" aria-hidden=\"true\" class=\"wp-block-spacer\"><\/div>\n\n\n\n<!--more-->\n\n\n\n<p>Uroczyste po\u017cegnanie odby\u0142o si\u0119 w siedzibie biblioteki. Wieloletniego kierownika plac\u00f3wki &#8211; Bogdana Szyku\u0142\u0119 po\u017cegna\u0142 W\u00f3jt Gminy \u0141abunie &#8211; Mariusz Kukie\u0142ka, Przewodnicz\u0105ca Rady Gminy \u0141abunie &#8211; El\u017cbieta Ku\u017ama oraz Zast\u0119pca W\u00f3jta &#8211; Sebastian Pe\u0142ech.<\/p>\n<p>&nbsp;<\/p>\n\n\n\n<div style=\"height:20px\" aria-hidden=\"true\" class=\"wp-block-spacer\"><\/div>\n\n\n\n<p>Pan Bogdan Szyku\u0142a z \u0142abu\u0144sk\u0105 bibliotek\u0105 by\u0142 zwi\u0105zany od 29 lat. Prac\u0119 na stanowisku kierownika tej instytucji rozpocz\u0105\u0142 w 1991 r. W okresie jego urz\u0119dowania plac\u00f3wka przesz\u0142a wiele zmian. Jako jedna z nielicznych prowadzi bogat\u0105 dzia\u0142alno\u015b\u0107 wydawnicz\u0105 po\u015bwi\u0119con\u0105 gminie \u0141abunie. Biblioteka wielokrotnie pozyskiwa\u0142a r\u00f3wnie\u017c dofinansowanie z r\u00f3\u017cnych \u017ar\u00f3de\u0142 m.in. na zakup sprz\u0119tu komputerowego oraz ksi\u0105\u017cek w celu poszerzania zbior\u00f3w bibliotecznych. Instytucja promowa\u0142a czytelnictwo tak\u017ce poprzez inne akcje &#8211; by\u0142a miejscem licznych spotka\u0144 kulturalnych, wystaw, warsztat\u00f3w dla dzieci i m\u0142odzie\u017cy oraz konkurs\u00f3w.<\/p>\n<p>Za tworzenie, upowszechnianie i ochron\u0119 kultury Pan Bogdan Szyku\u0142a w 2006 r. otrzyma\u0142 od Ministra Kultury i Ochrony Dziedzictwa Narodowego odznak\u0119 honorow\u0105 &#8220;Zas\u0142u\u017cony dla Kultury Polskiej&#8221;.<\/p>\n\n\n\n<div style=\"height:20px\" aria-hidden=\"true\" class=\"wp-block-spacer\"><\/div>\n\n\n\n<p>Dzia\u0142alno\u015b\u0107 wydawnicza i rozw\u00f3j Biblioteki Publicznej Gminy \u0141abunie b\u0119dzie nadal kontynuowany. Od 1 sierpnia stanowisko dyrektora plac\u00f3wki obejmie Agnieszka Szyku\u0142a-\u017bygawska. Jest absolwentk\u0105 Liceum Plastycznego w Zamo\u015bciu, edukacji artystycznej&nbsp; w zakresie sztuk plastycznych w Instytucie Sztuki UMCS i Historii Sztuki w KUL.&nbsp; Uzyska\u0142a doktorat z historii sztuki. Jest autork\u0105 oraz wsp\u00f3\u0142autork\u0105 kilku ksi\u0105\u017cek oraz kilkuset artyku\u0142\u00f3w o historii, sztuce i kulturze materialnej.<\/p>\n\n\n\n<div style=\"height:20px\" aria-hidden=\"true\" class=\"wp-block-spacer\"><\/div>\n\n\n\n<figure class=\"wp-block-gallery columns-0 is-cropped wp-block-gallery-1 is-layout-flex wp-block-gallery-is-layout-flex\"><ul class=\"blocks-gallery-grid\"><\/ul><\/figure>\n\n\n\n<figure class=\"wp-block-gallery columns-3 is-cropped wp-block-gallery-2 is-layout-flex wp-block-gallery-is-layout-flex\"><ul class=\"blocks-gallery-grid\"><li class=\"blocks-gallery-item\"><figure><a href=\"https:\/\/www.labunie.com.pl\/wp-content\/uploads\/2020\/07\/Image00001-21.jpg\" data-rel=\"lightbox-gallery-jjqjHRXn\" data-rl_title=\"\" data-rl_caption=\"\" title=\"\"><img loading=\"lazy\" decoding=\"async\" width=\"1024\" height=\"768\" src=\"https:\/\/www.labunie.com.pl\/wp-content\/uploads\/2020\/07\/Image00001-21-1024x768.jpg\" alt=\"\" data-id=\"18363\" data-full-url=\"https:\/\/www.labunie.com.pl\/wp-content\/uploads\/2020\/07\/Image00001-21.jpg\" data-link=\"https:\/\/www.labunie.com.pl\/?attachment_id=18363\" class=\"wp-image-18363\" srcset=\"https:\/\/labunie.com.pl\/wp-content\/uploads\/2020\/07\/Image00001-21-1024x768.jpg 1024w, https:\/\/labunie.com.pl\/wp-content\/uploads\/2020\/07\/Image00001-21-300x225.jpg 300w, https:\/\/labunie.com.pl\/wp-content\/uploads\/2020\/07\/Image00001-21-768x576.jpg 768w, https:\/\/labunie.com.pl\/wp-content\/uploads\/2020\/07\/Image00001-21-1536x1152.jpg 1536w, https:\/\/labunie.com.pl\/wp-content\/uploads\/2020\/07\/Image00001-21.jpg 2000w\" sizes=\"auto, (max-width: 1024px) 100vw, 1024px\" \/><\/a><\/figure><\/li><li class=\"blocks-gallery-item\"><figure><a href=\"https:\/\/www.labunie.com.pl\/wp-content\/uploads\/2020\/07\/Image00002-2.jpg\" data-rel=\"lightbox-gallery-jjqjHRXn\" data-rl_title=\"\" data-rl_caption=\"\" title=\"\"><img loading=\"lazy\" decoding=\"async\" width=\"1024\" height=\"768\" src=\"https:\/\/www.labunie.com.pl\/wp-content\/uploads\/2020\/07\/Image00002-2-1024x768.jpg\" alt=\"\" data-id=\"18364\" data-full-url=\"https:\/\/www.labunie.com.pl\/wp-content\/uploads\/2020\/07\/Image00002-2.jpg\" data-link=\"https:\/\/www.labunie.com.pl\/?attachment_id=18364\" class=\"wp-image-18364\" srcset=\"https:\/\/labunie.com.pl\/wp-content\/uploads\/2020\/07\/Image00002-2-1024x768.jpg 1024w, https:\/\/labunie.com.pl\/wp-content\/uploads\/2020\/07\/Image00002-2-300x225.jpg 300w, https:\/\/labunie.com.pl\/wp-content\/uploads\/2020\/07\/Image00002-2-768x576.jpg 768w, https:\/\/labunie.com.pl\/wp-content\/uploads\/2020\/07\/Image00002-2-1536x1152.jpg 1536w, https:\/\/labunie.com.pl\/wp-content\/uploads\/2020\/07\/Image00002-2.jpg 2000w\" sizes=\"auto, (max-width: 1024px) 100vw, 1024px\" \/><\/a><\/figure><\/li><li class=\"blocks-gallery-item\"><figure><a href=\"https:\/\/www.labunie.com.pl\/wp-content\/uploads\/2020\/07\/Image00003-1.jpg\" data-rel=\"lightbox-gallery-jjqjHRXn\" data-rl_title=\"\" data-rl_caption=\"\" title=\"\"><img loading=\"lazy\" decoding=\"async\" width=\"1024\" height=\"768\" src=\"https:\/\/www.labunie.com.pl\/wp-content\/uploads\/2020\/07\/Image00003-1-1024x768.jpg\" alt=\"\" data-id=\"18365\" data-full-url=\"https:\/\/www.labunie.com.pl\/wp-content\/uploads\/2020\/07\/Image00003-1.jpg\" data-link=\"https:\/\/www.labunie.com.pl\/?attachment_id=18365\" class=\"wp-image-18365\" srcset=\"https:\/\/labunie.com.pl\/wp-content\/uploads\/2020\/07\/Image00003-1-1024x768.jpg 1024w, https:\/\/labunie.com.pl\/wp-content\/uploads\/2020\/07\/Image00003-1-300x225.jpg 300w, https:\/\/labunie.com.pl\/wp-content\/uploads\/2020\/07\/Image00003-1-768x576.jpg 768w, https:\/\/labunie.com.pl\/wp-content\/uploads\/2020\/07\/Image00003-1-1536x1152.jpg 1536w, https:\/\/labunie.com.pl\/wp-content\/uploads\/2020\/07\/Image00003-1.jpg 2000w\" sizes=\"auto, (max-width: 1024px) 100vw, 1024px\" \/><\/a><\/figure><\/li><li class=\"blocks-gallery-item\"><figure><a href=\"https:\/\/www.labunie.com.pl\/wp-content\/uploads\/2020\/07\/Image00004-1.jpg\" data-rel=\"lightbox-gallery-jjqjHRXn\" data-rl_title=\"\" data-rl_caption=\"\" title=\"\"><img loading=\"lazy\" decoding=\"async\" width=\"1024\" height=\"768\" src=\"https:\/\/www.labunie.com.pl\/wp-content\/uploads\/2020\/07\/Image00004-1-1024x768.jpg\" alt=\"\" data-id=\"18366\" data-full-url=\"https:\/\/www.labunie.com.pl\/wp-content\/uploads\/2020\/07\/Image00004-1.jpg\" data-link=\"https:\/\/www.labunie.com.pl\/?attachment_id=18366\" class=\"wp-image-18366\" srcset=\"https:\/\/labunie.com.pl\/wp-content\/uploads\/2020\/07\/Image00004-1-1024x768.jpg 1024w, https:\/\/labunie.com.pl\/wp-content\/uploads\/2020\/07\/Image00004-1-300x225.jpg 300w, https:\/\/labunie.com.pl\/wp-content\/uploads\/2020\/07\/Image00004-1-768x576.jpg 768w, https:\/\/labunie.com.pl\/wp-content\/uploads\/2020\/07\/Image00004-1-1536x1152.jpg 1536w, https:\/\/labunie.com.pl\/wp-content\/uploads\/2020\/07\/Image00004-1.jpg 2000w\" sizes=\"auto, (max-width: 1024px) 100vw, 1024px\" \/><\/a><\/figure><\/li><\/ul><\/figure>\n","protected":false},"excerpt":{"rendered":"<p>Bogdan Szyku\u0142a &#8211; kierownik Biblioteki Publicznej Gminy \u0141abunie odszed\u0142 na emerytur\u0119. W czwartek, 30 lipca odby\u0142o si\u0119 uroczyste po\u017cegnanie.<\/p>\n","protected":false},"author":11,"featured_media":18362,"comment_status":"closed","ping_status":"closed","sticky":false,"template":"","format":"standard","meta":{"footnotes":""},"categories":[1],"tags":[],"class_list":["post-18358","post","type-post","status-publish","format-standard","has-post-thumbnail","hentry","category-wpisy","clearfix"],"_links":{"self":[{"href":"https:\/\/labunie.com.pl\/index.php?rest_route=\/wp\/v2\/posts\/18358","targetHints":{"allow":["GET"]}}],"collection":[{"href":"https:\/\/labunie.com.pl\/index.php?rest_route=\/wp\/v2\/posts"}],"about":[{"href":"https:\/\/labunie.com.pl\/index.php?rest_route=\/wp\/v2\/types\/post"}],"author":[{"embeddable":true,"href":"https:\/\/labunie.com.pl\/index.php?rest_route=\/wp\/v2\/users\/11"}],"replies":[{"embeddable":true,"href":"https:\/\/labunie.com.pl\/index.php?rest_route=%2Fwp%2Fv2%2Fcomments&post=18358"}],"version-history":[{"count":5,"href":"https:\/\/labunie.com.pl\/index.php?rest_route=\/wp\/v2\/posts\/18358\/revisions"}],"predecessor-version":[{"id":18378,"href":"https:\/\/labunie.com.pl\/index.php?rest_route=\/wp\/v2\/posts\/18358\/revisions\/18378"}],"wp:featuredmedia":[{"embeddable":true,"href":"https:\/\/labunie.com.pl\/index.php?rest_route=\/wp\/v2\/media\/18362"}],"wp:attachment":[{"href":"https:\/\/labunie.com.pl\/index.php?rest_route=%2Fwp%2Fv2%2Fmedia&parent=18358"}],"wp:term":[{"taxonomy":"category","embeddable":true,"href":"https:\/\/labunie.com.pl\/index.php?rest_route=%2Fwp%2Fv2%2Fcategories&post=18358"},{"taxonomy":"post_tag","embeddable":true,"href":"https:\/\/labunie.com.pl\/index.php?rest_route=%2Fwp%2Fv2%2Ftags&post=18358"}],"curies":[{"name":"wp","href":"https:\/\/api.w.org\/{rel}","templated":true}]}}