{"id":18405,"date":"2020-08-04T13:29:29","date_gmt":"2020-08-04T11:29:29","guid":{"rendered":"https:\/\/labunie.com.pl\/?p=18405"},"modified":"2020-08-07T11:12:02","modified_gmt":"2020-08-07T09:12:02","slug":"nowy-dyrektor-biblioteki-w-labuniach","status":"publish","type":"post","link":"https:\/\/labunie.com.pl\/?p=18405","title":{"rendered":"Nowy dyrektor biblioteki w \u0141abuniach"},"content":{"rendered":"\n<p><strong>Agnieszka Szyku\u0142a-\u017bygawska zosta\u0142a dyrektorem Biblioteki Publicznej Gminy \u0141abunie. Zast\u0105pi\u0142a na tym stanowisku Bogdana Szyku\u0142\u0119, kt\u00f3ry po 29 latach pracy w tej plac\u00f3wce odszed\u0142 na emerytur\u0119.<\/strong><\/p>\n\n\n\n<div style=\"height:20px\" aria-hidden=\"true\" class=\"wp-block-spacer\"><\/div>\n\n\n\n<!--more-->\n\n\n\n<p>Oficjalnego powitania dokona\u0142 W\u00f3jt Gminy \u0141abunie &#8211; Mariusz Kukie\u0142ka oraz Przewodnicz\u0105ca Rady Gminy &#8211; El\u017cbieta Ku\u017ama.<\/p>\n<p>Agnieszka Szyku\u0142a-\u017bygawska jest absolwentk\u0105 Liceum Plastycznego w Zamo\u015bciu, edukacji artystycznej w zakresie sztuk plastycznych w Instytucie Sztuki UMCS i Historii Sztuki w KUL. Uzyska\u0142a doktorat z historii sztuki. Za rozpraw\u0119 doktorsk\u0105 pt. &#8220;Rze\u017aba sakralna w kr\u0119gu wp\u0142yw\u00f3w Ordynacji Zamoyskiej 1589-1806\u201d zosta\u0142a w 2011 r. uhonorowana na gda\u0144skiej LX Og\u00f3lnopolskiej Sesji Stowarzyszenia Historyk\u00f3w Sztuki. Rok p\u00f3\u017aniej zosta\u0142a stypendystk\u0105 Prezydenta Miasta Zamo\u015b\u0107. Jest autork\u0105 oraz wsp\u00f3\u0142autork\u0105 kilku ksi\u0105\u017cek oraz kilkuset artyku\u0142\u00f3w o historii, sztuce i kulturze materialnej. Wiele publikacji jej autorstwa dotyczy\u0142o gminy \u0141abunie. <\/p>\n\n\n\n<div style=\"height:20px\" aria-hidden=\"true\" class=\"wp-block-spacer\"><\/div>\n\n\n\n\n\n<figure class=\"wp-block-gallery columns-2 is-cropped wp-block-gallery-1 is-layout-flex wp-block-gallery-is-layout-flex\"><ul class=\"blocks-gallery-grid\"><li class=\"blocks-gallery-item\"><figure><a href=\"https:\/\/labunie.com.pl\/wp-content\/uploads\/2020\/08\/IMG_7933-scaled.jpg\" data-rel=\"lightbox-gallery-YWbO548i\" data-rl_title=\"\" data-rl_caption=\"\" title=\"\"><img loading=\"lazy\" decoding=\"async\" width=\"1024\" height=\"768\" src=\"https:\/\/labunie.com.pl\/wp-content\/uploads\/2020\/08\/IMG_7933-1024x768.jpg\" alt=\"\" data-id=\"18407\" data-full-url=\"https:\/\/labunie.com.pl\/wp-content\/uploads\/2020\/08\/IMG_7933-scaled.jpg\" data-link=\"https:\/\/labunie.com.pl\/?attachment_id=18407\" class=\"wp-image-18407\" srcset=\"https:\/\/labunie.com.pl\/wp-content\/uploads\/2020\/08\/IMG_7933-1024x768.jpg 1024w, https:\/\/labunie.com.pl\/wp-content\/uploads\/2020\/08\/IMG_7933-300x225.jpg 300w, https:\/\/labunie.com.pl\/wp-content\/uploads\/2020\/08\/IMG_7933-768x576.jpg 768w, https:\/\/labunie.com.pl\/wp-content\/uploads\/2020\/08\/IMG_7933-1536x1152.jpg 1536w, https:\/\/labunie.com.pl\/wp-content\/uploads\/2020\/08\/IMG_7933-2048x1536.jpg 2048w\" sizes=\"auto, (max-width: 1024px) 100vw, 1024px\" \/><\/a><\/figure><\/li><li class=\"blocks-gallery-item\"><figure><a href=\"https:\/\/labunie.com.pl\/wp-content\/uploads\/2020\/08\/IMG_7934-scaled.jpg\" data-rel=\"lightbox-gallery-YWbO548i\" data-rl_title=\"\" data-rl_caption=\"\" title=\"\"><img loading=\"lazy\" decoding=\"async\" width=\"1024\" height=\"768\" src=\"https:\/\/labunie.com.pl\/wp-content\/uploads\/2020\/08\/IMG_7934-1024x768.jpg\" alt=\"\" data-id=\"18408\" data-full-url=\"https:\/\/labunie.com.pl\/wp-content\/uploads\/2020\/08\/IMG_7934-scaled.jpg\" data-link=\"https:\/\/labunie.com.pl\/?attachment_id=18408\" class=\"wp-image-18408\" srcset=\"https:\/\/labunie.com.pl\/wp-content\/uploads\/2020\/08\/IMG_7934-1024x768.jpg 1024w, https:\/\/labunie.com.pl\/wp-content\/uploads\/2020\/08\/IMG_7934-300x225.jpg 300w, https:\/\/labunie.com.pl\/wp-content\/uploads\/2020\/08\/IMG_7934-768x576.jpg 768w, https:\/\/labunie.com.pl\/wp-content\/uploads\/2020\/08\/IMG_7934-1536x1152.jpg 1536w, https:\/\/labunie.com.pl\/wp-content\/uploads\/2020\/08\/IMG_7934-2048x1536.jpg 2048w\" sizes=\"auto, (max-width: 1024px) 100vw, 1024px\" \/><\/a><\/figure><\/li><\/ul><\/figure>\n","protected":false},"excerpt":{"rendered":"<p>Agnieszka Szyku\u0142a-\u017bygawska zosta\u0142a dyrektorem Biblioteki Publicznej Gminy \u0141abunie. Zast\u0105pi\u0142a na tym stanowisku Bogdana Szyku\u0142\u0119, kt\u00f3ry po 29 latach pracy w tej plac\u00f3wce odszed\u0142 na emerytur\u0119.<\/p>\n","protected":false},"author":11,"featured_media":18410,"comment_status":"closed","ping_status":"closed","sticky":false,"template":"","format":"standard","meta":{"footnotes":""},"categories":[1],"tags":[],"class_list":["post-18405","post","type-post","status-publish","format-standard","has-post-thumbnail","hentry","category-wpisy","clearfix"],"_links":{"self":[{"href":"https:\/\/labunie.com.pl\/index.php?rest_route=\/wp\/v2\/posts\/18405","targetHints":{"allow":["GET"]}}],"collection":[{"href":"https:\/\/labunie.com.pl\/index.php?rest_route=\/wp\/v2\/posts"}],"about":[{"href":"https:\/\/labunie.com.pl\/index.php?rest_route=\/wp\/v2\/types\/post"}],"author":[{"embeddable":true,"href":"https:\/\/labunie.com.pl\/index.php?rest_route=\/wp\/v2\/users\/11"}],"replies":[{"embeddable":true,"href":"https:\/\/labunie.com.pl\/index.php?rest_route=%2Fwp%2Fv2%2Fcomments&post=18405"}],"version-history":[{"count":2,"href":"https:\/\/labunie.com.pl\/index.php?rest_route=\/wp\/v2\/posts\/18405\/revisions"}],"predecessor-version":[{"id":18409,"href":"https:\/\/labunie.com.pl\/index.php?rest_route=\/wp\/v2\/posts\/18405\/revisions\/18409"}],"wp:featuredmedia":[{"embeddable":true,"href":"https:\/\/labunie.com.pl\/index.php?rest_route=\/wp\/v2\/media\/18410"}],"wp:attachment":[{"href":"https:\/\/labunie.com.pl\/index.php?rest_route=%2Fwp%2Fv2%2Fmedia&parent=18405"}],"wp:term":[{"taxonomy":"category","embeddable":true,"href":"https:\/\/labunie.com.pl\/index.php?rest_route=%2Fwp%2Fv2%2Fcategories&post=18405"},{"taxonomy":"post_tag","embeddable":true,"href":"https:\/\/labunie.com.pl\/index.php?rest_route=%2Fwp%2Fv2%2Ftags&post=18405"}],"curies":[{"name":"wp","href":"https:\/\/api.w.org\/{rel}","templated":true}]}}