{"id":18420,"date":"2020-08-31T16:50:00","date_gmt":"2020-08-31T14:50:00","guid":{"rendered":"https:\/\/labunie.com.pl\/?p=18420"},"modified":"2020-09-01T08:27:14","modified_gmt":"2020-09-01T06:27:14","slug":"wiktoria1920-zapraszamy-do-udzialu-w-kampanii-spolecznej","status":"publish","type":"post","link":"https:\/\/labunie.com.pl\/?p=18420","title":{"rendered":"#Wiktoria1920 &#8211; zapraszamy do udzia\u0142u w kampanii spo\u0142ecznej"},"content":{"rendered":"\n<p><strong>Biuro Programu \u201eNiepodleg\u0142a&#8221; zaprasza do udzia\u0142u w kampanii zwi\u0105zanej z poszukiwaniem lokalnych pami\u0105tek i nawi\u0105za\u0144 do okresu wojny polsko-bolszewickiej. Zach\u0119camy do odnalezienia w miejscowo\u015bciach&nbsp; gminy \u0141abunie upami\u0119tnie\u0144, skojarze\u0144 i \u015bwiadectw zwi\u0105zanych z wydarzeniami sprzed stu lat, sfotografowania ich i udost\u0119pnienia zdj\u0119cia w mediach spo\u0142eczno\u015bciowych z opisem #Wiktoria1920. Wybrane zdj\u0119cia zostan\u0105 wykorzystane do stworzenia kola\u017cu, kt\u00f3ry upami\u0119tni setn\u0105 rocznic\u0119 wojny polsko-bolszewickiej.<\/strong>&nbsp;<\/p>\n\n\n\n<div style=\"height:20px\" aria-hidden=\"true\" class=\"wp-block-spacer\"><\/div>\n\n\n\n<!--more-->\n\n\n\n<p>Sto lat temu mia\u0142a miejsce jedna z najwa\u017cniejszych zwyci\u0119skich bitew polskiego or\u0119\u017ca, kt\u00f3ra zdecydowa\u0142a nie tylko o przysz\u0142o\u015bci odrodzonej Polski, lecz tak\u017ce przysz\u0142o\u015bci Europy. By\u0142 to kulminacyjny moment trwaj\u0105cej od 1919 roku wojny polsko-bolszewickiej, w kt\u00f3rej walczyli Polacy ze wszystkich region\u00f3w kraju, od \u015bwie\u017co w\u0142\u0105czonego do Polski Pomorza po \u015al\u0105sk, od Wielkopolski po Kresy.<\/p>\n<p>Gdzie jest historia? Wsz\u0119dzie! Mo\u017ce w naszej miejscowo\u015bci jest pomnik upami\u0119tniaj\u0105cy te wydarzenia? A mo\u017ce na dnie szuflady mieszka\u0144c\u00f3w le\u017c\u0105 zdj\u0119cia rodzinne, listy, czy medale z pocz\u0105tk\u00f3w II RP? Mo\u017ce w kredensie u dziadk\u00f3w chowa si\u0119 ozdobny talerz, kt\u00f3ry pami\u0119ta burzliwy rok 1920? Pami\u0105tki rodzinne, zdj\u0119cia, stare dokumenty i listy, przekazywane z pokolenia na pokolenie przedmioty codziennego u\u017cytku, pomniki, wyj\u0105tkowe lokalizacje, zabytki czy nazwy ulic nawi\u0105zuj\u0105cych do wydarze\u0144 wojny polsko-bolszewickiej, a nawet skojarzenia z liczb\u0105 1920. Wystarczy rozejrze\u0107 si\u0119 wok\u00f3\u0142 siebie, by dostrzec, \u017ce otacza nas wi\u0119cej wspomnie\u0144 przesz\u0142o\u015bci, ni\u017c mogliby\u015bmy si\u0119 spodziewa\u0107. Wszelkie kreatywne pomys\u0142y, nawi\u0105zania, wszystko, co mo\u017ce przyj\u015b\u0107 na my\u015bl w zwi\u0105zku ze stuleciem Bitwy Warszawskiej 1920 roku i wojny polsko-bolszewickiej \u2013 mile widziane!<\/p>\n<p>Kampania \u201e#Wiktoria1920&#8243; potrwa do 30 wrze\u015bnia br., a wybrane zdj\u0119cia opublikowane w mediach spo\u0142eczno\u015bciowych z hasztagiem #wiktoria1920 zostan\u0105 wykorzystane do stworzenia wielkoformatowego kola\u017cu uk\u0142adaj\u0105cego si\u0119 w s\u0142owo \u201eWiktoria1920&#8243;, kt\u00f3ry upami\u0119tni setn\u0105 rocznic\u0119 wojny polsko-bolszewickiej.\u00a0<\/p>\n\n\n\n<div style=\"height:20px\" aria-hidden=\"true\" class=\"wp-block-spacer\"><\/div>\n\n\n\n<figure class=\"wp-block-embed-youtube wp-block-embed is-type-video is-provider-youtube wp-embed-aspect-16-9 wp-has-aspect-ratio\"><div class=\"wp-block-embed__wrapper\">\n<iframe loading=\"lazy\" title=\"#Wiktoria1920 - poka\u017c, \u017ce pami\u0119tasz! \/\/ stulecie Bitwy Warszawskiej\" width=\"1280\" height=\"720\" src=\"https:\/\/www.youtube.com\/embed\/oFlEqZ_hSJQ?start=4&#038;feature=oembed\" frameborder=\"0\" allow=\"accelerometer; autoplay; clipboard-write; encrypted-media; gyroscope; picture-in-picture\" allowfullscreen><\/iframe>\n<\/div><\/figure>\n\n\n","protected":false},"excerpt":{"rendered":"<p>Biuro Programu \u201eNiepodleg\u0142a&#8221; zaprasza do udzia\u0142u w kampanii zwi\u0105zanej z poszukiwaniem lokalnych pami\u0105tek i nawi\u0105za\u0144 do okresu wojny polsko-bolszewickiej. Zach\u0119camy do odnalezienia w miejscowo\u015bciach&nbsp; gminy \u0141abunie upami\u0119tnie\u0144, skojarze\u0144 i \u015bwiadectw zwi\u0105zanych z wydarzeniami sprzed stu lat, sfotografowania ich i udost\u0119pnienia zdj\u0119cia w mediach spo\u0142eczno\u015bciowych z opisem #Wiktoria1920. Wybrane zdj\u0119cia zostan\u0105 wykorzystane do stworzenia kola\u017cu, kt\u00f3ry [&hellip;]<\/p>\n","protected":false},"author":11,"featured_media":18422,"comment_status":"closed","ping_status":"closed","sticky":false,"template":"","format":"standard","meta":{"footnotes":""},"categories":[1],"tags":[],"class_list":["post-18420","post","type-post","status-publish","format-standard","has-post-thumbnail","hentry","category-wpisy","clearfix"],"_links":{"self":[{"href":"https:\/\/labunie.com.pl\/index.php?rest_route=\/wp\/v2\/posts\/18420","targetHints":{"allow":["GET"]}}],"collection":[{"href":"https:\/\/labunie.com.pl\/index.php?rest_route=\/wp\/v2\/posts"}],"about":[{"href":"https:\/\/labunie.com.pl\/index.php?rest_route=\/wp\/v2\/types\/post"}],"author":[{"embeddable":true,"href":"https:\/\/labunie.com.pl\/index.php?rest_route=\/wp\/v2\/users\/11"}],"replies":[{"embeddable":true,"href":"https:\/\/labunie.com.pl\/index.php?rest_route=%2Fwp%2Fv2%2Fcomments&post=18420"}],"version-history":[{"count":4,"href":"https:\/\/labunie.com.pl\/index.php?rest_route=\/wp\/v2\/posts\/18420\/revisions"}],"predecessor-version":[{"id":18661,"href":"https:\/\/labunie.com.pl\/index.php?rest_route=\/wp\/v2\/posts\/18420\/revisions\/18661"}],"wp:featuredmedia":[{"embeddable":true,"href":"https:\/\/labunie.com.pl\/index.php?rest_route=\/wp\/v2\/media\/18422"}],"wp:attachment":[{"href":"https:\/\/labunie.com.pl\/index.php?rest_route=%2Fwp%2Fv2%2Fmedia&parent=18420"}],"wp:term":[{"taxonomy":"category","embeddable":true,"href":"https:\/\/labunie.com.pl\/index.php?rest_route=%2Fwp%2Fv2%2Fcategories&post=18420"},{"taxonomy":"post_tag","embeddable":true,"href":"https:\/\/labunie.com.pl\/index.php?rest_route=%2Fwp%2Fv2%2Ftags&post=18420"}],"curies":[{"name":"wp","href":"https:\/\/api.w.org\/{rel}","templated":true}]}}