{"id":18476,"date":"2020-08-12T09:07:49","date_gmt":"2020-08-12T07:07:49","guid":{"rendered":"https:\/\/labunie.com.pl\/?p=18476"},"modified":"2020-08-23T21:58:02","modified_gmt":"2020-08-23T19:58:02","slug":"zaproszenie-na-dozynki-powiatowo-gminne-w-labuniach","status":"publish","type":"post","link":"https:\/\/labunie.com.pl\/?p=18476","title":{"rendered":"Zaproszenie na Do\u017cynki Powiatowo-Gminne w \u0141abuniach"},"content":{"rendered":"\n<p><strong>Starosta Zamojski Pan Stanis\u0142aw Grze\u015bko, Zarz\u0105d Powiatu w Zamo\u015bciu oraz W\u00f3jt Gminy \u0141abunie Pan Mariusz Kukie\u0142ka maj\u0105 zaszczyt zaprosi\u0107<\/strong><br \/><strong>na Powiatowo-Gminne Do\u017cynki, kt\u00f3re odb\u0119d\u0105 si\u0119 w dniu 23 sierpnia 2020 roku w miejscowo\u015bci \u0141abunie.\u00a0 Program &#8211; na plakacie. Prosimy r\u00f3wnie\u017c o zapoznanie si\u0119 z zasadami uczestnictwa podczas wydarzenia.<br \/><\/strong><\/p>\n\n\n\n<div style=\"height:20px\" aria-hidden=\"true\" class=\"wp-block-spacer\"><\/div>\n\n\n\n<!--more-->\n\n\n\n\n\n<figure class=\"wp-block-image size-large\"><img loading=\"lazy\" decoding=\"async\" width=\"711\" height=\"1000\" src=\"https:\/\/labunie.com.pl\/wp-content\/uploads\/2020\/08\/8080b.jpg\" alt=\"\" class=\"wp-image-18477\" srcset=\"https:\/\/labunie.com.pl\/wp-content\/uploads\/2020\/08\/8080b.jpg 711w, https:\/\/labunie.com.pl\/wp-content\/uploads\/2020\/08\/8080b-213x300.jpg 213w\" sizes=\"auto, (max-width: 711px) 100vw, 711px\" \/><\/figure>\n\n\n\n<div style=\"height:39px\" aria-hidden=\"true\" class=\"wp-block-spacer\"><\/div>\n\n\n\n<figure class=\"wp-block-image size-large\"><img loading=\"lazy\" decoding=\"async\" width=\"1024\" height=\"536\" src=\"https:\/\/labunie.com.pl\/wp-content\/uploads\/2020\/08\/8083b-1024x536.jpg\" alt=\"\" class=\"wp-image-18481\" srcset=\"https:\/\/labunie.com.pl\/wp-content\/uploads\/2020\/08\/8083b-1024x536.jpg 1024w, https:\/\/labunie.com.pl\/wp-content\/uploads\/2020\/08\/8083b-300x157.jpg 300w, https:\/\/labunie.com.pl\/wp-content\/uploads\/2020\/08\/8083b-768x402.jpg 768w, https:\/\/labunie.com.pl\/wp-content\/uploads\/2020\/08\/8083b.jpg 1200w\" sizes=\"auto, (max-width: 1024px) 100vw, 1024px\" \/><\/figure>\n\n\n\n<div style=\"height:41px\" aria-hidden=\"true\" class=\"wp-block-spacer\"><\/div>\n\n\n\n\n\n<figure class=\"wp-block-image size-large\"><img loading=\"lazy\" decoding=\"async\" width=\"1024\" height=\"603\" src=\"https:\/\/labunie.com.pl\/wp-content\/uploads\/2020\/08\/dozynki_zasady_uczestnictwa-1024x603.png\" alt=\"\" class=\"wp-image-18485\" srcset=\"https:\/\/labunie.com.pl\/wp-content\/uploads\/2020\/08\/dozynki_zasady_uczestnictwa-1024x603.png 1024w, https:\/\/labunie.com.pl\/wp-content\/uploads\/2020\/08\/dozynki_zasady_uczestnictwa-300x177.png 300w, https:\/\/labunie.com.pl\/wp-content\/uploads\/2020\/08\/dozynki_zasady_uczestnictwa-768x453.png 768w, https:\/\/labunie.com.pl\/wp-content\/uploads\/2020\/08\/dozynki_zasady_uczestnictwa.png 1500w\" sizes=\"auto, (max-width: 1024px) 100vw, 1024px\" \/><\/figure>\n","protected":false},"excerpt":{"rendered":"<p>Starosta Zamojski Pan Stanis\u0142aw Grze\u015bko, Zarz\u0105d Powiatu w Zamo\u015bciu oraz W\u00f3jt Gminy \u0141abunie Pan Mariusz Kukie\u0142ka maj\u0105 zaszczyt zaprosi\u0107na Powiatowo-Gminne Do\u017cynki, kt\u00f3re odb\u0119d\u0105 si\u0119 w dniu 23 sierpnia 2020 roku w miejscowo\u015bci \u0141abunie.\u00a0 Program &#8211; na plakacie. Prosimy r\u00f3wnie\u017c o zapoznanie si\u0119 z zasadami uczestnictwa podczas wydarzenia.<\/p>\n","protected":false},"author":11,"featured_media":18480,"comment_status":"closed","ping_status":"closed","sticky":false,"template":"","format":"standard","meta":{"footnotes":""},"categories":[1],"tags":[],"class_list":["post-18476","post","type-post","status-publish","format-standard","has-post-thumbnail","hentry","category-wpisy","clearfix"],"_links":{"self":[{"href":"https:\/\/labunie.com.pl\/index.php?rest_route=\/wp\/v2\/posts\/18476","targetHints":{"allow":["GET"]}}],"collection":[{"href":"https:\/\/labunie.com.pl\/index.php?rest_route=\/wp\/v2\/posts"}],"about":[{"href":"https:\/\/labunie.com.pl\/index.php?rest_route=\/wp\/v2\/types\/post"}],"author":[{"embeddable":true,"href":"https:\/\/labunie.com.pl\/index.php?rest_route=\/wp\/v2\/users\/11"}],"replies":[{"embeddable":true,"href":"https:\/\/labunie.com.pl\/index.php?rest_route=%2Fwp%2Fv2%2Fcomments&post=18476"}],"version-history":[{"count":4,"href":"https:\/\/labunie.com.pl\/index.php?rest_route=\/wp\/v2\/posts\/18476\/revisions"}],"predecessor-version":[{"id":18486,"href":"https:\/\/labunie.com.pl\/index.php?rest_route=\/wp\/v2\/posts\/18476\/revisions\/18486"}],"wp:featuredmedia":[{"embeddable":true,"href":"https:\/\/labunie.com.pl\/index.php?rest_route=\/wp\/v2\/media\/18480"}],"wp:attachment":[{"href":"https:\/\/labunie.com.pl\/index.php?rest_route=%2Fwp%2Fv2%2Fmedia&parent=18476"}],"wp:term":[{"taxonomy":"category","embeddable":true,"href":"https:\/\/labunie.com.pl\/index.php?rest_route=%2Fwp%2Fv2%2Fcategories&post=18476"},{"taxonomy":"post_tag","embeddable":true,"href":"https:\/\/labunie.com.pl\/index.php?rest_route=%2Fwp%2Fv2%2Ftags&post=18476"}],"curies":[{"name":"wp","href":"https:\/\/api.w.org\/{rel}","templated":true}]}}