{"id":18513,"date":"2020-08-17T09:05:46","date_gmt":"2020-08-17T07:05:46","guid":{"rendered":"https:\/\/www.labunie.com.pl\/?p=18513"},"modified":"2020-08-18T12:58:24","modified_gmt":"2020-08-18T10:58:24","slug":"rajd-rowerowy-relacja","status":"publish","type":"post","link":"https:\/\/labunie.com.pl\/?p=18513","title":{"rendered":"Rajd rowerowy &#8211; relacja"},"content":{"rendered":"\n<p><strong>120 os\u00f3b i ponad 20 km na rowerach, a w mi\u0119dzyczasie zwiedzanie Izby Pami\u0119ci b\u0142. Stanis\u0142awa Kostki Starowieyskiego, pocz\u0119stunek i losowanie nagrody g\u0142\u00f3wnej &#8211; roweru. Za nami rajd rowerowy &#8220;Odjazdowo-rowerowo Dolin\u0105 G\u00f3rnej \u0141abu\u0144ki&#8221;.<\/strong><\/p>\n\n\n\n<div style=\"height:20px\" aria-hidden=\"true\" class=\"wp-block-spacer\"><\/div>\n\n\n\n\n\n<!--more-->\n\n\n\n<p>Rajd rowerowy odby\u0142 si\u0119 w sobot\u0119, 15 sierpnia. Udzia\u0142 w nim wzi\u0119li mieszka\u0144cy gminy \u0141abunie, ale nie tylko. Z roku na rok przybywa os\u00f3b spoza gminy, kt\u00f3re zapisuj\u0105 si\u0119 na to wydarzenie. S\u0105 to mieszka\u0144cy m. in. powiatu zamojskiego i tury\u015bci, kt\u00f3rzy przyje\u017cd\u017caj\u0105 na wakacje odpocz\u0105\u0107 na Zamojszczy\u017anie i Roztoczu.<\/p>\n<p>Uczestnicy wyruszyli spod Remizy OSP w \u0141abu\u0144kach Pierwszych. Tradycyjnie rajd prowadzi\u0142 so\u0142tys \u0141abuniek Pierwszych &#8211; Andrzej Grula. Trasa wiod\u0142a przez Barchacz\u00f3w w kierunku Br\u00f3dka, a tak\u017ce przez \u0141abunie, Rusz\u00f3w, Rusz\u00f3w-Koloni\u0119, Wierzbie i \u0141abu\u0144ki Pierwsze. W trakcie rajdu by\u0142 odpoczynek. Cykli\u015bci zatrzymali si\u0119 przy zabytkowym zespole pa\u0142acowo-parkowym w \u0141abuniach, gdzie zwiedzali Izb\u0119 Pami\u0119ci b\u0142. Stanis\u0142awa Kostki-Starowieyskiego. Uczestnik\u00f3w powita\u0142a inicjatorka powstania Izby &#8211; Siostra Franciszkanka Misjonarka Maryi, Irena Murawska. Opowiedzia\u0142a zebranym o tym, co mo\u017cna zobaczy\u0107 w Izbie i zaprosi\u0142a na indywidualne zwiedzanie miejsca po\u015bwi\u0119conego historii zwi\u0105zanej z gmin\u0105 \u0141abunie.<\/p>\n<p>Po postoju cykli\u015bci wyruszyli w dalsz\u0105 tras\u0119 z niema\u0142\u0105 ilo\u015bci\u0105 podjazd\u00f3w, ale za to widoki rekompensowa\u0142y &#8220;wyczynow\u0105&#8221; jazd\u0119. Na mecie rajdu &#8211; przy zespole pa\u0142acowo-parkowym w \u0141abu\u0144kach Pierwszych Ko\u0142o Gospody\u0144 Wiejskich w \u0141abu\u0144kach Pierwszych zorganizowa\u0142o dla uczestnik\u00f3w rajdu pocz\u0119stunek. Fina\u0142 rajdu to losowanie roweru. Nagrod\u0119 g\u0142\u00f3wn\u0105 ufundowan\u0105 przez W\u00f3jta Gminy \u0141abunie &#8211; Mariusza Kukie\u0142k\u0119 zdoby\u0142a Pani Magdalena Palikot z Zamo\u015bcia.<\/p>\n\n\n\n<div style=\"height:20px\" aria-hidden=\"true\" class=\"wp-block-spacer\"><\/div>\n\n\n\n<p>Organizatorem rajdu by\u0142o Ko\u0142o Gospody\u0144 Wiejskich w \u0141abu\u0144kach Pierwszych, So\u0142tys Andrzej Grula oraz Rada So\u0142ecka. Fundatorem nagrody g\u0142\u00f3wnej by\u0142 W\u00f3jt gminy \u0141abunie.<\/p>\n<p>Dzi\u0119kujemy Posterunkowi Policji w \u0141abuniach oraz stra\u017cakom z OSP \u0141abunie za zabezpieczenie rajdu a tak\u017ce Dyrektorowi Hospicjum Santa Galla \u2013 ks. Micha\u0142owi Przybyszowi za udost\u0119pnienie terenu pod organizacj\u0119 mety rajdu.<\/p>\n<p>Kolejny rajd za rok. Ju\u017c wiemy, \u017ce b\u0119dzie wi\u0119cej atrakcyjnych nagr\u00f3d i jak zwykle &#8211; nowa trasa do pokonania na dw\u00f3ch k\u00f3\u0142kach.<\/p>\n\n\n\n<div style=\"height:20px\" aria-hidden=\"true\" class=\"wp-block-spacer\"><\/div>\n\n\n\n<p>[lg_folder folder=&#8221;15082020\/&#8221; paging=&#8221;false&#8221;]<\/p>\n","protected":false},"excerpt":{"rendered":"<p>120 os\u00f3b i ponad 20 km na rowerach, a w mi\u0119dzyczasie zwiedzanie Izby Pami\u0119ci b\u0142. Stanis\u0142awa Kostki Starowieyskiego, pocz\u0119stunek i losowanie nagrody g\u0142\u00f3wnej &#8211; roweru. Za nami rajd rowerowy &#8220;Odjazdowo-rowerowo Dolin\u0105 G\u00f3rnej \u0141abu\u0144ki&#8221;.<\/p>\n","protected":false},"author":11,"featured_media":18517,"comment_status":"closed","ping_status":"closed","sticky":false,"template":"","format":"standard","meta":{"footnotes":""},"categories":[1],"tags":[],"class_list":["post-18513","post","type-post","status-publish","format-standard","has-post-thumbnail","hentry","category-wpisy","clearfix"],"_links":{"self":[{"href":"https:\/\/labunie.com.pl\/index.php?rest_route=\/wp\/v2\/posts\/18513","targetHints":{"allow":["GET"]}}],"collection":[{"href":"https:\/\/labunie.com.pl\/index.php?rest_route=\/wp\/v2\/posts"}],"about":[{"href":"https:\/\/labunie.com.pl\/index.php?rest_route=\/wp\/v2\/types\/post"}],"author":[{"embeddable":true,"href":"https:\/\/labunie.com.pl\/index.php?rest_route=\/wp\/v2\/users\/11"}],"replies":[{"embeddable":true,"href":"https:\/\/labunie.com.pl\/index.php?rest_route=%2Fwp%2Fv2%2Fcomments&post=18513"}],"version-history":[{"count":5,"href":"https:\/\/labunie.com.pl\/index.php?rest_route=\/wp\/v2\/posts\/18513\/revisions"}],"predecessor-version":[{"id":18519,"href":"https:\/\/labunie.com.pl\/index.php?rest_route=\/wp\/v2\/posts\/18513\/revisions\/18519"}],"wp:featuredmedia":[{"embeddable":true,"href":"https:\/\/labunie.com.pl\/index.php?rest_route=\/wp\/v2\/media\/18517"}],"wp:attachment":[{"href":"https:\/\/labunie.com.pl\/index.php?rest_route=%2Fwp%2Fv2%2Fmedia&parent=18513"}],"wp:term":[{"taxonomy":"category","embeddable":true,"href":"https:\/\/labunie.com.pl\/index.php?rest_route=%2Fwp%2Fv2%2Fcategories&post=18513"},{"taxonomy":"post_tag","embeddable":true,"href":"https:\/\/labunie.com.pl\/index.php?rest_route=%2Fwp%2Fv2%2Ftags&post=18513"}],"curies":[{"name":"wp","href":"https:\/\/api.w.org\/{rel}","templated":true}]}}