{"id":18573,"date":"2020-08-24T13:41:01","date_gmt":"2020-08-24T11:41:01","guid":{"rendered":"https:\/\/www.labunie.com.pl\/?p=18573"},"modified":"2020-09-01T08:41:55","modified_gmt":"2020-09-01T06:41:55","slug":"dozynki-powiatowo-gminne-w-labuniach-relacja","status":"publish","type":"post","link":"https:\/\/labunie.com.pl\/?p=18573","title":{"rendered":"Do\u017cynki Powiatowo-Gminne w \u0141abuniach &#8211; relacja"},"content":{"rendered":"\n<p><strong>W niedziel\u0119, 23 sierpnia w \u0141abuniach odby\u0142y si\u0119 Do\u017cynki Powiatowo-Gminne. Patronat narodowy nad wydarzeniem w Stulecie Odzyskania Niepodleg\u0142o\u015bci obj\u0105\u0142 Prezydent Rzeczypospolitej Polskiej &#8211; Andrzej Duda.&nbsp;<\/strong><\/p>\n\n\n\n<div style=\"height:20px\" aria-hidden=\"true\" class=\"wp-block-spacer\"><\/div>\n\n\n\n<!--more-->\n\n\n\n<div style=\"height:20px\" aria-hidden=\"true\" class=\"wp-block-spacer\"><\/div>\n\n\n\n<p><strong>Gospodarzami&nbsp; tegorocznego \u015bwi\u0119ta plon\u00f3w byli Starosta Zamojski Pan Stanis\u0142aw Grze\u015bko oraz W\u00f3jt Gminy \u0141abunie Pan Mariusz Kukie\u0142ka.<\/strong><\/p>\n\n\n\n<div style=\"height:20px\" aria-hidden=\"true\" class=\"wp-block-spacer\"><\/div>\n\n\n\n<p>Uroczysto\u015b\u0107 rozpocz\u0119\u0142a si\u0119 korowodem wie\u0144c\u00f3w do\u017cynkowych prowadzonym przez starost\u00f3w do\u017cynek, rolnik\u00f3w reprezentuj\u0105cych GMIN\u0118 \u0141ABUNIE, Pani\u0105&nbsp;<strong>MARI\u0118 MOZO\u0141A z Wierzbia<\/strong>&nbsp;i Pana&nbsp;<strong>LESZKA PI\u0141ATA z Moc\u00f3wki<\/strong>.<\/p>\n\n\n\n<div style=\"height:20px\" aria-hidden=\"true\" class=\"wp-block-spacer\"><\/div>\n\n\n\n<p><strong>Po tradycyjnym korowodzie wie\u0144c\u00f3w, Gospodarze Do\u017cynek Powiatowo &#8211; Gminnych przywitali zgromadzonych go\u015bci. Jako Pierwszy g\u0142os zabra\u0142 W\u00f3jt Gminy \u0141abunie Pan Mariusz Kukie\u0142ka. Starosta Zamojski Pan Stanis\u0142aw Grze\u015bko wyg\u0142osi\u0142 przem\u00f3wienie oraz odczyta\u0142 list z okazji obj\u0119cia Do\u017cynek Powiatowo-Gminnych w \u0141abuniach Patronatem Narodowym Prezydenta Rzeczypospolitej Polskiej Pana Andrzeja Dudy.<\/strong><\/p>\n\n\n\n<div style=\"height:20px\" aria-hidden=\"true\" class=\"wp-block-spacer\"><\/div>\n\n\n\n<p>Nast\u0119pnie g\u0142os zabra\u0142&nbsp;<strong>Wiceminister Sprawiedliwo\u015bci Pan Marcin Romanowski&nbsp;<\/strong>oraz<strong>&nbsp;Wicemarsza\u0142ek Wojew\u00f3dztwa Lubelskiego Pan Micha\u0142 Mulawa.<br><\/strong><\/p>\n\n\n\n<div style=\"height:20px\" aria-hidden=\"true\" class=\"wp-block-spacer\"><\/div>\n\n\n\n<p>Z okazji Do\u017cynek Powiatowo &#8211; Gminnych na r\u0119ce Gospodarzy Do\u017cynek wp\u0142yn\u0119\u0142y listy od:<\/p>\n\n\n\n<p><strong>Wiceprezesa Rady Ministr\u00f3w Pana Jacka Sasina &#8211;&nbsp;<\/strong>odczytany przez&nbsp;<strong>Wicestarost\u0119 Zamojskiego Pana Witolda Maruch\u0119<\/strong>,<\/p>\n\n\n\n<p><strong>Ministra Rolnictwa i Rozwoju Wsi Pana Jana Krzysztofa Ardanowskiego &#8211;&nbsp;<\/strong>odczytany przez&nbsp;<strong>W\u00f3jta Gminy \u0141abunie Pana Mariusza Kukie\u0142k\u0119<\/strong>,<\/p>\n\n\n\n<p><strong>Pos\u0142a na Sejm RP Pana Tomasza Zieli\u0144skiego,<\/strong><\/p>\n\n\n\n<p><strong>Wojewody Lubelskiego Pana Lecha Sprawki &#8211;<\/strong>&nbsp;odczytany przez&nbsp;<strong>Dyrektora Delegatury Wojew\u00f3dzkiego Urz\u0119du Lubelskiego Pana Sebastiana Paula<\/strong><strong>,<\/strong><\/p>\n\n\n\n<p><strong>Zast\u0119pcy Dyrektora Krajowego O\u015brodka Wsparcia Rolnictwa w Lublinie Pana Marka Wojciechowskiego.<\/strong><\/p>\n\n\n\n<div style=\"height:20px\" aria-hidden=\"true\" class=\"wp-block-spacer\"><\/div>\n\n\n\n<p>Najbardziej zas\u0142u\u017ceni rolnicy Powiatu Zamojskiego zostali uhonorowani odznaczeniami honorowymi \u201eZas\u0142u\u017cony dla Rolnictwa\u201d. Odznaka honorowa \u201eZas\u0142u\u017cony dla Rolnictwa\u201d jest nadawana przez Ministra Rolnictwa i Rozwoju Wsi z w\u0142asnej inicjatywy lub na wniosek m. in. organu jednostki samorz\u0105du terytorialnego. Odznaka ta mo\u017ce by\u0107 nadana osobom fizycznym, r\u00f3wnie\u017c cudzoziemcom, za osi\u0105gni\u0119cia w dziedzinie rolnictwa, rozwoju wsi i rynk\u00f3w rolnych. Odznaka jest nadawana jednokrotnie. Na wniosek Starosty Zamojskiego Minister Rolnictwa i Rozwoju Wsi nada\u0142 honorowe odznaki 26 wyr\u00f3\u017cniaj\u0105cym si\u0119 rolnikom z terenu Powiatu Zamojskiego.&nbsp;<strong>Wiceminister Sprawiedliwo\u015bci Pan Marcin Romanowski<\/strong>&nbsp;oraz&nbsp;<strong>Starosta Zamojski Pan Stanis\u0142aw Grze\u015bko&nbsp;<\/strong>wr\u0119czyli odznaki wyr\u00f3\u017cnionym rolnikom:<\/p>\n\n\n\n<ol class=\"wp-block-list\"><li>Maciej DYBIOCH, zam. Adam\u00f3w, gm. Adam\u00f3w;<\/li><li>Dariusz KAWA\u0141KO, zam. Bo\u017ca Wola, gm. Adam\u00f3w;<\/li><li>Marian SURMA, zam. Grabowiec G\u00f3ra, gm. Grabowiec;<\/li><li>Karol BABISZEWSKI, zam. Komar\u00f3w Osada, gm. Komar\u00f3w Osada;<\/li><li>Edward MICHNOWICZ, zam. Wolica \u015aniatycka, gm. Komar\u00f3w Osada;<\/li><li>Stanis\u0142aw K\u0141Y\u017b, zam. Krasnobr\u00f3d, gm. Krasnobr\u00f3d;<\/li><li>Stanis\u0142aw PODOLAK, zam. Potok Senderki, gm. Krasnobr\u00f3d;<\/li><li>Przemys\u0142aw BRYK, zam. Rusz\u00f3w, gm. \u0141abunie;<\/li><li>Artur JANECZKO, zam. \u0141abunie-Reforma, gm. \u0141abunie;<\/li><li>Beata KLIMKO, zam. \u0141abu\u0144ki Pierwsze, gm. \u0141abunie;<\/li><li>Teresa MR\u00d3Z, zam. Moc\u00f3wka, gm. \u0141abunie;<\/li><li>Stanis\u0142aw HRYCUNIAK, zam. Frankamionka, gm. Mi\u0105czyn;<\/li><li>Adam KASZUBA, zam. Zawal\u00f3w Kolonia, gm. Mi\u0105czyn;<\/li><li>Jakub TREPIET, zam. Ruskie Piaski, gm. Nielisz;<\/li><li>Wies\u0142aw BIELAK, zam. Czarnystok, gm. Radecznica;<\/li><li>Miros\u0142aw RYBA, zam. W\u00f3lka Czarnostocka, gm. Radecznica;<\/li><li>Andrzej BOROWIEC, zam. Rozdo\u0142y, gm. Sitno;<\/li><li>Wojciech SKULSKI, zam. Bo\u017cy Dar, gm. Sitno;<\/li><li>Ryszard SZEWCZUK, zam. Kalin\u00f3wka, gm. Skierbiesz\u00f3w;<\/li><li>Andrzej WODYK, zam. Kalin\u00f3wka, gm. Skierbiesz\u00f3w;<\/li><li>Stanis\u0142aw BOJAR, zam. Krasne, gm. Stary Zamo\u015b\u0107;<\/li><li>Mariusz KR\u00d3L, zam. Tworycz\u00f3w, gm. Su\u0142\u00f3w;<\/li><li>Zbigniew MAZUR, zam. \u0179rebce, gm. Su\u0142\u00f3w;<\/li><li>Artur DO\u0141BA, zam. Bodacz\u00f3w, gm. Szczebrzeszyn;<\/li><li>J\u00f3zef W\u0141AS, zam. ul. Przedmie\u015bcie Szper\u00f3wka, gm. Szczebrzeszyn;<\/li><li>Beata SKRZY\u0143SKA, zam. Guci\u00f3w, gm. Zwierzyniec.<\/li><\/ol>\n\n\n\n<div style=\"height:20px\" aria-hidden=\"true\" class=\"wp-block-spacer\"><\/div>\n\n\n\n<p><strong>Wicemarsza\u0142ek Wojew\u00f3dztwa Lubelskiego Pan Micha\u0142 Mulawa<\/strong>&nbsp;wr\u0119czy\u0142 Br\u0105zowy Medal &#8220;Zas\u0142u\u017cony Kulturze-Gloria Artis&#8221; Kierownikowi Biblioteki Publicznej Gminy \u0141abunie Panu Bogdanowi Szykule.<\/p>\n\n\n\n<div style=\"height:20px\" aria-hidden=\"true\" class=\"wp-block-spacer\"><\/div>\n\n\n\n<p><strong>Uroczyst\u0105 Msz\u0119 \u015awi\u0119t\u0105 Dzi\u0119kczynn\u0105 odprawi\u0142 Jego Ekscelencja Ksi\u0105dz Biskup Marian Rojek, Ksi\u0105dz Proboszcz Andrzej \u0141uszcz oraz Ksi\u0105dz J\u00f3zef Bednarski &#8211;&nbsp;Diecezjalny Duszpasterz Rolnik\u00f3w.<\/strong><\/p>\n\n\n\n<div style=\"height:20px\" aria-hidden=\"true\" class=\"wp-block-spacer\"><\/div>\n\n\n\n<p>Opraw\u0119 muzyczn\u0105 uroczysto\u015bci przygotowali Gminny Ch\u00f3r Konsonans z \u0141abu\u0144, pod kierownictwem Pani Agnieszki Brylewicz oraz Gminna Orkiestra D\u0119ta w \u0141abuniach pod batut\u0105 kapelmistrza Pana Zbigniewa Pieczykolana.<\/p>\n\n\n\n<div style=\"height:20px\" aria-hidden=\"true\" class=\"wp-block-spacer\"><\/div>\n\n\n\n<p>W trakcie do\u017cynek zosta\u0142 rozstrzygni\u0119ty konkurs na wieniec do\u017cynkowy w dw\u00f3ch kategoriach: wie\u0144ca tradycyjnego i wie\u0144ca wsp\u00f3\u0142czesnego. Po dokonaniu wyboru przez Komisj\u0119 Konkursow\u0105 \u2013 delegacjom za pierwsze&nbsp; 3 miejsca, zosta\u0142y wr\u0119czone&nbsp; dyplomy i nagrody.<\/p>\n\n\n\n<div style=\"height:20px\" aria-hidden=\"true\" class=\"wp-block-spacer\"><\/div>\n\n\n\n<p>Laureaci konkursu:<\/p>\n\n\n\n<div style=\"height:20px\" aria-hidden=\"true\" class=\"wp-block-spacer\"><\/div>\n\n\n\n<p><strong><em>W kategorii &#8220;wieniec tradycyjny&#8221;<\/em><\/strong><br><strong>I miejsce &#8211; Ko\u0142o Gospody\u0144 Wiejskich w Jaros\u0142awcu<\/strong><br>II miejsce&nbsp; &#8211; So\u0142ectwo Wsi Wierzbie<br>III miejsce &#8211; So\u0142ectwo Rusz\u00f3w-Kolonia<\/p>\n\n\n\n<div style=\"height:20px\" aria-hidden=\"true\" class=\"wp-block-spacer\"><\/div>\n\n\n\n<p><strong><em>W kategorii &#8220;wieniec wsp\u00f3\u0142czesny&#8221;<\/em><\/strong><br><strong>I miejsce &#8211; Delegacja Gminy Su\u0142\u00f3w<\/strong><br>II miejsce &#8211; Ko\u0142o Gospody\u0144 Wiejskich i Ochotnicza Stra\u017c Po\u017carna z Soch<br>III miejsce &#8211; Delegacja Gminy Skierbiesz\u00f3w<\/p>\n\n\n\n<div style=\"height:20px\" aria-hidden=\"true\" class=\"wp-block-spacer\"><\/div>\n\n\n\n<p>Wie\u0144ce, kt\u00f3re otrzyma\u0142y I miejsce w kategorii wie\u0144ca tradycyjnego i wsp\u00f3\u0142czesnego,&nbsp; b\u0119d\u0105 reprezentowa\u0107 Powiat Zamojski na&nbsp; DO\u017bYNKACH&nbsp; WOJEW\u00d3DZKICH w dniu 30 sierpnia w BE\u0141\u017bYCACH.<\/p>\n\n\n\n<div style=\"height:40px\" aria-hidden=\"true\" class=\"wp-block-spacer\"><\/div>\n\n\n\n<p>Wydarzenia towarzysz\u0105ce:<\/p>\n\n\n\n<ul class=\"wp-block-list\"><li>Piknik w ramach projektu: &#8220;Kasza, zbo\u017ca dwa bratanki &#8211; powr\u00f3t do tradycyjnej polskiej \u017cywno\u015bci&#8221; &#8211; Lubelska Izba Rolnicza<\/li><li>Degustacja potraw przygotowanych z m\u0105k i kasz &#8211; Lubelska Izba Rolnicza<\/li><li>Konkursy z nagrodami dla dzieci, m\u0142odzie\u017cy i doros\u0142ych &#8211; Lubelska Izba Rolnicza<\/li><li>wyst\u0119p zespo\u0142\u00f3w \u015bpiewaczych z Gminy \u0141abunie<\/li><li>punkt informacyjno &#8211; promocyjny G\u0142\u00f3wnego Urz\u0119du Statystycznego<\/li><li>ekspozycja przygotowana przez Polski Zwi\u0105zek \u0141owiecki &#8211; Ko\u0142o w Zamo\u015bciu<\/li><li>punkt informacyjno &#8211; promocyjny Lubelskiego O\u015brodka Doradztwa Rolniczego w Ko\u0144skowoli<\/li><li>punkt informacyjno &#8211; promocyjny Agencji Restrukturyzacji i Modernizacji Rolnictwa &#8211; Lubelskiego Oddzia\u0142u Regionalnego<\/li><li>punkt informacyjno &#8211; promocyjny Biblioteki Publicznej Gminy \u0141abunie<\/li><\/ul>\n\n\n\n<div style=\"height:40px\" aria-hidden=\"true\" class=\"wp-block-spacer\"><\/div>\n\n\n\n<p><strong><em>Honorowy Patronat nad Do\u017cynkami Powiatowo-Gminnymi obj\u0105\u0142: Minister Rolnictwa i Rozwoju Wsi Jan Krzysztof Ardanowski, Wojewoda Lubelski Lech Sprawka oraz Marsza\u0142ek Wojew\u00f3dztwa Lubelskiego Jaros\u0142aw Stawiarski.<\/em><\/strong><\/p>\n\n\n\n<div style=\"height:40px\" aria-hidden=\"true\" class=\"wp-block-spacer\"><\/div>\n\n\n\n<p class=\"has-text-align-right\"><em> \u0179r\u00f3d\u0142o: <a href=\"http:\/\/www.powiatzamojski.pl\">Powiat Zamojski<\/a>&nbsp; <\/em><\/p>\n\n\n\n<div style=\"height:50px\" aria-hidden=\"true\" class=\"wp-block-spacer\"><\/div>\n\n\n\n<p>[lg_folder folder=&#8221;20200823\/&#8221; count=&#8221;90&#8243; paging=&#8221;false&#8221;]<\/p>\n\n\n\n<div style=\"height:50px\" aria-hidden=\"true\" class=\"wp-block-spacer\"><\/div>\n\n\n\n<p>Relacja wraz z transmisj\u0105 wydarzenia na stronie <a href=\"https:\/\/zamosc.tv\/tv\/17812-dozynki-powiatowo-gminne\/\"><strong>zamosc.tv<\/strong><\/a><\/p>\n\n\n\n<figure class=\"wp-block-embed-youtube wp-block-embed is-type-video is-provider-youtube wp-embed-aspect-16-9 wp-has-aspect-ratio\"><div class=\"wp-block-embed__wrapper\">\n<iframe loading=\"lazy\" title=\"Do\u017cynki Powiatowo Gminne\" width=\"1280\" height=\"720\" src=\"https:\/\/www.youtube.com\/embed\/87coytCo5z0?feature=oembed\" frameborder=\"0\" allow=\"accelerometer; autoplay; clipboard-write; encrypted-media; gyroscope; picture-in-picture\" allowfullscreen><\/iframe>\n<\/div><\/figure>\n\n\n\n<div style=\"height:40px\" aria-hidden=\"true\" class=\"wp-block-spacer\"><\/div>\n\n\n\n<p>Relacja fotograficzna z wydarzenia dost\u0119pna jest na facebook&#8217;owym profilu&nbsp; Starostwa Powiatowego w Zamo\u015bciu<\/p>\n\n\n\n<figure class=\"wp-block-embed-facebook wp-block-embed is-type-rich is-provider-facebook\"><div class=\"wp-block-embed__wrapper\">\nhttps:\/\/www.facebook.com\/powzam\/posts\/365466211521408\n<\/div><\/figure>\n","protected":false},"excerpt":{"rendered":"<p>W niedziel\u0119, 23 sierpnia w \u0141abuniach odby\u0142y si\u0119 Do\u017cynki Powiatowo-Gminne. Patronat narodowy nad wydarzeniem w Stulecie Odzyskania Niepodleg\u0142o\u015bci obj\u0105\u0142 Prezydent Rzeczypospolitej Polskiej &#8211; Andrzej Duda.&nbsp;<\/p>\n","protected":false},"author":11,"featured_media":18625,"comment_status":"closed","ping_status":"closed","sticky":false,"template":"","format":"standard","meta":{"footnotes":""},"categories":[1],"tags":[],"class_list":["post-18573","post","type-post","status-publish","format-standard","has-post-thumbnail","hentry","category-wpisy","clearfix"],"_links":{"self":[{"href":"https:\/\/labunie.com.pl\/index.php?rest_route=\/wp\/v2\/posts\/18573","targetHints":{"allow":["GET"]}}],"collection":[{"href":"https:\/\/labunie.com.pl\/index.php?rest_route=\/wp\/v2\/posts"}],"about":[{"href":"https:\/\/labunie.com.pl\/index.php?rest_route=\/wp\/v2\/types\/post"}],"author":[{"embeddable":true,"href":"https:\/\/labunie.com.pl\/index.php?rest_route=\/wp\/v2\/users\/11"}],"replies":[{"embeddable":true,"href":"https:\/\/labunie.com.pl\/index.php?rest_route=%2Fwp%2Fv2%2Fcomments&post=18573"}],"version-history":[{"count":5,"href":"https:\/\/labunie.com.pl\/index.php?rest_route=\/wp\/v2\/posts\/18573\/revisions"}],"predecessor-version":[{"id":18678,"href":"https:\/\/labunie.com.pl\/index.php?rest_route=\/wp\/v2\/posts\/18573\/revisions\/18678"}],"wp:featuredmedia":[{"embeddable":true,"href":"https:\/\/labunie.com.pl\/index.php?rest_route=\/wp\/v2\/media\/18625"}],"wp:attachment":[{"href":"https:\/\/labunie.com.pl\/index.php?rest_route=%2Fwp%2Fv2%2Fmedia&parent=18573"}],"wp:term":[{"taxonomy":"category","embeddable":true,"href":"https:\/\/labunie.com.pl\/index.php?rest_route=%2Fwp%2Fv2%2Fcategories&post=18573"},{"taxonomy":"post_tag","embeddable":true,"href":"https:\/\/labunie.com.pl\/index.php?rest_route=%2Fwp%2Fv2%2Ftags&post=18573"}],"curies":[{"name":"wp","href":"https:\/\/api.w.org\/{rel}","templated":true}]}}