{"id":18650,"date":"2020-08-27T14:37:19","date_gmt":"2020-08-27T12:37:19","guid":{"rendered":"https:\/\/www.labunie.com.pl\/?p=18650"},"modified":"2020-09-01T08:27:02","modified_gmt":"2020-09-01T06:27:02","slug":"dolacz-do-projektu-pod-bialo-czerwona","status":"publish","type":"post","link":"https:\/\/labunie.com.pl\/?p=18650","title":{"rendered":"Do\u0142\u0105cz do projektu \u201ePod bia\u0142o-czerwon\u0105\u201d"},"content":{"rendered":"\n<p><strong>Projekt \u201ePod bia\u0142o-czerwon\u0105\u201d zak\u0142ada sfinansowanie przez Rz\u0105d Rzeczypospolitej Polskiej zakupu maszt\u00f3w i flag w ka\u017cdej z gmin w Polsce, kt\u00f3rej mieszka\u0144cy do\u0142\u0105cz\u0105 do projektu. Inicjatywa zakupu masztu i flagi zale\u017ce\u0107 b\u0119dzie od mieszka\u0144c\u00f3w.<\/strong><\/p>\n\n\n\n<div style=\"height:20px\" aria-hidden=\"true\" class=\"wp-block-spacer\"><\/div>\n\n\n\n<!--more-->\n\n\n\n<p>Aby wzi\u0105\u0107 udzia\u0142 w akcji, nale\u017cy zebra\u0107 odpowiedni\u0105 liczb\u0119 g\u0142os\u00f3w poparcia online. <strong><a href=\"https:\/\/bialoczerwona.www.gov.pl\/\">G\u0142os poparcia<\/a><\/strong> dla inicjatywy zakupu masztu i umieszczonej na nim flagi, kt\u00f3ra b\u0119dzie dumnie eksponowana w centralnym miejscu gminy, mog\u0105 oddawa\u0107 jej mieszka\u0144cy.<\/p>\n<p>\u201ePod bia\u0142o-czerwon\u0105\u201d to projekt, kt\u00f3ry ma zjednoczy\u0107 nasz kraj i jego mieszka\u0144c\u00f3w. Nie tylko uhonoruje Poleg\u0142ych za wolno\u015b\u0107 i niepodleg\u0142o\u015b\u0107 naszej Ojczyzny, ale tak\u017ce zach\u0119ci do patriotycznych postaw i dumy z bycia Polakami. Celem projektu jest tak\u017ce godne upami\u0119tnienie zwyci\u0119stwa wojsk Rzeczypospolitej nad armi\u0105 bolszewick\u0105 w Bitwie Warszawskiej 1920 roku. Umieszczenie flagi na maszcie w wyj\u0105tkowym miejscu to dow\u00f3d na to jak wa\u017cne s\u0105 symbole narodowe w \u017cyciu Polak\u00f3w. Te, za kt\u00f3re \u017cycie w walce o wolno\u015b\u0107 Ojczyzny po\u015bwi\u0119cali nasi przodkowie.<br \/>\u00a0<\/p>\n<p><strong>Ile g\u0142os\u00f3w potrzebujemy do realizacji projektu? Tylko 100 g\u0142os\u00f3w! <\/strong><\/p>\n<p style=\"text-align: center;\"><strong>Do dzie\u0142a mieszka\u0144cy gminy \u0141abunie !!!<\/strong> <\/p>\n<p>DO\u0141\u0104CZ DO NAS!\u00a0\u00a0<span style=\"color: #ff0000;\"><strong><a style=\"color: #ff0000;\" href=\"https:\/\/bialoczerwona.www.gov.pl\/\">Oddaj g\u0142os poparcia &gt;&gt;&gt;<\/a><\/strong><\/span><\/p>\n<p>\u00a0<\/p>\n<p>\u00a0<\/p>\n","protected":false},"excerpt":{"rendered":"<p>Projekt \u201ePod bia\u0142o-czerwon\u0105\u201d zak\u0142ada sfinansowanie przez Rz\u0105d Rzeczypospolitej Polskiej zakupu maszt\u00f3w i flag w ka\u017cdej z gmin w Polsce, kt\u00f3rej mieszka\u0144cy do\u0142\u0105cz\u0105 do projektu. Inicjatywa zakupu masztu i flagi zale\u017ce\u0107 b\u0119dzie od mieszka\u0144c\u00f3w.<\/p>\n","protected":false},"author":11,"featured_media":18652,"comment_status":"closed","ping_status":"closed","sticky":false,"template":"","format":"standard","meta":{"footnotes":""},"categories":[1],"tags":[],"class_list":["post-18650","post","type-post","status-publish","format-standard","has-post-thumbnail","hentry","category-wpisy","clearfix"],"_links":{"self":[{"href":"https:\/\/labunie.com.pl\/index.php?rest_route=\/wp\/v2\/posts\/18650","targetHints":{"allow":["GET"]}}],"collection":[{"href":"https:\/\/labunie.com.pl\/index.php?rest_route=\/wp\/v2\/posts"}],"about":[{"href":"https:\/\/labunie.com.pl\/index.php?rest_route=\/wp\/v2\/types\/post"}],"author":[{"embeddable":true,"href":"https:\/\/labunie.com.pl\/index.php?rest_route=\/wp\/v2\/users\/11"}],"replies":[{"embeddable":true,"href":"https:\/\/labunie.com.pl\/index.php?rest_route=%2Fwp%2Fv2%2Fcomments&post=18650"}],"version-history":[{"count":3,"href":"https:\/\/labunie.com.pl\/index.php?rest_route=\/wp\/v2\/posts\/18650\/revisions"}],"predecessor-version":[{"id":18654,"href":"https:\/\/labunie.com.pl\/index.php?rest_route=\/wp\/v2\/posts\/18650\/revisions\/18654"}],"wp:featuredmedia":[{"embeddable":true,"href":"https:\/\/labunie.com.pl\/index.php?rest_route=\/wp\/v2\/media\/18652"}],"wp:attachment":[{"href":"https:\/\/labunie.com.pl\/index.php?rest_route=%2Fwp%2Fv2%2Fmedia&parent=18650"}],"wp:term":[{"taxonomy":"category","embeddable":true,"href":"https:\/\/labunie.com.pl\/index.php?rest_route=%2Fwp%2Fv2%2Fcategories&post=18650"},{"taxonomy":"post_tag","embeddable":true,"href":"https:\/\/labunie.com.pl\/index.php?rest_route=%2Fwp%2Fv2%2Ftags&post=18650"}],"curies":[{"name":"wp","href":"https:\/\/api.w.org\/{rel}","templated":true}]}}