{"id":18732,"date":"2020-09-08T10:45:12","date_gmt":"2020-09-08T08:45:12","guid":{"rendered":"https:\/\/www.labunie.com.pl\/?p=18732"},"modified":"2020-09-08T10:45:12","modified_gmt":"2020-09-08T08:45:12","slug":"ix-edycja-narodowego-czytania-za-nami","status":"publish","type":"post","link":"https:\/\/labunie.com.pl\/?p=18732","title":{"rendered":"IX. edycja Narodowego Czytania za nami"},"content":{"rendered":"\n<p><strong>W sobotnie przedpo\u0142udnie mi\u0142o\u015bnicy literatury spotkali si\u0119 w \u0141abuniach na terenie \u015bcie\u017cki edukacyjno-dydaktycznej \u201ePawie pi\u00f3ro\u201d &#8211; po s\u0105siedzku z budynkiem biblioteki, kt\u00f3ra po raz kolejny w\u0142\u0105czy\u0142a si\u0119 w akcj\u0119 Narodowego Czytania. <\/strong><\/p>\n\n\n\n<!--more-->\n\n\n\n<div style=\"height:20px\" aria-hidden=\"true\" class=\"wp-block-spacer\"><\/div>\n\n\n\n<p>Tegoroczn\u0105\nbohaterk\u0105 przedsi\u0119wzi\u0119cia, zorganizowanego po raz IX. by\u0142a Balladyna. Mieli\u015bmy\nokazj\u0119 zmierzy\u0107 si\u0119 z tre\u015bci\u0105 znanej ze szkolnej \u0142awy lektury. Czytali\u015bmy\nwybrane fragmenty, czasem ca\u0142e akty b\u0105d\u017a sceny dramatu. By\u0142y r\u00f3\u017cne g\u0142osy: \u017ce\nj\u0119zyk trudny, ale zarazem wyszukany, \u017ce tekst za ma\u0142o mi\u0119kki w wymowie, \u017ce\npi\u0119kne opisy przyrody\u2026.<\/p>\n\n\n\n<div style=\"height:20px\" aria-hidden=\"true\" class=\"wp-block-spacer\"><\/div>\n\n\n\n<p>By\u0142o kameralnie. T\u0142umniej zrobi\u0142o si\u0119 przed rega\u0142em z ksi\u0105\u017ckami kt\u00f3ry \u201eprzyczai\u0142 si\u0119\u201d pod jednym z \u201epawich\u201d daszk\u00f3w. &#8211; Towarzyszy\u0142 spotkaniu w ramach akcji biblioteki w \u0141abuniach \u201eKsi\u0105\u017cka za jeden u\u015bmiech\u201d. Ch\u0119tni za owy u\u015bmiech nabyli nawet po kilka egzemplarzy. Potwierdzamy: ubytki na regale stale uzupe\u0142niamy o nowe tytu\u0142y. <\/p>\n\n\n\n<div style=\"height:20px\" aria-hidden=\"true\" class=\"wp-block-spacer\"><\/div>\n\n\n\n<p>Zapraszamy do\nbiblioteki, a za rok na X, jubileuszowe Narodowe Czytanie!<\/p>\n\n\n\n<div style=\"height:20px\" aria-hidden=\"true\" class=\"wp-block-spacer\"><\/div>\n\n\n\n<p>[lg_folder folder=&#8221;20200905\/&#8221; paging=&#8221;false&#8221;]<\/p>\n","protected":false},"excerpt":{"rendered":"<p>W sobotnie przedpo\u0142udnie mi\u0142o\u015bnicy literatury spotkali si\u0119 w \u0141abuniach na terenie \u015bcie\u017cki edukacyjno-dydaktycznej \u201ePawie pi\u00f3ro\u201d &#8211; po s\u0105siedzku z budynkiem biblioteki, kt\u00f3ra po raz kolejny w\u0142\u0105czy\u0142a si\u0119 w akcj\u0119 Narodowego Czytania.<\/p>\n","protected":false},"author":7,"featured_media":18733,"comment_status":"closed","ping_status":"closed","sticky":false,"template":"","format":"standard","meta":{"footnotes":""},"categories":[1],"tags":[],"class_list":["post-18732","post","type-post","status-publish","format-standard","has-post-thumbnail","hentry","category-wpisy","clearfix"],"_links":{"self":[{"href":"https:\/\/labunie.com.pl\/index.php?rest_route=\/wp\/v2\/posts\/18732","targetHints":{"allow":["GET"]}}],"collection":[{"href":"https:\/\/labunie.com.pl\/index.php?rest_route=\/wp\/v2\/posts"}],"about":[{"href":"https:\/\/labunie.com.pl\/index.php?rest_route=\/wp\/v2\/types\/post"}],"author":[{"embeddable":true,"href":"https:\/\/labunie.com.pl\/index.php?rest_route=\/wp\/v2\/users\/7"}],"replies":[{"embeddable":true,"href":"https:\/\/labunie.com.pl\/index.php?rest_route=%2Fwp%2Fv2%2Fcomments&post=18732"}],"version-history":[{"count":1,"href":"https:\/\/labunie.com.pl\/index.php?rest_route=\/wp\/v2\/posts\/18732\/revisions"}],"predecessor-version":[{"id":18734,"href":"https:\/\/labunie.com.pl\/index.php?rest_route=\/wp\/v2\/posts\/18732\/revisions\/18734"}],"wp:featuredmedia":[{"embeddable":true,"href":"https:\/\/labunie.com.pl\/index.php?rest_route=\/wp\/v2\/media\/18733"}],"wp:attachment":[{"href":"https:\/\/labunie.com.pl\/index.php?rest_route=%2Fwp%2Fv2%2Fmedia&parent=18732"}],"wp:term":[{"taxonomy":"category","embeddable":true,"href":"https:\/\/labunie.com.pl\/index.php?rest_route=%2Fwp%2Fv2%2Fcategories&post=18732"},{"taxonomy":"post_tag","embeddable":true,"href":"https:\/\/labunie.com.pl\/index.php?rest_route=%2Fwp%2Fv2%2Ftags&post=18732"}],"curies":[{"name":"wp","href":"https:\/\/api.w.org\/{rel}","templated":true}]}}