{"id":18739,"date":"2020-09-09T09:52:37","date_gmt":"2020-09-09T07:52:37","guid":{"rendered":"https:\/\/www.labunie.com.pl\/?p=18739"},"modified":"2020-09-09T09:52:37","modified_gmt":"2020-09-09T07:52:37","slug":"komunikat-komisarza-wyborczego-w-zamosciu-i","status":"publish","type":"post","link":"https:\/\/labunie.com.pl\/?p=18739","title":{"rendered":"Komunikat Komisarza Wyborczego w Zamo\u015bciu I"},"content":{"rendered":"\n<p><strong>Na podstawie \u00a7 9 pkt 1, 2 i 4 uchwa\u0142y Pa\u0144stwowej Komisji Wyborczej z dnia 5 lutego 2018 r. w sprawie okre\u015blenia w\u0142a\u015bciwo\u015bci terytorialnej i rzeczowej komisarzy wyborczych oraz ich siedzib, a tak\u017ce trybu pracy komisarzy wyborczych (M. P. z 2018 r. poz. 246), informuj\u0119, co nast\u0119puje.<\/strong><\/p>\n\n\n\n<!--more-->\n\n\n\n<div style=\"height:20px\" aria-hidden=\"true\" class=\"wp-block-spacer\"><\/div>\n\n\n\n<p>W zwi\u0105zku z zarz\u0105dzonymi na dzie\u0144<strong> 8\nlistopada 2020 r. wyborami uzupe\u0142niaj\u0105cymi do Rady Gminy \u0141abunie w okr\u0119gu\nwyborczym nr 12<\/strong>, zgodnie z art. 399 ustawy z&nbsp;dnia 5 stycznia 2011 r. \u2013\nKodeks wyborczy (Dz. U. z 2020 r. poz. 1319), prawo zg\u0142aszania kandydat\u00f3w na radnych\nprzys\u0142uguje:<\/p>\n\n\n\n<p>1) komitetowi\nwyborczemu partii politycznej,<\/p>\n\n\n\n<p>2) koalicyjnemu\nkomitetowi wyborczemu,<\/p>\n\n\n\n<p>3) komitetowi\nwyborczemu organizacji,<\/p>\n\n\n\n<p>4) komitetowi\nwyborczemu wyborc\u00f3w.<\/p>\n\n\n\n<div style=\"height:20px\" aria-hidden=\"true\" class=\"wp-block-spacer\"><\/div>\n\n\n\n<p>Zawiadomienia o&nbsp;utworzeniu\nkomitetu wyborczego i zamiarze zg\u0142aszania kandydat\u00f3w na radnych, b\u0119d\u0105 przyjmowane\nprzez Komisarza Wyborczego w Zamo\u015bciu I<strong> do\ndnia 14 wrze\u015bnia 2020 r. w\nsiedzibie Delegatury Krajowego Biura Wyborczego w Zamo\u015bciu, Partyzant\u00f3w 3\/221 w godzinach pracy, tj. od 7:30 do\n15:30.<\/strong><\/p>\n\n\n\n<div style=\"height:20px\" aria-hidden=\"true\" class=\"wp-block-spacer\"><\/div>\n\n\n\n<p>Ponadto informuj\u0119, \u017ce\nzgodnie z art. 178 \u00a7 1 oraz \u00a7 2 Kodeksu Wyborczego, pe\u0142nomocnicy wyborczy\nkomitet\u00f3w wyborczych, kt\u00f3rych zawiadomienia o utworzeniu zosta\u0142y przyj\u0119te przez\nKomisarza Wyborczego w Zamo\u015bciu I, mog\u0105 zg\u0142asza\u0107 kandydat\u00f3w do sk\u0142adu Gminnej\nKomisji Wyborczej w \u0141abuniach. Zg\u0142oszenia nale\u017cy sk\u0142ada\u0107 w siedzibie Delegatury\nKrajowego Biura Wyborczego w Zamo\u015bciu (adres j. w.), w terminie do dnia 24\nwrze\u015bnia 2020 r. do godz. 15:30.<\/p>\n\n\n\n<div style=\"height:20px\" aria-hidden=\"true\" class=\"wp-block-spacer\"><\/div>\n\n\n\n<p>Zg\u0142oszenia <strong>kandydat\u00f3w na cz\u0142onk\u00f3w obwodowej komisji\nwyborczej<\/strong> przyjmuje Urz\u0119dnik Wyborczy Gminy \u0141abunie za po\u015brednictwem\nUrz\u0119du Gminy, w godzinach pracy Urz\u0119du, w terminie <strong>do dnia 9 pa\u017adziernika 2020 r.<\/strong><\/p>\n\n\n\n<div style=\"height:20px\" aria-hidden=\"true\" class=\"wp-block-spacer\"><\/div>\n\n\n\n<p>Wyborcy, kt\u00f3rzy najp\u00f3\u017aniej w dniu\ng\u0142osowania ko\u0144cz\u0105 60 lat, niepe\u0142nosprawni o znacznym lub umiarkowanym stopniu\nniepe\u0142nosprawno\u015bci oraz podlegaj\u0105cy w dniu g\u0142osowania obowi\u0105zkowej\nkwarantannie, izolacji lub izolacji w warunkach domowych, mog\u0105 g\u0142osowa\u0107 korespondencyjnie.\nZamiar g\u0142osowania korespondencyjnego powinien zosta\u0107 zg\u0142oszony Komisarzowi\nWyborczemu do dnia 26 pa\u017adziernika 2020 r. (termin wyd\u0142u\u017cony na podstawie art.\n9 \u00a7 2 Kodeksu wyborczego), z wyj\u0105tkiem wyborcy podlegaj\u0105cego w dniu g\u0142osowania\nobowi\u0105zkowej kwarantannie, izolacji lub izolacji w warunkach domowych, kt\u00f3ry\nzamiar g\u0142osowania zg\u0142asza do dnia 3 listopada 2020 r.<\/p>\n\n\n\n<div style=\"height:20px\" aria-hidden=\"true\" class=\"wp-block-spacer\"><\/div>\n\n\n\n<p>Wyborca niepe\u0142nosprawny o znacznym\nlub umiarkowanym stopniu niepe\u0142nosprawno\u015bci, a tak\u017ce wyborca, kt\u00f3ry w dniu\ng\u0142osowania b\u0119dzie mia\u0142 uko\u0144czone 60 lat, mo\u017ce g\u0142osowa\u0107 przez pe\u0142nomocnika.\nWniosek o sporz\u0105dzenie aktu pe\u0142nomocnictwa powinien zosta\u0107 wniesiony do&nbsp;W\u00f3jta\nGminy \u0141abunie do dnia 30 pa\u017adziernika 2020 r.<\/p>\n\n\n\n<div style=\"height:20px\" aria-hidden=\"true\" class=\"wp-block-spacer\"><\/div>\n\n\n\n<p>Ponadto\ninformuj\u0119, i\u017c zgodnie z art. 142 \u00a7 1 Kodeksu wyborczego, pe\u0142nomocnik finansowy\nkomitetu wyborczego ma <strong>obowi\u0105zek\nsporz\u0105dzenia i przed\u0142o\u017cenia Komisarzowi Wyborczemu w Zamo\u015bciu I sprawozdania\nfinansowego<\/strong> w terminie <strong>3\nmiesi\u0119cy od dnia wybor\u00f3w (tj. do dnia 8 lutego 2021 r.)<\/strong>. <\/p>\n\n\n\n<div style=\"height:20px\" aria-hidden=\"true\" class=\"wp-block-spacer\"><\/div>\n\n\n\n<p>Sprawozdanie\nnale\u017cy z\u0142o\u017cy\u0107 w siedzibie Delegatury Krajowego Biura Wyborczego\nw Zamo\u015bciu (adres j. w.). <strong>Do\nsprawozdania nale\u017cy do\u0142\u0105czy\u0107 orygina\u0142y dokument\u00f3w ksi\u0119gowych.<\/strong><\/p>\n\n\n\n<div style=\"height:20px\" aria-hidden=\"true\" class=\"wp-block-spacer\"><\/div>\n\n\n\n<p><em><strong>Obowi\u0105zek sprawozdawczy dotyczy wszystkich komitet\u00f3w\nwyborczych, tak\u017ce tych, kt\u00f3re nie pozyskiwa\u0142y \u015brodk\u00f3w finansowych, nie zaci\u0105ga\u0142y\nzobowi\u0105za\u0144 oraz nie dokonywa\u0142y wydatk\u00f3w na prowadzenie kampanii wyborczej.<\/strong><\/em><strong><\/strong><\/p>\n\n\n\n<div style=\"height:20px\" aria-hidden=\"true\" class=\"wp-block-spacer\"><\/div>\n\n\n\n<p>Stosowne formularze zg\u0142osze\u0144,\nwniosk\u00f3w i sprawozda\u0144 dost\u0119pne s\u0105 na stronach internetowych: zamosc.kbw.gov.pl\noraz pkw.gov.pl.<\/p>\n\n\n\n<div style=\"height:20px\" aria-hidden=\"true\" class=\"wp-block-spacer\"><\/div>\n\n\n\n<p><strong>O dotrzymaniu termin\u00f3w, o kt\u00f3rych\nmowa w Komunikacie, decyduje data otrzymania dokumentu przez w\u0142a\u015bciwy podmiot,\nnie za\u015b data stempla pocztowego.<\/strong><\/p>\n\n\n\n<div style=\"height:50px\" aria-hidden=\"true\" class=\"wp-block-spacer\"><\/div>\n\n\n\n<p class=\"has-text-align-right\"><em>Komisarz Wyborczy w Zamo\u015bciu I<br><br>Piotr Jan Szafra\u0144ski<\/em><\/p>\n","protected":false},"excerpt":{"rendered":"<p>Na podstawie \u00a7 9 pkt 1, 2 i 4 uchwa\u0142y Pa\u0144stwowej Komisji Wyborczej z dnia 5 lutego 2018 r. w sprawie okre\u015blenia w\u0142a\u015bciwo\u015bci terytorialnej i rzeczowej komisarzy wyborczych oraz ich siedzib, a tak\u017ce trybu pracy komisarzy wyborczych (M. P. z 2018 r. poz. 246), informuj\u0119, co nast\u0119puje.<\/p>\n","protected":false},"author":7,"featured_media":11633,"comment_status":"closed","ping_status":"closed","sticky":false,"template":"","format":"standard","meta":{"footnotes":""},"categories":[1],"tags":[],"class_list":["post-18739","post","type-post","status-publish","format-standard","has-post-thumbnail","hentry","category-wpisy","clearfix"],"_links":{"self":[{"href":"https:\/\/labunie.com.pl\/index.php?rest_route=\/wp\/v2\/posts\/18739","targetHints":{"allow":["GET"]}}],"collection":[{"href":"https:\/\/labunie.com.pl\/index.php?rest_route=\/wp\/v2\/posts"}],"about":[{"href":"https:\/\/labunie.com.pl\/index.php?rest_route=\/wp\/v2\/types\/post"}],"author":[{"embeddable":true,"href":"https:\/\/labunie.com.pl\/index.php?rest_route=\/wp\/v2\/users\/7"}],"replies":[{"embeddable":true,"href":"https:\/\/labunie.com.pl\/index.php?rest_route=%2Fwp%2Fv2%2Fcomments&post=18739"}],"version-history":[{"count":1,"href":"https:\/\/labunie.com.pl\/index.php?rest_route=\/wp\/v2\/posts\/18739\/revisions"}],"predecessor-version":[{"id":18744,"href":"https:\/\/labunie.com.pl\/index.php?rest_route=\/wp\/v2\/posts\/18739\/revisions\/18744"}],"wp:featuredmedia":[{"embeddable":true,"href":"https:\/\/labunie.com.pl\/index.php?rest_route=\/wp\/v2\/media\/11633"}],"wp:attachment":[{"href":"https:\/\/labunie.com.pl\/index.php?rest_route=%2Fwp%2Fv2%2Fmedia&parent=18739"}],"wp:term":[{"taxonomy":"category","embeddable":true,"href":"https:\/\/labunie.com.pl\/index.php?rest_route=%2Fwp%2Fv2%2Fcategories&post=18739"},{"taxonomy":"post_tag","embeddable":true,"href":"https:\/\/labunie.com.pl\/index.php?rest_route=%2Fwp%2Fv2%2Ftags&post=18739"}],"curies":[{"name":"wp","href":"https:\/\/api.w.org\/{rel}","templated":true}]}}