{"id":18767,"date":"2020-09-09T12:46:06","date_gmt":"2020-09-09T10:46:06","guid":{"rendered":"https:\/\/www.labunie.com.pl\/?p=18767"},"modified":"2020-09-09T12:46:06","modified_gmt":"2020-09-09T10:46:06","slug":"zaproszenie-do-udzialu-w-konkursie-2","status":"publish","type":"post","link":"https:\/\/labunie.com.pl\/?p=18767","title":{"rendered":"Zaproszenie do udzia\u0142u w konkursie"},"content":{"rendered":"\n<p><strong>Biblioteka Publiczna Gminy \u0141abunie zaprasza m\u0142odzie\u017c szkoln\u0105 ze szk\u00f3\u0142 z terenu Gminy \u0141abunie do wzi\u0119cia udzia\u0142u w Przegl\u0105dzie plastyczno-literackim na okoliczno\u015b\u0107 81. rocznicy Bitwy pod Cze\u015bnikami. <\/strong><\/p>\n\n\n\n<!--more-->\n\n\n\n<div style=\"height:20px\" aria-hidden=\"true\" class=\"wp-block-spacer\"><\/div>\n\n\n\n<p class=\"has-text-color has-background has-text-align-center has-medium-font-size has-very-dark-gray-color has-pale-cyan-blue-background-color\"><em>II wojna \u015bwiatowa na terenie Gminy \u0141abunie<\/em><br><em>we wspomnieniach jej mieszka\u0144c\u00f3w.<\/em><br><em>Interpretacje dzieci i m\u0142odzie\u017cy<\/em><\/p>\n\n\n\n<div style=\"height:20px\" aria-hidden=\"true\" class=\"wp-block-spacer\"><\/div>\n\n\n\n<p>W bie\u017c\u0105cym roku przypada 81. rocznica\nBitwy pod Cze\u015bnikami. Bitwy, stoczonej&nbsp; w\ndniach 21-22 wrze\u015bnia 1939 r., kiedy to 39 Dywizja Piechoty (rezerwowa)\nnieopodal wsi Cze\u015bniki, star\u0142a si\u0119 ze stron\u0105 niemieck\u0105: 4 Dywizj\u0105 Lekk\u0105 oraz 27\nDywizj\u0105 Piechoty z 14 Armii Niemieckiej. <\/p>\n\n\n\n<div style=\"height:20px\" aria-hidden=\"true\" class=\"wp-block-spacer\"><\/div>\n\n\n\n<p>Bitwa pozosta\u0142a\nnierozstrzygni\u0119ta. Polacy ponie\u015bli straty w wysoko\u015bci: 200 zabitych, 600\nrannych; Niemcy &#8211; straty podobne. Polacy wzi\u0119li do niewoli ok. 100 je\u0144c\u00f3w i\nzdobyli ok. 150 motocykli i samochod\u00f3w. Zaci\u0119te walki toczy\u0142y si\u0119 o wzg\u00f3rze 256\nna pograniczu Cze\u015bnik i Br\u00f3dka. Jednocze\u015bnie trwa\u0142y niezwykle ci\u0119\u017ckie zmagania\nwojenne o Barchacz\u00f3w, kt\u00f3ry to przechodzi\u0142 z r\u0105k do r\u0105k, a wie\u015b ta w wyniku\nkrwawych walk zosta\u0142a doszcz\u0119tnie spalona. <\/p>\n\n\n\n<div style=\"height:20px\" aria-hidden=\"true\" class=\"wp-block-spacer\"><\/div>\n\n\n\n<p>Zapraszamy do udzia\u0142u w\nprzegl\u0105dzie! Szczeg\u00f3\u0142y w do\u0142\u0105czonym regulaminie.<\/p>\n\n\n\n<div style=\"height:20px\" aria-hidden=\"true\" class=\"wp-block-spacer\"><\/div>\n\n\n\n<div class=\"wp-block-file\"><a href=\"https:\/\/www.labunie.com.pl\/wp-content\/uploads\/2020\/09\/regulamin_81.pdf\">Regulamin<\/a><a href=\"https:\/\/www.labunie.com.pl\/wp-content\/uploads\/2020\/09\/regulamin_81.pdf\" class=\"wp-block-file__button\" download>Pobierz<\/a><\/div>\n\n\n\n<p class=\"has-text-align-right\"><em>Agnieszka Szyku\u0142a-\u017bygawska<\/em><\/p>\n\n\n\n<div style=\"height:20px\" aria-hidden=\"true\" class=\"wp-block-spacer\"><\/div>\n\n\n\n<figure class=\"wp-block-gallery columns-1 wp-block-gallery-1 is-layout-flex wp-block-gallery-is-layout-flex\"><ul class=\"blocks-gallery-grid\"><li class=\"blocks-gallery-item\"><figure><a href=\"https:\/\/www.labunie.com.pl\/wp-content\/uploads\/2020\/09\/0001-1.jpg\" data-rel=\"lightbox-gallery-0ZspYTCC\" data-rl_title=\"\" data-rl_caption=\"\" title=\"\"><img loading=\"lazy\" decoding=\"async\" width=\"800\" height=\"600\" src=\"https:\/\/www.labunie.com.pl\/wp-content\/uploads\/2020\/09\/0001-1.jpg\" alt=\"\" data-id=\"18773\" data-full-url=\"https:\/\/www.labunie.com.pl\/wp-content\/uploads\/2020\/09\/0001-1.jpg\" data-link=\"https:\/\/www.labunie.com.pl\/?attachment_id=18773\" class=\"wp-image-18773\" srcset=\"https:\/\/labunie.com.pl\/wp-content\/uploads\/2020\/09\/0001-1.jpg 800w, https:\/\/labunie.com.pl\/wp-content\/uploads\/2020\/09\/0001-1-300x225.jpg 300w, https:\/\/labunie.com.pl\/wp-content\/uploads\/2020\/09\/0001-1-768x576.jpg 768w\" sizes=\"auto, (max-width: 800px) 100vw, 800px\" \/><\/a><figcaption class=\"blocks-gallery-item__caption\">Wzg\u00f3rze 256, <em>fot. P. Greszta<\/em><\/figcaption><\/figure><\/li><li class=\"blocks-gallery-item\"><figure><a href=\"https:\/\/www.labunie.com.pl\/wp-content\/uploads\/2020\/09\/0002-1.jpg\" data-rel=\"lightbox-gallery-0ZspYTCC\" data-rl_title=\"\" data-rl_caption=\"\" title=\"\"><img loading=\"lazy\" decoding=\"async\" width=\"800\" height=\"600\" src=\"https:\/\/www.labunie.com.pl\/wp-content\/uploads\/2020\/09\/0002-1.jpg\" alt=\"\" data-id=\"18774\" data-full-url=\"https:\/\/www.labunie.com.pl\/wp-content\/uploads\/2020\/09\/0002-1.jpg\" data-link=\"https:\/\/www.labunie.com.pl\/?attachment_id=18774\" class=\"wp-image-18774\" srcset=\"https:\/\/labunie.com.pl\/wp-content\/uploads\/2020\/09\/0002-1.jpg 800w, https:\/\/labunie.com.pl\/wp-content\/uploads\/2020\/09\/0002-1-300x225.jpg 300w, https:\/\/labunie.com.pl\/wp-content\/uploads\/2020\/09\/0002-1-768x576.jpg 768w\" sizes=\"auto, (max-width: 800px) 100vw, 800px\" \/><\/a><figcaption class=\"blocks-gallery-item__caption\">\u0141abunie w Ogniu, rycina ze zbior\u00f3w P. Greszty<\/figcaption><\/figure><\/li><li class=\"blocks-gallery-item\"><figure><a href=\"https:\/\/www.labunie.com.pl\/wp-content\/uploads\/2020\/09\/0003-1.jpg\" data-rel=\"lightbox-gallery-0ZspYTCC\" data-rl_title=\"\" data-rl_caption=\"\" title=\"\"><img loading=\"lazy\" decoding=\"async\" width=\"800\" height=\"600\" src=\"https:\/\/www.labunie.com.pl\/wp-content\/uploads\/2020\/09\/0003-1.jpg\" alt=\"\" data-id=\"18775\" data-full-url=\"https:\/\/www.labunie.com.pl\/wp-content\/uploads\/2020\/09\/0003-1.jpg\" data-link=\"https:\/\/www.labunie.com.pl\/?attachment_id=18775\" class=\"wp-image-18775\" srcset=\"https:\/\/labunie.com.pl\/wp-content\/uploads\/2020\/09\/0003-1.jpg 800w, https:\/\/labunie.com.pl\/wp-content\/uploads\/2020\/09\/0003-1-300x225.jpg 300w, https:\/\/labunie.com.pl\/wp-content\/uploads\/2020\/09\/0003-1-768x576.jpg 768w\" sizes=\"auto, (max-width: 800px) 100vw, 800px\" \/><\/a><figcaption class=\"blocks-gallery-item__caption\">Droga Cze\u015bniki-Br\u00f3dek k. wzg\u00f3rza 256,<em> fot. P. Greszta<\/em><\/figcaption><\/figure><\/li><li class=\"blocks-gallery-item\"><figure><a href=\"https:\/\/www.labunie.com.pl\/wp-content\/uploads\/2020\/09\/0004-1.jpg\" data-rel=\"lightbox-gallery-0ZspYTCC\" data-rl_title=\"\" data-rl_caption=\"\" title=\"\"><img loading=\"lazy\" decoding=\"async\" width=\"800\" height=\"600\" src=\"https:\/\/www.labunie.com.pl\/wp-content\/uploads\/2020\/09\/0004-1.jpg\" alt=\"\" data-id=\"18776\" data-full-url=\"https:\/\/www.labunie.com.pl\/wp-content\/uploads\/2020\/09\/0004-1.jpg\" data-link=\"https:\/\/www.labunie.com.pl\/?attachment_id=18776\" class=\"wp-image-18776\" srcset=\"https:\/\/labunie.com.pl\/wp-content\/uploads\/2020\/09\/0004-1.jpg 800w, https:\/\/labunie.com.pl\/wp-content\/uploads\/2020\/09\/0004-1-300x225.jpg 300w, https:\/\/labunie.com.pl\/wp-content\/uploads\/2020\/09\/0004-1-768x576.jpg 768w\" sizes=\"auto, (max-width: 800px) 100vw, 800px\" \/><\/a><figcaption class=\"blocks-gallery-item__caption\">Droga Cze\u015bniki-Br\u00f3dek k. wzg\u00f3rza 256, <em>fot. P. Greszta<\/em><\/figcaption><\/figure><\/li><li class=\"blocks-gallery-item\"><figure><a href=\"https:\/\/www.labunie.com.pl\/wp-content\/uploads\/2020\/09\/0005-1.jpg\" data-rel=\"lightbox-gallery-0ZspYTCC\" data-rl_title=\"\" data-rl_caption=\"\" title=\"\"><img loading=\"lazy\" decoding=\"async\" width=\"800\" height=\"600\" src=\"https:\/\/www.labunie.com.pl\/wp-content\/uploads\/2020\/09\/0005-1.jpg\" alt=\"\" data-id=\"18777\" data-full-url=\"https:\/\/www.labunie.com.pl\/wp-content\/uploads\/2020\/09\/0005-1.jpg\" data-link=\"https:\/\/www.labunie.com.pl\/?attachment_id=18777\" class=\"wp-image-18777\" srcset=\"https:\/\/labunie.com.pl\/wp-content\/uploads\/2020\/09\/0005-1.jpg 800w, https:\/\/labunie.com.pl\/wp-content\/uploads\/2020\/09\/0005-1-300x225.jpg 300w, https:\/\/labunie.com.pl\/wp-content\/uploads\/2020\/09\/0005-1-768x576.jpg 768w\" sizes=\"auto, (max-width: 800px) 100vw, 800px\" \/><\/a><figcaption class=\"blocks-gallery-item__caption\">Widok w stron\u0119 drogi Cze\u015bniki &#8211; Br\u00f3dek od strony Bo\u017cego Daru, <em>fot. P. Greszta<\/em><\/figcaption><\/figure><\/li><li class=\"blocks-gallery-item\"><figure><a href=\"https:\/\/www.labunie.com.pl\/wp-content\/uploads\/2020\/09\/0006.jpg\" data-rel=\"lightbox-gallery-0ZspYTCC\" data-rl_title=\"\" data-rl_caption=\"\" title=\"\"><img loading=\"lazy\" decoding=\"async\" width=\"800\" height=\"600\" src=\"https:\/\/www.labunie.com.pl\/wp-content\/uploads\/2020\/09\/0006.jpg\" alt=\"\" data-id=\"18778\" data-full-url=\"https:\/\/www.labunie.com.pl\/wp-content\/uploads\/2020\/09\/0006.jpg\" data-link=\"https:\/\/www.labunie.com.pl\/?attachment_id=18778\" class=\"wp-image-18778\" srcset=\"https:\/\/labunie.com.pl\/wp-content\/uploads\/2020\/09\/0006.jpg 800w, https:\/\/labunie.com.pl\/wp-content\/uploads\/2020\/09\/0006-300x225.jpg 300w, https:\/\/labunie.com.pl\/wp-content\/uploads\/2020\/09\/0006-768x576.jpg 768w\" sizes=\"auto, (max-width: 800px) 100vw, 800px\" \/><\/a><figcaption class=\"blocks-gallery-item__caption\">Widok na lasek mi\u0119dzy Barchaczowem a Bo\u017cym Darem, <em>fot. P. Greszta<\/em><\/figcaption><\/figure><\/li><li class=\"blocks-gallery-item\"><figure><a href=\"https:\/\/www.labunie.com.pl\/wp-content\/uploads\/2020\/09\/0007.jpg\" data-rel=\"lightbox-gallery-0ZspYTCC\" data-rl_title=\"\" data-rl_caption=\"\" title=\"\"><img loading=\"lazy\" decoding=\"async\" width=\"800\" height=\"600\" src=\"https:\/\/www.labunie.com.pl\/wp-content\/uploads\/2020\/09\/0007.jpg\" alt=\"\" data-id=\"18779\" data-full-url=\"https:\/\/www.labunie.com.pl\/wp-content\/uploads\/2020\/09\/0007.jpg\" data-link=\"https:\/\/www.labunie.com.pl\/?attachment_id=18779\" class=\"wp-image-18779\" srcset=\"https:\/\/labunie.com.pl\/wp-content\/uploads\/2020\/09\/0007.jpg 800w, https:\/\/labunie.com.pl\/wp-content\/uploads\/2020\/09\/0007-300x225.jpg 300w, https:\/\/labunie.com.pl\/wp-content\/uploads\/2020\/09\/0007-768x576.jpg 768w\" sizes=\"auto, (max-width: 800px) 100vw, 800px\" \/><\/a><figcaption class=\"blocks-gallery-item__caption\">Cze\u015bniki, <em>fot. P. Greszta<\/em><\/figcaption><\/figure><\/li><li class=\"blocks-gallery-item\"><figure><a href=\"https:\/\/www.labunie.com.pl\/wp-content\/uploads\/2020\/09\/0008.jpg\" data-rel=\"lightbox-gallery-0ZspYTCC\" data-rl_title=\"\" data-rl_caption=\"\" title=\"\"><img loading=\"lazy\" decoding=\"async\" width=\"800\" height=\"600\" src=\"https:\/\/www.labunie.com.pl\/wp-content\/uploads\/2020\/09\/0008.jpg\" alt=\"\" data-id=\"18780\" data-full-url=\"https:\/\/www.labunie.com.pl\/wp-content\/uploads\/2020\/09\/0008.jpg\" data-link=\"https:\/\/www.labunie.com.pl\/?attachment_id=18780\" class=\"wp-image-18780\" srcset=\"https:\/\/labunie.com.pl\/wp-content\/uploads\/2020\/09\/0008.jpg 800w, https:\/\/labunie.com.pl\/wp-content\/uploads\/2020\/09\/0008-300x225.jpg 300w, https:\/\/labunie.com.pl\/wp-content\/uploads\/2020\/09\/0008-768x576.jpg 768w\" sizes=\"auto, (max-width: 800px) 100vw, 800px\" \/><\/a><figcaption class=\"blocks-gallery-item__caption\">Droga Cze\u015bniki-Br\u00f3dek k. wzg\u00f3rza 256, <em>fot. P. Greszta<\/em><\/figcaption><\/figure><\/li><li class=\"blocks-gallery-item\"><figure><a href=\"https:\/\/www.labunie.com.pl\/wp-content\/uploads\/2020\/09\/0009.jpg\" data-rel=\"lightbox-gallery-0ZspYTCC\" data-rl_title=\"\" data-rl_caption=\"\" title=\"\"><img loading=\"lazy\" decoding=\"async\" width=\"800\" height=\"600\" src=\"https:\/\/www.labunie.com.pl\/wp-content\/uploads\/2020\/09\/0009.jpg\" alt=\"\" data-id=\"18781\" data-full-url=\"https:\/\/www.labunie.com.pl\/wp-content\/uploads\/2020\/09\/0009.jpg\" data-link=\"https:\/\/www.labunie.com.pl\/?attachment_id=18781\" class=\"wp-image-18781\" srcset=\"https:\/\/labunie.com.pl\/wp-content\/uploads\/2020\/09\/0009.jpg 800w, https:\/\/labunie.com.pl\/wp-content\/uploads\/2020\/09\/0009-300x225.jpg 300w, https:\/\/labunie.com.pl\/wp-content\/uploads\/2020\/09\/0009-768x576.jpg 768w\" sizes=\"auto, (max-width: 800px) 100vw, 800px\" \/><\/a><figcaption class=\"blocks-gallery-item__caption\">Las mi\u0119dzy Cze\u015bnikami a Br\u00f3dkiem, <em>fot. P. Greszta<\/em><\/figcaption><\/figure><\/li><li class=\"blocks-gallery-item\"><figure><a href=\"https:\/\/www.labunie.com.pl\/wp-content\/uploads\/2020\/09\/0010.jpg\" data-rel=\"lightbox-gallery-0ZspYTCC\" data-rl_title=\"\" data-rl_caption=\"\" title=\"\"><img loading=\"lazy\" decoding=\"async\" width=\"800\" height=\"600\" src=\"https:\/\/www.labunie.com.pl\/wp-content\/uploads\/2020\/09\/0010.jpg\" alt=\"\" data-id=\"18782\" data-full-url=\"https:\/\/www.labunie.com.pl\/wp-content\/uploads\/2020\/09\/0010.jpg\" data-link=\"https:\/\/www.labunie.com.pl\/?attachment_id=18782\" class=\"wp-image-18782\" srcset=\"https:\/\/labunie.com.pl\/wp-content\/uploads\/2020\/09\/0010.jpg 800w, https:\/\/labunie.com.pl\/wp-content\/uploads\/2020\/09\/0010-300x225.jpg 300w, https:\/\/labunie.com.pl\/wp-content\/uploads\/2020\/09\/0010-768x576.jpg 768w\" sizes=\"auto, (max-width: 800px) 100vw, 800px\" \/><\/a><figcaption class=\"blocks-gallery-item__caption\">Las mi\u0119dzy Stabrowem, Karpiem a W\u00f3lk\u0105 Horyszowsk\u0105,<em> fot. P. Greszta<\/em><\/figcaption><\/figure><\/li><li class=\"blocks-gallery-item\"><figure><a href=\"https:\/\/www.labunie.com.pl\/wp-content\/uploads\/2020\/09\/0011.jpg\" data-rel=\"lightbox-gallery-0ZspYTCC\" data-rl_title=\"\" data-rl_caption=\"\" title=\"\"><img loading=\"lazy\" decoding=\"async\" width=\"800\" height=\"600\" src=\"https:\/\/www.labunie.com.pl\/wp-content\/uploads\/2020\/09\/0011.jpg\" alt=\"\" data-id=\"18783\" data-full-url=\"https:\/\/www.labunie.com.pl\/wp-content\/uploads\/2020\/09\/0011.jpg\" data-link=\"https:\/\/www.labunie.com.pl\/?attachment_id=18783\" class=\"wp-image-18783\" srcset=\"https:\/\/labunie.com.pl\/wp-content\/uploads\/2020\/09\/0011.jpg 800w, https:\/\/labunie.com.pl\/wp-content\/uploads\/2020\/09\/0011-300x225.jpg 300w, https:\/\/labunie.com.pl\/wp-content\/uploads\/2020\/09\/0011-768x576.jpg 768w\" sizes=\"auto, (max-width: 800px) 100vw, 800px\" \/><\/a><figcaption class=\"blocks-gallery-item__caption\">Las mi\u0119dzy Cze\u015bnikami Dolnymi a Wolic\u0105 \u015aniatyck\u0105, <em>fot. P. Greszta<\/em><\/figcaption><\/figure><\/li><\/ul><\/figure>\n","protected":false},"excerpt":{"rendered":"<p>Biblioteka Publiczna Gminy \u0141abunie zaprasza m\u0142odzie\u017c szkoln\u0105 ze szk\u00f3\u0142 z terenu Gminy \u0141abunie do wzi\u0119cia udzia\u0142u w Przegl\u0105dzie plastyczno-literackim na okoliczno\u015b\u0107 81. rocznicy Bitwy pod Cze\u015bnikami.<\/p>\n","protected":false},"author":7,"featured_media":18772,"comment_status":"closed","ping_status":"closed","sticky":false,"template":"","format":"standard","meta":{"footnotes":""},"categories":[1],"tags":[],"class_list":["post-18767","post","type-post","status-publish","format-standard","has-post-thumbnail","hentry","category-wpisy","clearfix"],"_links":{"self":[{"href":"https:\/\/labunie.com.pl\/index.php?rest_route=\/wp\/v2\/posts\/18767","targetHints":{"allow":["GET"]}}],"collection":[{"href":"https:\/\/labunie.com.pl\/index.php?rest_route=\/wp\/v2\/posts"}],"about":[{"href":"https:\/\/labunie.com.pl\/index.php?rest_route=\/wp\/v2\/types\/post"}],"author":[{"embeddable":true,"href":"https:\/\/labunie.com.pl\/index.php?rest_route=\/wp\/v2\/users\/7"}],"replies":[{"embeddable":true,"href":"https:\/\/labunie.com.pl\/index.php?rest_route=%2Fwp%2Fv2%2Fcomments&post=18767"}],"version-history":[{"count":5,"href":"https:\/\/labunie.com.pl\/index.php?rest_route=\/wp\/v2\/posts\/18767\/revisions"}],"predecessor-version":[{"id":18785,"href":"https:\/\/labunie.com.pl\/index.php?rest_route=\/wp\/v2\/posts\/18767\/revisions\/18785"}],"wp:featuredmedia":[{"embeddable":true,"href":"https:\/\/labunie.com.pl\/index.php?rest_route=\/wp\/v2\/media\/18772"}],"wp:attachment":[{"href":"https:\/\/labunie.com.pl\/index.php?rest_route=%2Fwp%2Fv2%2Fmedia&parent=18767"}],"wp:term":[{"taxonomy":"category","embeddable":true,"href":"https:\/\/labunie.com.pl\/index.php?rest_route=%2Fwp%2Fv2%2Fcategories&post=18767"},{"taxonomy":"post_tag","embeddable":true,"href":"https:\/\/labunie.com.pl\/index.php?rest_route=%2Fwp%2Fv2%2Ftags&post=18767"}],"curies":[{"name":"wp","href":"https:\/\/api.w.org\/{rel}","templated":true}]}}