{"id":18803,"date":"2020-09-14T13:27:21","date_gmt":"2020-09-14T11:27:21","guid":{"rendered":"https:\/\/www.labunie.com.pl\/?p=18803"},"modified":"2020-09-14T13:27:21","modified_gmt":"2020-09-14T11:27:21","slug":"konkurs-foto-piekno-powiatu-zamojskiego-w-obiektywie","status":"publish","type":"post","link":"https:\/\/labunie.com.pl\/?p=18803","title":{"rendered":"Konkurs foto &#8211; &#8220;Pi\u0119kno Powiatu Zamojskiego w obiektywie&#8221;"},"content":{"rendered":"\n<p><strong>Zapraszamy uczni\u00f3w szk\u00f3\u0142 podstawowych i ponadpodstawowych z terenu powiatu zamojskiego do udzia\u0142u w I Edycji Powiatowego Konkursu Fotograficznego pod Honorowym Patronatem Starosty Zamojskiego &#8220;Pi\u0119kno Powiatu Zamojskiego w obiektywie&#8221;.<\/strong><\/p>\n\n\n\n<div style=\"height:20px\" aria-hidden=\"true\" class=\"wp-block-spacer\"><\/div>\n\n\n\n<!--more-->\n\n\n\n<p><strong>Tematem konkursu jest powiat zamojski, jego dziedzictwo przyrodnicze, kulturowe, tradycyjne i historyczne.<\/strong><\/p>\n<p><strong>Konkurs odbywa si\u0119 w dw\u00f3ch kategoriach:<\/strong><\/p>\n<ul>\n<li>&#8211; Kategoria I \u2013 dla uczni\u00f3w szk\u00f3\u0142 podstawowych,<\/li>\n<li>&#8211; Kategoria II \u2013 dla uczni\u00f3w szk\u00f3\u0142 ponadpodstawowych.<\/li>\n<\/ul>\n<p>\u00a0<\/p>\n<p><strong>Nagrody<\/strong><\/p>\n<ul>\n<li>Nagrody rzeczowe w konkursie ufundowane zostan\u0105 przez Starostwo Powiatowe w Zamo\u015bciu.<\/li>\n<li>Komisja konkursowa przyzna nagrody rzeczowe w dw\u00f3ch kategoriach o \u0142\u0105cznej wysoko\u015bci 7\u00a0500,00 z\u0142otych.<\/li>\n<li>12 nagrodzonych zdj\u0119\u0107 zostanie opublikowanych w Powiatowym Kalendarzu na 2021 rok wraz z podaniem imienia, nazwiska autora zdj\u0119cia oraz nazwy szko\u0142y.<\/li>\n<\/ul>\n<p>Regulamin, formularz zg\u0142oszeniowy oraz o\u015bwiadczenie przekazania praw autorskich dost\u0119pny jest na stronie internetowej: <a href=\"http:\/\/powiatzamojski.pl\/pl\/news\/893\/zaproszenie-do-udzialu-w-i-edycji-powiatowego-konkursu.html\"><strong>http:\/\/powiatzamojski.pl\/pl\/news\/893\/zaproszenie-do-udzialu-w-i-edycji-powiatowego-konkursu.html<\/strong><\/a><\/p>\n<p>\u00a0<\/p>\n<p>Wszelkich informacji zwi\u0105zanych z organizacj\u0105 Konkursu udzielaj\u0105 Organizatorzy drog\u0105 elektroniczn\u0105: <a href=\"mailto:promocja@powiatzamojski.pl\">promocja@powiatzamojski.pl<\/a>, <a href=\"mailto:a.klus@powiatzamojski.pl\">a.klus@powiatzamojski.pl<\/a>, <a href=\"mailto:k.seroka@powiatzamojski.pl\">k.seroka@powiatzamojski.pl<\/a> oraz telefonicznie tel.: 84 53 00\u00a0944, 84 53 00\u00a0943.<\/p>\n\n\n\n<div style=\"height:20px\" aria-hidden=\"true\" class=\"wp-block-spacer\"><\/div>\n\n\n\n<p><\/p>\n\n\n\n<figure class=\"wp-block-image size-large\"><img loading=\"lazy\" decoding=\"async\" width=\"724\" height=\"1024\" src=\"https:\/\/www.labunie.com.pl\/wp-content\/uploads\/2020\/09\/7721_plakat-konkurs_edytowany-2-724x1024.jpg\" alt=\"\" class=\"wp-image-18805\" srcset=\"https:\/\/labunie.com.pl\/wp-content\/uploads\/2020\/09\/7721_plakat-konkurs_edytowany-2-724x1024.jpg 724w, https:\/\/labunie.com.pl\/wp-content\/uploads\/2020\/09\/7721_plakat-konkurs_edytowany-2-212x300.jpg 212w, https:\/\/labunie.com.pl\/wp-content\/uploads\/2020\/09\/7721_plakat-konkurs_edytowany-2-768x1087.jpg 768w, https:\/\/labunie.com.pl\/wp-content\/uploads\/2020\/09\/7721_plakat-konkurs_edytowany-2-1085x1536.jpg 1085w, https:\/\/labunie.com.pl\/wp-content\/uploads\/2020\/09\/7721_plakat-konkurs_edytowany-2-1447x2048.jpg 1447w, https:\/\/labunie.com.pl\/wp-content\/uploads\/2020\/09\/7721_plakat-konkurs_edytowany-2-scaled.jpg 1809w\" sizes=\"auto, (max-width: 724px) 100vw, 724px\" \/><\/figure>\n","protected":false},"excerpt":{"rendered":"<p>Zapraszamy uczni\u00f3w szk\u00f3\u0142 podstawowych i ponadpodstawowych z terenu powiatu zamojskiego do udzia\u0142u w I Edycji Powiatowego Konkursu Fotograficznego pod Honorowym Patronatem Starosty Zamojskiego &#8220;Pi\u0119kno Powiatu Zamojskiego w obiektywie&#8221;.<\/p>\n","protected":false},"author":11,"featured_media":18807,"comment_status":"closed","ping_status":"closed","sticky":false,"template":"","format":"standard","meta":{"footnotes":""},"categories":[1],"tags":[],"class_list":["post-18803","post","type-post","status-publish","format-standard","has-post-thumbnail","hentry","category-wpisy","clearfix"],"_links":{"self":[{"href":"https:\/\/labunie.com.pl\/index.php?rest_route=\/wp\/v2\/posts\/18803","targetHints":{"allow":["GET"]}}],"collection":[{"href":"https:\/\/labunie.com.pl\/index.php?rest_route=\/wp\/v2\/posts"}],"about":[{"href":"https:\/\/labunie.com.pl\/index.php?rest_route=\/wp\/v2\/types\/post"}],"author":[{"embeddable":true,"href":"https:\/\/labunie.com.pl\/index.php?rest_route=\/wp\/v2\/users\/11"}],"replies":[{"embeddable":true,"href":"https:\/\/labunie.com.pl\/index.php?rest_route=%2Fwp%2Fv2%2Fcomments&post=18803"}],"version-history":[{"count":2,"href":"https:\/\/labunie.com.pl\/index.php?rest_route=\/wp\/v2\/posts\/18803\/revisions"}],"predecessor-version":[{"id":18808,"href":"https:\/\/labunie.com.pl\/index.php?rest_route=\/wp\/v2\/posts\/18803\/revisions\/18808"}],"wp:featuredmedia":[{"embeddable":true,"href":"https:\/\/labunie.com.pl\/index.php?rest_route=\/wp\/v2\/media\/18807"}],"wp:attachment":[{"href":"https:\/\/labunie.com.pl\/index.php?rest_route=%2Fwp%2Fv2%2Fmedia&parent=18803"}],"wp:term":[{"taxonomy":"category","embeddable":true,"href":"https:\/\/labunie.com.pl\/index.php?rest_route=%2Fwp%2Fv2%2Fcategories&post=18803"},{"taxonomy":"post_tag","embeddable":true,"href":"https:\/\/labunie.com.pl\/index.php?rest_route=%2Fwp%2Fv2%2Ftags&post=18803"}],"curies":[{"name":"wp","href":"https:\/\/api.w.org\/{rel}","templated":true}]}}