{"id":18888,"date":"2020-09-25T14:11:03","date_gmt":"2020-09-25T12:11:03","guid":{"rendered":"https:\/\/www.labunie.com.pl\/?p=18888"},"modified":"2020-09-25T14:31:44","modified_gmt":"2020-09-25T12:31:44","slug":"pol-wieku-razem","status":"publish","type":"post","link":"https:\/\/labunie.com.pl\/?p=18888","title":{"rendered":"P\u00f3\u0142 wieku razem"},"content":{"rendered":"\n<p><strong>Pi\u0119tna\u015bcie par z 50-letnim sta\u017cem ma\u0142\u017ce\u0144skim z gminy \u0141abunie \u015bwi\u0119towa\u0142o dzisiaj Z\u0142ote Gody &#8211;&nbsp; jubileusz d\u0142ugoletniego po\u017cycia ma\u0142\u017ce\u0144skiego. W pi\u0105tek, 25 wrze\u015bnia odby\u0142a si\u0119 msza \u015bw. w intencji jubilat\u00f3w oraz uroczysto\u015b\u0107 wr\u0119czenia medali przyznanych przez Prezydenta RP. <br><\/strong><\/p>\n\n\n\n<div style=\"height:20px\" aria-hidden=\"true\" class=\"wp-block-spacer\"><\/div>\n\n\n\n<!--more-->\n\n\n\n<div style=\"height:20px\" aria-hidden=\"true\" class=\"wp-block-spacer\"><\/div>\n\n\n\n<p>O godz. 11.00 w ko\u015bciele w \u0141abuniach msz\u0119 w intencji jubilat\u00f3w odprawi\u0142 proboszcz parafii &#8211; ks. Andrzej \u0141uszcz. Po nabo\u017ce\u0144stwie w Domu Kultury w \u0141abuniach odby\u0142a si\u0119 uroczysto\u015b\u0107 wr\u0119czenia medali ,,za d\u0142ugoletnie po\u017cycie ma\u0142\u017ce\u0144skie&#8221;. Zosta\u0142y przyznane przez Prezydenta Rzeczpospolitej Polskiej parom ma\u0142\u017ce\u0144skim, kt\u00f3re obchodz\u0105&nbsp; jubileusz 50-lecia zawarcia ma\u0142\u017ce\u0144stwa.<\/p>\n\n\n\n<div style=\"height:20px\" aria-hidden=\"true\" class=\"wp-block-spacer\"><\/div>\n\n\n\n<p>Uroczysto\u015b\u0107 otworzy\u0142 W\u00f3jt Gminy \u0141abunie &#8211; Mariusz Kukie\u0142ka. Do \u017cycze\u0144 W\u00f3jta do\u0142\u0105czyli si\u0119 obecni na wydarzeniu: ks. proboszcz &#8211; Andrzej \u0141uszcz, Przewodnicz\u0105ca Rady Gminy \u0141abunie &#8211; El\u017cbieta Ku\u017ama oraz Wiceprzewodnicz\u0105cy Rady Gminy &#8211; Mariusz Kliza.<\/p>\n\n\n\n<div style=\"height:20px\" aria-hidden=\"true\" class=\"wp-block-spacer\"><\/div>\n\n\n\n<p>Zgromadzeni jubilaci opr\u00f3cz medali otrzymali r\u00f3wnie\u017c s\u0142odki upominek i kwiaty.<\/p>\n\n\n\n<div style=\"height:20px\" aria-hidden=\"true\" class=\"wp-block-spacer\"><\/div>\n\n\n\n<p><strong>W bie\u017c\u0105cym roku ,,Z\u0142ote Gody\u201d obchodzili Pa\u0144stwo:<\/strong><\/p>\n<p>Maria i Mieczys\u0142aw Adamowicz<br \/>Zofia i Ryszard Burdzy<br \/>Maria i Janusz Chwedyk<br \/>Walentyna i Gabriel Gontarz<br \/>Maria i Hieronim Helman<br \/>Joanna i Jan Jachtoma<br \/>Teresa i Tadeusz Koko\u0107<br \/>El\u017cbieta i Aleksander Ku\u017ama<br \/>Jadwiga i Stanis\u0142aw Micho\u0144ski<br \/>Bogumi\u0142a i Jan Misztal<br \/>Helena i Antoni Mr\u00f3z<br \/>Teresa i Marian Paszt<br \/>Janina i Ryszard Pupiec<br \/>Teresa i Stanis\u0142aw Py\u015b<br \/>Cecylia i Antoni Soko\u0142owski<\/p>\n\n\n\n<div style=\"height:20px\" aria-hidden=\"true\" class=\"wp-block-spacer\"><\/div>\n\n\n\n<p>[lg_folder folder=&#8221;20200925\/&#8221; paging=&#8221;false&#8221;]<\/p>\n","protected":false},"excerpt":{"rendered":"<p>Pi\u0119tna\u015bcie par z 50-letnim sta\u017cem ma\u0142\u017ce\u0144skim z gminy \u0141abunie \u015bwi\u0119towa\u0142o dzisiaj Z\u0142ote Gody &#8211;&nbsp; jubileusz d\u0142ugoletniego po\u017cycia ma\u0142\u017ce\u0144skiego. W pi\u0105tek, 25 wrze\u015bnia odby\u0142a si\u0119 msza \u015bw. w intencji jubilat\u00f3w oraz uroczysto\u015b\u0107 wr\u0119czenia medali przyznanych przez Prezydenta RP.<\/p>\n","protected":false},"author":11,"featured_media":18898,"comment_status":"closed","ping_status":"closed","sticky":false,"template":"","format":"standard","meta":{"footnotes":""},"categories":[1],"tags":[],"class_list":["post-18888","post","type-post","status-publish","format-standard","has-post-thumbnail","hentry","category-wpisy","clearfix"],"_links":{"self":[{"href":"https:\/\/labunie.com.pl\/index.php?rest_route=\/wp\/v2\/posts\/18888","targetHints":{"allow":["GET"]}}],"collection":[{"href":"https:\/\/labunie.com.pl\/index.php?rest_route=\/wp\/v2\/posts"}],"about":[{"href":"https:\/\/labunie.com.pl\/index.php?rest_route=\/wp\/v2\/types\/post"}],"author":[{"embeddable":true,"href":"https:\/\/labunie.com.pl\/index.php?rest_route=\/wp\/v2\/users\/11"}],"replies":[{"embeddable":true,"href":"https:\/\/labunie.com.pl\/index.php?rest_route=%2Fwp%2Fv2%2Fcomments&post=18888"}],"version-history":[{"count":5,"href":"https:\/\/labunie.com.pl\/index.php?rest_route=\/wp\/v2\/posts\/18888\/revisions"}],"predecessor-version":[{"id":18914,"href":"https:\/\/labunie.com.pl\/index.php?rest_route=\/wp\/v2\/posts\/18888\/revisions\/18914"}],"wp:featuredmedia":[{"embeddable":true,"href":"https:\/\/labunie.com.pl\/index.php?rest_route=\/wp\/v2\/media\/18898"}],"wp:attachment":[{"href":"https:\/\/labunie.com.pl\/index.php?rest_route=%2Fwp%2Fv2%2Fmedia&parent=18888"}],"wp:term":[{"taxonomy":"category","embeddable":true,"href":"https:\/\/labunie.com.pl\/index.php?rest_route=%2Fwp%2Fv2%2Fcategories&post=18888"},{"taxonomy":"post_tag","embeddable":true,"href":"https:\/\/labunie.com.pl\/index.php?rest_route=%2Fwp%2Fv2%2Ftags&post=18888"}],"curies":[{"name":"wp","href":"https:\/\/api.w.org\/{rel}","templated":true}]}}