{"id":18947,"date":"2020-09-30T09:13:49","date_gmt":"2020-09-30T07:13:49","guid":{"rendered":"https:\/\/www.labunie.com.pl\/?p=18947"},"modified":"2020-09-30T09:13:49","modified_gmt":"2020-09-30T07:13:49","slug":"ii-wojna-swiatowa-na-terenie-gminy-labunie-we-wspomnieniach-jej-mieszkancow-interpretacje-dzieci-i-mlodziezy-spotkanie-w-izbie-muzealnej-w-barchaczowie","status":"publish","type":"post","link":"https:\/\/labunie.com.pl\/?p=18947","title":{"rendered":"\u201eII wojna \u015bwiatowa na terenie Gminy \u0141abunie we wspomnieniach jej mieszka\u0144c\u00f3w. Interpretacje dzieci i m\u0142odzie\u017cy\u201d \u2013 spotkanie w Izbie Muzealnej w Barchaczowie"},"content":{"rendered":"\n<p><strong>27 wrze\u015bnia, w niedzielne popo\u0142udnie mi\u0142o\u015bnicy historii \u0141abu\u0144 i okolic oraz laureaci zorganizowanego przez Bibliotek\u0119 Publiczn\u0105 Gminy \u0141abunie przegl\u0105du literacko-plastycznego zebrali si\u0119 w Izbie Muzealnej w Barchaczowie.<\/strong> <\/p>\n\n\n\n<!--more-->\n\n\n\n<div style=\"height:20px\" aria-hidden=\"true\" class=\"wp-block-spacer\"><\/div>\n\n\n\n<p>Przyby\u0142y w\u0142adze gminy, nestorzy pami\u0119taj\u0105cy wydarzenia II wojny \u015bwiatowej w Barchaczowie, a tak\u017ce m\u0142odzi arty\u015bci ze szk\u00f3\u0142 podstawowych w \u0141abuniach i \u0141abu\u0144kach wraz z dumnymi ze swych pociech opiekunami \u2013 laureaci og\u0142oszonego na okoliczno\u015b\u0107 81. rocznicy Bitwy pod Cze\u015bnikami i Barchaczowem konkursu: \u201eII wojna \u015bwiatowa na terenie Gminy \u0141abunie we wspomnieniach jej mieszka\u0144c\u00f3w. Interpretacje dzieci i m\u0142odzie\u017cy\u201d.<\/p>\n\n\n\n<div style=\"height:20px\" aria-hidden=\"true\" class=\"wp-block-spacer\"><\/div>\n\n\n\n<p>Po odczytaniu werdyktu jury i wr\u0119czeniu nagr\u00f3d by\u0142a okazja\ndo wys\u0142uchania prelekcji Piotra Greszty \u2013 historyka, kt\u00f3ry ze szczer\u0105 pasja\nopowiada\u0142 o zaci\u0119tych walkach pod koniec wrze\u015bnia 39. roku na naszym terenie.\nM\u0142odzi tw\u00f3rcy mieli okazj\u0119 udzieli\u0107 wywiadu dla Katolickiego Radia Zamo\u015b\u0107,\nkt\u00f3re by\u0142o patronem medialnym przedsi\u0119wzi\u0119cia, a Panie z Ko\u0142a Gospody\u0144\nWiejskich w Barchaczowie uraczy\u0142y nas ciep\u0142\u0105 herbat\u0105 i s\u0142odkim pocz\u0119stunkiem. <\/p>\n\n\n\n<div style=\"height:20px\" aria-hidden=\"true\" class=\"wp-block-spacer\"><\/div>\n\n\n\n<p>Pogoda za oknem nie by\u0142a zach\u0119caj\u0105ca, dlatego tym bardziej\ndzi\u0119kujemy za tak liczne przybycie na spotkanie. <\/p>\n\n\n\n<div style=\"height:20px\" aria-hidden=\"true\" class=\"wp-block-spacer\"><\/div>\n\n\n\n<p>Zapraszam do Biblioteki Publicznej Gminy \u0141abunie, gdzie do\nko\u0144ca pa\u017adziernika eksponowane s\u0105 prace laureat\u00f3w konkursu.<\/p>\n\n\n\n<div style=\"height:20px\" aria-hidden=\"true\" class=\"wp-block-spacer\"><\/div>\n\n\n\n<p class=\"has-text-align-right\"><em>Agnieszka Szyku\u0142a-\u017bygawska<\/em><\/p>\n\n\n\n<div style=\"height:20px\" aria-hidden=\"true\" class=\"wp-block-spacer\"><\/div>\n\n\n<p>[lg_folder folder=&#8221;20200927\/&#8221; paging=&#8221;false&#8221;]<\/p>","protected":false},"excerpt":{"rendered":"<p>27 wrze\u015bnia, w niedzielne popo\u0142udnie mi\u0142o\u015bnicy historii \u0141abu\u0144 i okolic oraz laureaci zorganizowanego przez Bibliotek\u0119 Publiczn\u0105 Gminy \u0141abunie przegl\u0105du literacko-plastycznego zebrali si\u0119 w Izbie Muzealnej w Barchaczowie.<\/p>\n","protected":false},"author":7,"featured_media":18948,"comment_status":"closed","ping_status":"closed","sticky":false,"template":"","format":"standard","meta":{"footnotes":""},"categories":[1],"tags":[],"class_list":["post-18947","post","type-post","status-publish","format-standard","has-post-thumbnail","hentry","category-wpisy","clearfix"],"_links":{"self":[{"href":"https:\/\/labunie.com.pl\/index.php?rest_route=\/wp\/v2\/posts\/18947","targetHints":{"allow":["GET"]}}],"collection":[{"href":"https:\/\/labunie.com.pl\/index.php?rest_route=\/wp\/v2\/posts"}],"about":[{"href":"https:\/\/labunie.com.pl\/index.php?rest_route=\/wp\/v2\/types\/post"}],"author":[{"embeddable":true,"href":"https:\/\/labunie.com.pl\/index.php?rest_route=\/wp\/v2\/users\/7"}],"replies":[{"embeddable":true,"href":"https:\/\/labunie.com.pl\/index.php?rest_route=%2Fwp%2Fv2%2Fcomments&post=18947"}],"version-history":[{"count":4,"href":"https:\/\/labunie.com.pl\/index.php?rest_route=\/wp\/v2\/posts\/18947\/revisions"}],"predecessor-version":[{"id":18952,"href":"https:\/\/labunie.com.pl\/index.php?rest_route=\/wp\/v2\/posts\/18947\/revisions\/18952"}],"wp:featuredmedia":[{"embeddable":true,"href":"https:\/\/labunie.com.pl\/index.php?rest_route=\/wp\/v2\/media\/18948"}],"wp:attachment":[{"href":"https:\/\/labunie.com.pl\/index.php?rest_route=%2Fwp%2Fv2%2Fmedia&parent=18947"}],"wp:term":[{"taxonomy":"category","embeddable":true,"href":"https:\/\/labunie.com.pl\/index.php?rest_route=%2Fwp%2Fv2%2Fcategories&post=18947"},{"taxonomy":"post_tag","embeddable":true,"href":"https:\/\/labunie.com.pl\/index.php?rest_route=%2Fwp%2Fv2%2Ftags&post=18947"}],"curies":[{"name":"wp","href":"https:\/\/api.w.org\/{rel}","templated":true}]}}