{"id":19123,"date":"2020-11-13T18:15:00","date_gmt":"2020-11-13T17:15:00","guid":{"rendered":"https:\/\/www.labunie.com.pl\/?p=19123"},"modified":"2020-11-29T18:16:19","modified_gmt":"2020-11-29T17:16:19","slug":"pamietajmy-o-seniorach","status":"publish","type":"post","link":"https:\/\/labunie.com.pl\/?p=19123","title":{"rendered":"Pami\u0119tajmy o seniorach"},"content":{"rendered":"\n<p><strong>W sobot\u0119, 14 listopada obchodzi\u0107 b\u0119dziemy Og\u00f3lnopolski Dzie\u0144 Seniora. W tym roku w gminie \u0141abunie mia\u0142a odby\u0107 si\u0119 druga edycja tego wydarzenia. Pandemia pokrzy\u017cowa\u0142a plany, ale &#8230; pami\u0119taj\u0105c o Was sk\u0142adamy Wam najserdeczniejsze \u017cyczenia&#8230;<br><\/strong><\/p>\n\n\n\n<div style=\"height:20px\" aria-hidden=\"true\" class=\"wp-block-spacer\"><\/div>\n\n\n\n<!--more-->\n\n\n\n<p>W ubieg\u0142ym roku W\u00f3jt Gminy \u0141abunie oraz Stowarzyszenie na Rzecz Rozwoju Gminy \u0141abunie przy wsp\u00f3\u0142pracy Radnych ,So\u0142tys\u00f3w oraz K\u00f3\u0142 Gospody\u0144 Wiejskich zorganizowali Gminny Dzie\u0144 Seniora. Na uroczysto\u015b\u0107 przyby\u0142o ponad 150 senior\u00f3w.&nbsp; Udzia\u0142 w artystycznym wydarzeniu spotka\u0142 si\u0119 z tak du\u017cym zainteresowaniem, \u017ce w tym roku mia\u0142a odby\u0107 si\u0119 kolejna edycja tego przedsi\u0119wzi\u0119cia. Z uwagi na pandemi\u0119 koronawirusa z oczywistych wzgl\u0119d\u00f3w zosta\u0142o ono odwo\u0142ane.<\/p>\n<p>Pami\u0119tajmy wszyscy o seniorach &#8211; liczy si\u0119 troska, zapewnienie im bezpiecze\u0144stwa i udzielanie pomocy. W tym szczeg\u00f3lnym dniu &#8211; 14 listopada &#8211; ju\u017c dzisiaj k\u0142aniamy si\u0119 seniorom i sk\u0142adamy najserdeczniejsze \u017cyczenia. <\/p>\n<p style=\"text-align: center;\">&nbsp;<\/p>\n\n\n\n<div style=\"height:25px\" aria-hidden=\"true\" class=\"wp-block-spacer\"><\/div>\n\n\n\n<p style=\"text-align: center;\"><span style=\"color: #9e8331;\"><strong><em>W\u00f3jt Gminy \u0141abunie &#8211; Mariusz Kukie\u0142ka, <\/em><\/strong><strong><em>Przewodnicz\u0105ca Rady Gminy \u0141abunie -El\u017cbieta Ku\u017ama, Wiceprzewodnicz\u0105cy Rady Gminy &#8211; Mariusz Kliza wraz z radnymi oraz So\u0142tysi <\/em><\/strong><\/span><\/p>\n<p style=\"text-align: center;\"><span style=\"color: #9e8331;\"><strong><em>\u017cycz\u0105 Seniorom<\/em><\/strong><\/span><\/p>\n<p style=\"text-align: center;\"><span style=\"color: #9e8331;\"><strong><em>przede wszystkim zdrowia &#8211; bo ono dzi\u015b nabiera szczeg\u00f3lnego wymiaru, pogody ducha w tym trudnym czasie, \u017cyczliwo\u015bci i troski ze strony najbli\u017cszych i niech omijaj\u0105 Pa\u0144stwa troski oraz trudy dnia codziennego.&nbsp;<\/em><\/strong><\/span><\/p>\n\n\n\n<div style=\"height:20px\" aria-hidden=\"true\" class=\"wp-block-spacer\"><\/div>\n\n\n\n<p style=\"text-align: center;\"><strong>Szczeg\u00f3lne \u017cyczenia do Senior\u00f3w z gminy \u0141abunie kieruje pomys\u0142odawca, jeden z g\u0142\u00f3wnych organizator\u00f3w i wsp\u00f3\u0142realizator pierwszej edycji Dnia Seniora 2019 &#8211; <\/strong><\/p>\n<p style=\"text-align: center;\"><span style=\"color: #008000;\"><strong>Stowarzyszenie na Rzecz Rozwoju Gminy \u0141abunie.<\/strong><\/span><\/p>\n\n\n\n<div style=\"height:20px\" aria-hidden=\"true\" class=\"wp-block-spacer\"><\/div>\n\n\n\n<figure class=\"wp-block-image size-large\"><img decoding=\"async\" src=\"https:\/\/www.labunie.com.pl\/wp-content\/uploads\/2020\/11\/20200930_100605-2-1024x768.jpg\" alt=\"\" class=\"wp-image-19336\"\/><\/figure>\n\n\n\n<div style=\"height:20px\" aria-hidden=\"true\" class=\"wp-block-spacer\"><\/div>\n\n\n\n<p style=\"text-align: center;\"><strong>Powspominajmy &#8211; Gminny Dzie\u0144 Seniora 2019 w \u0141abuniach. Zapraszamy do obejrzenia pierwszej edycji tego wydarzenia<\/strong><\/p>\n\n\n\n<div style=\"height:20px\" aria-hidden=\"true\" class=\"wp-block-spacer\"><\/div>\n\n\n\n<figure class=\"wp-block-embed-youtube wp-block-embed is-type-video is-provider-youtube wp-embed-aspect-16-9 wp-has-aspect-ratio\"><div class=\"wp-block-embed__wrapper\">\n<iframe loading=\"lazy\" title=\"Gminny Dzie\u0144 Seniora w \u0141abuniach\" width=\"1280\" height=\"720\" src=\"https:\/\/www.youtube.com\/embed\/a2rjDLI_jaA?feature=oembed\" frameborder=\"0\" allow=\"accelerometer; autoplay; clipboard-write; encrypted-media; gyroscope; picture-in-picture\" allowfullscreen><\/iframe>\n<\/div><\/figure>\n","protected":false},"excerpt":{"rendered":"<p>W sobot\u0119, 14 listopada obchodzi\u0107 b\u0119dziemy Og\u00f3lnopolski Dzie\u0144 Seniora. W tym roku w gminie \u0141abunie mia\u0142a odby\u0107 si\u0119 druga edycja tego wydarzenia. Pandemia pokrzy\u017cowa\u0142a plany, ale &#8230; pami\u0119taj\u0105c o Was sk\u0142adamy Wam najserdeczniejsze \u017cyczenia&#8230;<\/p>\n","protected":false},"author":11,"featured_media":15730,"comment_status":"closed","ping_status":"closed","sticky":false,"template":"","format":"standard","meta":{"footnotes":""},"categories":[1],"tags":[],"class_list":["post-19123","post","type-post","status-publish","format-standard","has-post-thumbnail","hentry","category-wpisy","clearfix"],"_links":{"self":[{"href":"https:\/\/labunie.com.pl\/index.php?rest_route=\/wp\/v2\/posts\/19123","targetHints":{"allow":["GET"]}}],"collection":[{"href":"https:\/\/labunie.com.pl\/index.php?rest_route=\/wp\/v2\/posts"}],"about":[{"href":"https:\/\/labunie.com.pl\/index.php?rest_route=\/wp\/v2\/types\/post"}],"author":[{"embeddable":true,"href":"https:\/\/labunie.com.pl\/index.php?rest_route=\/wp\/v2\/users\/11"}],"replies":[{"embeddable":true,"href":"https:\/\/labunie.com.pl\/index.php?rest_route=%2Fwp%2Fv2%2Fcomments&post=19123"}],"version-history":[{"count":0,"href":"https:\/\/labunie.com.pl\/index.php?rest_route=\/wp\/v2\/posts\/19123\/revisions"}],"wp:featuredmedia":[{"embeddable":true,"href":"https:\/\/labunie.com.pl\/index.php?rest_route=\/wp\/v2\/media\/15730"}],"wp:attachment":[{"href":"https:\/\/labunie.com.pl\/index.php?rest_route=%2Fwp%2Fv2%2Fmedia&parent=19123"}],"wp:term":[{"taxonomy":"category","embeddable":true,"href":"https:\/\/labunie.com.pl\/index.php?rest_route=%2Fwp%2Fv2%2Fcategories&post=19123"},{"taxonomy":"post_tag","embeddable":true,"href":"https:\/\/labunie.com.pl\/index.php?rest_route=%2Fwp%2Fv2%2Ftags&post=19123"}],"curies":[{"name":"wp","href":"https:\/\/api.w.org\/{rel}","templated":true}]}}