{"id":19149,"date":"2020-11-05T18:24:00","date_gmt":"2020-11-05T17:24:00","guid":{"rendered":"https:\/\/www.labunie.com.pl\/?p=19149"},"modified":"2020-11-29T18:24:53","modified_gmt":"2020-11-29T17:24:53","slug":"ponad-150-glosow-w-projekcie-pod-bialo-czerwona-dziekujemy","status":"publish","type":"post","link":"https:\/\/labunie.com.pl\/?p=19149","title":{"rendered":"Ponad 150 g\u0142os\u00f3w w projekcie Pod bia\u0142o-czerwon\u0105. Dzi\u0119kujemy!"},"content":{"rendered":"\n<p><strong>Wszystko wskazuje na to, \u017ce dzi\u0119ki mieszka\u0144com naszej gminy uda\u0142o si\u0119 zebra\u0107 minimalne 100 g\u0142os\u00f3w. To przepustka do tego, by rz\u0105d sfinansowa\u0142 zakup flagi i masztu w ramach projektu \u201ePod bia\u0142o-czerwon\u0105\u201d.&nbsp;<br><\/strong><\/p>\n\n\n\n<div style=\"height:20px\" aria-hidden=\"true\" class=\"wp-block-spacer\"><\/div>\n\n\n\n<!--more-->\n\n\n\n<p>G\u0142osy musi zweryfikowa\u0107 jeszcze powo\u0142ana specjalnie w tym celu przez organizator\u00f3w komisja projektowa. Decyzj\u0119 o zakwalifikowaniu gminy do udzia\u0142u w projekcie komisja podejmie do 29 listopada.&nbsp;<\/p>\n<p>G\u0142osowanie wci\u0105\u017c trwa. Zgodnie z regulaminem &#8211; do trzech gmin, kt\u00f3re osi\u0105gn\u0105 najlepsze procentowo wyniki w stosunku do liczby mieszka\u0144c\u00f3w, przyjedzie premier Mateusz Morawiecki, by wzi\u0105\u0107 udzia\u0142 w&nbsp;<br>uroczysto\u015bci oddania do u\u017cytku masztu.<\/p>\n<p>G\u0142osowanie potrwa do 11 listopada pod poni\u017cszym linkiem:<\/p>\n\n\n\n<div style=\"height:20px\" aria-hidden=\"true\" class=\"wp-block-spacer\"><\/div>\n\n\n\n<p style=\"background-color:#069be5;color:#f5f117\" class=\"has-text-color has-background has-text-align-center\"><a href=\"https:\/\/bialoczerwona.www.gov.pl\/\"><strong>https:\/\/bialoczerwona.www.gov.pl\/<\/strong><\/a><\/p>\n\n\n\n<div style=\"height:28px\" aria-hidden=\"true\" class=\"wp-block-spacer\"><\/div>\n\n\n\n<figure class=\"wp-block-embed-youtube wp-block-embed is-type-video is-provider-youtube wp-embed-aspect-16-9 wp-has-aspect-ratio\"><div class=\"wp-block-embed__wrapper\">\n<iframe loading=\"lazy\" title=\"&quot;Pod bia\u0142o-czerwon\u0105&quot; \u2013 zapraszamy do udzia\u0142u w akcji\" width=\"1280\" height=\"720\" src=\"https:\/\/www.youtube.com\/embed\/R4HV65KmaZ8?feature=oembed\" frameborder=\"0\" allow=\"accelerometer; autoplay; clipboard-write; encrypted-media; gyroscope; picture-in-picture\" allowfullscreen><\/iframe>\n<\/div><\/figure>\n","protected":false},"excerpt":{"rendered":"<p>Wszystko wskazuje na to, \u017ce dzi\u0119ki mieszka\u0144com naszej gminy uda\u0142o si\u0119 zebra\u0107 minimalne 100 g\u0142os\u00f3w. To przepustka do tego, by rz\u0105d sfinansowa\u0142 zakup flagi i masztu w ramach projektu \u201ePod bia\u0142o-czerwon\u0105\u201d.&nbsp;<\/p>\n","protected":false},"author":11,"featured_media":18652,"comment_status":"closed","ping_status":"closed","sticky":false,"template":"","format":"standard","meta":{"footnotes":""},"categories":[1],"tags":[],"class_list":["post-19149","post","type-post","status-publish","format-standard","has-post-thumbnail","hentry","category-wpisy","clearfix"],"_links":{"self":[{"href":"https:\/\/labunie.com.pl\/index.php?rest_route=\/wp\/v2\/posts\/19149","targetHints":{"allow":["GET"]}}],"collection":[{"href":"https:\/\/labunie.com.pl\/index.php?rest_route=\/wp\/v2\/posts"}],"about":[{"href":"https:\/\/labunie.com.pl\/index.php?rest_route=\/wp\/v2\/types\/post"}],"author":[{"embeddable":true,"href":"https:\/\/labunie.com.pl\/index.php?rest_route=\/wp\/v2\/users\/11"}],"replies":[{"embeddable":true,"href":"https:\/\/labunie.com.pl\/index.php?rest_route=%2Fwp%2Fv2%2Fcomments&post=19149"}],"version-history":[{"count":0,"href":"https:\/\/labunie.com.pl\/index.php?rest_route=\/wp\/v2\/posts\/19149\/revisions"}],"wp:featuredmedia":[{"embeddable":true,"href":"https:\/\/labunie.com.pl\/index.php?rest_route=\/wp\/v2\/media\/18652"}],"wp:attachment":[{"href":"https:\/\/labunie.com.pl\/index.php?rest_route=%2Fwp%2Fv2%2Fmedia&parent=19149"}],"wp:term":[{"taxonomy":"category","embeddable":true,"href":"https:\/\/labunie.com.pl\/index.php?rest_route=%2Fwp%2Fv2%2Fcategories&post=19149"},{"taxonomy":"post_tag","embeddable":true,"href":"https:\/\/labunie.com.pl\/index.php?rest_route=%2Fwp%2Fv2%2Ftags&post=19149"}],"curies":[{"name":"wp","href":"https:\/\/api.w.org\/{rel}","templated":true}]}}