{"id":19180,"date":"2020-10-19T18:34:00","date_gmt":"2020-10-19T16:34:00","guid":{"rendered":"https:\/\/www.labunie.com.pl\/?p=19180"},"modified":"2020-11-29T18:35:20","modified_gmt":"2020-11-29T17:35:20","slug":"gmina-labunie-dla-niepodleglej-3","status":"publish","type":"post","link":"https:\/\/labunie.com.pl\/?p=19180","title":{"rendered":"Gmina \u0141abunie dla Niepodleg\u0142ej"},"content":{"rendered":"\n<p><strong>W\u00f3jt Gminy \u0141abunie, Biblioteka Publiczna Gminy \u0141abunie oraz Ko\u0142o Gospody\u0144 Wiejskich w Barchaczowie z okazji Narodowego \u015awi\u0119ta Niepodleg\u0142o\u015bci zapraszaj\u0105 mieszka\u0144c\u00f3w gminy \u0141abunie na rajd pieszy \u201e\u015aladami walk o Niepodleg\u0142\u0105\u201d z ogniskiem oraz na IX Przegl\u0105d Pie\u015bni Patriotycznej, \u017bo\u0142nierskiej i Legionowej.&nbsp; <\/strong><\/p>\n\n\n\n<div style=\"height:20px\" aria-hidden=\"true\" class=\"wp-block-spacer\"><\/div>\n\n\n\n<!--more-->\n\n\n\n<p><strong><em><span style=\"color: #ff0000;\">Rajd pieszy \u201e\u015aladami walki o niepodleg\u0142\u0105\u201d\u2013 11 listopada 2020 r.<\/span> <\/em><\/strong><\/p>\n<p><strong><u>Trasa:<\/u><\/strong><\/p>\n<p><strong>Biblioteka Publiczna Gminy \u0141abunie<\/strong> (zwiedzanie wystawy \u201ePortret zbiorowy rodzin II Rzeczpospolitej\u201d\u2013 <strong>Br\u00f3dek<\/strong> (przejazd pod pomnik upami\u0119tniaj\u0105cy pomordowanych mieszka\u0144c\u00f3w Br\u00f3dka w latach 1939-1945 &#8211; autokarem lub w\u0142asnym \u015brodkiem transportu)\u2013 <strong>Barchacz\u00f3w <\/strong>(Izba Muzealna \u2013 ognisko i pocz\u0119stunek)<\/p>\n<p>Na trasie rajdu: z\u0142o\u017cenie wie\u0144c\u00f3w i zniczy w miejscach pami\u0119ci, ciekawostki historyczne<\/p>\n<p><strong><u>Bezwzgl\u0119dnie na trasie rajdu odst\u0119p mi\u0119dzy uczestnikami 1,5 m oraz zas\u0142anianie ust i nosa.<\/u><\/strong><\/p>\n<p>Zapisy w nieprzekraczalnym terminie do 30 pa\u017adziernika pod nr tel. 84 611 60 20. &nbsp;lub e-mailowo: <a href=\"mailto:d.saran@labunie.com.pl\">d.saran@labunie.com.pl<\/a><\/p>\n<p>Ilo\u015b\u0107 miejsc jest ograniczona.<\/p>\n\n\n\n<div class=\"wp-block-file\"><a href=\"https:\/\/www.labunie.com.pl\/wp-content\/uploads\/2020\/10\/REGULAMIN-RAJDU-2020.pdf\">REGULAMIN RAJDU 2020<\/a><a href=\"https:\/\/www.labunie.com.pl\/wp-content\/uploads\/2020\/10\/REGULAMIN-RAJDU-2020.pdf\" class=\"wp-block-file__button\" download>Pobierz<\/a><\/div>\n\n\n\n<div style=\"height:20px\" aria-hidden=\"true\" class=\"wp-block-spacer\"><\/div>\n\n\n\n<p><strong><em><span style=\"color: #ff0000;\">VIII Gminny Przegl\u0105d Pie\u015bni Patriotycznej, \u017bo\u0142nierskiej i Legionowe<\/span>j<\/em><\/strong><\/p>\n<p>Ju\u017c po raz dziewi\u0105ty&nbsp; W\u00f3jt Gminy \u0141abunie wsp\u00f3lnie z Ko\u0142em Gospody\u0144 Wiejskich w Barchaczowie organizuje &nbsp;Przegl\u0105d Pie\u015bni Patriotycznej, \u017bo\u0142nierskiej i Legionowej. W przegl\u0105dzie mog\u0105 wzi\u0105\u0107 udzia\u0142 soli\u015bci oraz zespo\u0142y muzyczne dzia\u0142aj\u0105ce przy szko\u0142ach podstawowych, gimnazjach, szko\u0142ach ponadgimnazjalnych oraz osoby zainteresowane, zespo\u0142y \u015bpiewacze K\u00f3\u0142 Gospody\u0144 Wiejskich. Wszyscy wykonawcy przygotowuj\u0105 dwa utwory. Zg\u0142oszenia zespo\u0142\u00f3w, solist\u00f3w do 30 pa\u017adziernika pod numerem tel. 500 237 427 \u2013 so\u0142tys El\u017cbieta Ku\u017ama lub pod nr tel.: 84 611 60 20 \u2013 Urz\u0105d Gminy \u0141abunie.<\/p>\n<p>Wszyscy uczestnicy otrzymuj\u0105 statuetk\u0119 oraz dyplom od W\u00f3jta Gminy \u0141abunie.<\/p>\n<p><strong><u>Podczas wydarzenia nakazany jest obowi\u0105zek stosowania si\u0119 do wytycznych zwi\u0105zanych z pandemi\u0105 koronawirusa, m.in.: dezynfekcja r\u0105k, zas\u0142anianie ust i nosa, bezpieczny dystans. <\/u><\/strong><\/p>\n<p><strong>Patronat uroczysto\u015bci: W\u00f3jt Gminy \u0141abunie<\/strong><\/p>\n<p><strong>Organizatorzy:<\/strong> W\u00f3jt Gminy \u0141abunie, Proboszcz Parafii \u0141abunie, Biblioteka Publiczna Gminy \u0141abunie, KGW Barchacz\u00f3w, OSP Barchacz\u00f3w, Rada So\u0142ecka w Barchaczowie.<\/p>\n<p><strong><span style=\"color: #3366ff;\">Z uwagi na niepewn\u0105 sytuacj\u0119 zwi\u0105zan\u0105 z pandemi\u0105 koronawirusa wspomniane wydarzenia: Rajd Pieszy oraz Przegl\u0105d Pie\u015bni Patriotycznej, \u017bo\u0142nierskiej i Legionowej mog\u0105 zosta\u0107 odwo\u0142ane.<\/span> <\/strong><\/p>\n","protected":false},"excerpt":{"rendered":"<p>W\u00f3jt Gminy \u0141abunie, Biblioteka Publiczna Gminy \u0141abunie oraz Ko\u0142o Gospody\u0144 Wiejskich w Barchaczowie z okazji Narodowego \u015awi\u0119ta Niepodleg\u0142o\u015bci zapraszaj\u0105 mieszka\u0144c\u00f3w gminy \u0141abunie na rajd pieszy \u201e\u015aladami walk o Niepodleg\u0142\u0105\u201d z ogniskiem oraz na IX Przegl\u0105d Pie\u015bni Patriotycznej, \u017bo\u0142nierskiej i Legionowej.&nbsp;<\/p>\n","protected":false},"author":11,"featured_media":0,"comment_status":"closed","ping_status":"closed","sticky":false,"template":"","format":"standard","meta":{"footnotes":""},"categories":[1],"tags":[],"class_list":["post-19180","post","type-post","status-publish","format-standard","hentry","category-wpisy","clearfix"],"_links":{"self":[{"href":"https:\/\/labunie.com.pl\/index.php?rest_route=\/wp\/v2\/posts\/19180","targetHints":{"allow":["GET"]}}],"collection":[{"href":"https:\/\/labunie.com.pl\/index.php?rest_route=\/wp\/v2\/posts"}],"about":[{"href":"https:\/\/labunie.com.pl\/index.php?rest_route=\/wp\/v2\/types\/post"}],"author":[{"embeddable":true,"href":"https:\/\/labunie.com.pl\/index.php?rest_route=\/wp\/v2\/users\/11"}],"replies":[{"embeddable":true,"href":"https:\/\/labunie.com.pl\/index.php?rest_route=%2Fwp%2Fv2%2Fcomments&post=19180"}],"version-history":[{"count":0,"href":"https:\/\/labunie.com.pl\/index.php?rest_route=\/wp\/v2\/posts\/19180\/revisions"}],"wp:attachment":[{"href":"https:\/\/labunie.com.pl\/index.php?rest_route=%2Fwp%2Fv2%2Fmedia&parent=19180"}],"wp:term":[{"taxonomy":"category","embeddable":true,"href":"https:\/\/labunie.com.pl\/index.php?rest_route=%2Fwp%2Fv2%2Fcategories&post=19180"},{"taxonomy":"post_tag","embeddable":true,"href":"https:\/\/labunie.com.pl\/index.php?rest_route=%2Fwp%2Fv2%2Ftags&post=19180"}],"curies":[{"name":"wp","href":"https:\/\/api.w.org\/{rel}","templated":true}]}}