{"id":19189,"date":"2020-10-12T18:37:00","date_gmt":"2020-10-12T16:37:00","guid":{"rendered":"https:\/\/www.labunie.com.pl\/?p=19189"},"modified":"2020-11-29T18:38:51","modified_gmt":"2020-11-29T17:38:51","slug":"noc-bibliotek-w-labuniach-2","status":"publish","type":"post","link":"https:\/\/labunie.com.pl\/?p=19189","title":{"rendered":"Noc Bibliotek w \u0141abuniach"},"content":{"rendered":"\n<p><strong>W miniony pi\u0105tek \u2013 9 pa\u017adziernika Biblioteka Publiczna Gminy \u0141abunie w\u0142\u0105czy\u0142a si\u0119 w og\u00f3lnopolsk\u0105 akcj\u0119 Noc Bibliotek. <\/strong><\/p>\n\n\n\n<!--more-->\n\n\n\n<div style=\"height:20px\" aria-hidden=\"true\" class=\"wp-block-spacer\"><\/div>\n\n\n\n<p>By\u0142o regionalnie i lokalnie. Alejami cmentarza parafialnego\n&#8211; \u015bladem zabytkowych nagrobk\u00f3w&nbsp;\nspacerowali\u015bmy z Zacnymi Go\u015b\u0107mi &#8211; przewodnikami z Ko\u0142a Przewodnik\u00f3w w\nZamo\u015bciu. Dzielili\u015bmy si\u0119 wiedz\u0105 a Przewodnicy, kt\u00f3rzy znaj\u0105 cmentarze\nZamojszczyzny na wskro\u015b \u017cywo w\u0142\u0105czali si\u0119 w dyskusj\u0119. Najbardziej urzek\u0142a\nwszystkich pi\u0119kna rokokowa figura \u015bw. Jana Nepomucena.<\/p>\n\n\n\n<div style=\"height:20px\" aria-hidden=\"true\" class=\"wp-block-spacer\"><\/div>\n\n\n\n<p>Na miejscu przewodnicy mogli zapozna\u0107 si\u0119 z okaza\u0142ym\nksi\u0119gozbiorem regionalnym biblioteki. Mieli te\u017c okazj\u0119 odwiedzi\u0107 Izb\u0119 Muzealn\u0105\ndzia\u0142aj\u0105c\u0105 przy bibliotece \u2013 zainteresowanych oprowadzi\u0142 by\u0142y kierownik\nplac\u00f3wki &#8211; Bogdan Szyku\u0142a. Zaskoczy\u0142y zwiedzaj\u0105cych zgromadzone tutaj zbiory\narcheologii kultury materialnej i techniki.<\/p>\n\n\n\n<div style=\"height:20px\" aria-hidden=\"true\" class=\"wp-block-spacer\"><\/div>\n\n\n\n<p>\u2026po\u0142o\u017cona w s\u0105siedztwie renesansowego Zamo\u015bcia gmina \u0141abunie\nma jeszcze wiele nieodkrytych walor\u00f3w artystycznych. \u2013 Do zobaczenia cho\u0107by za\nrok!<\/p>\n\n\n\n<div style=\"height:20px\" aria-hidden=\"true\" class=\"wp-block-spacer\"><\/div>\n\n\n\n<p>[lg_folder folder=&#8221;20201009\/&#8221; paging=&#8221;false&#8221;]<\/p>\n","protected":false},"excerpt":{"rendered":"<p>W miniony pi\u0105tek \u2013 9 pa\u017adziernika Biblioteka Publiczna Gminy \u0141abunie w\u0142\u0105czy\u0142a si\u0119 w og\u00f3lnopolsk\u0105 akcj\u0119 Noc Bibliotek.<\/p>\n","protected":false},"author":7,"featured_media":0,"comment_status":"closed","ping_status":"closed","sticky":false,"template":"","format":"standard","meta":{"footnotes":""},"categories":[1],"tags":[],"class_list":["post-19189","post","type-post","status-publish","format-standard","hentry","category-wpisy","clearfix"],"_links":{"self":[{"href":"https:\/\/labunie.com.pl\/index.php?rest_route=\/wp\/v2\/posts\/19189","targetHints":{"allow":["GET"]}}],"collection":[{"href":"https:\/\/labunie.com.pl\/index.php?rest_route=\/wp\/v2\/posts"}],"about":[{"href":"https:\/\/labunie.com.pl\/index.php?rest_route=\/wp\/v2\/types\/post"}],"author":[{"embeddable":true,"href":"https:\/\/labunie.com.pl\/index.php?rest_route=\/wp\/v2\/users\/7"}],"replies":[{"embeddable":true,"href":"https:\/\/labunie.com.pl\/index.php?rest_route=%2Fwp%2Fv2%2Fcomments&post=19189"}],"version-history":[{"count":0,"href":"https:\/\/labunie.com.pl\/index.php?rest_route=\/wp\/v2\/posts\/19189\/revisions"}],"wp:attachment":[{"href":"https:\/\/labunie.com.pl\/index.php?rest_route=%2Fwp%2Fv2%2Fmedia&parent=19189"}],"wp:term":[{"taxonomy":"category","embeddable":true,"href":"https:\/\/labunie.com.pl\/index.php?rest_route=%2Fwp%2Fv2%2Fcategories&post=19189"},{"taxonomy":"post_tag","embeddable":true,"href":"https:\/\/labunie.com.pl\/index.php?rest_route=%2Fwp%2Fv2%2Ftags&post=19189"}],"curies":[{"name":"wp","href":"https:\/\/api.w.org\/{rel}","templated":true}]}}