{"id":19201,"date":"2020-10-07T17:42:00","date_gmt":"2020-10-07T15:42:00","guid":{"rendered":"https:\/\/www.labunie.com.pl\/?p=19201"},"modified":"2020-11-29T18:43:47","modified_gmt":"2020-11-29T17:43:47","slug":"noc-bibliotek-w-labuniach","status":"publish","type":"post","link":"https:\/\/labunie.com.pl\/?p=19201","title":{"rendered":"Noc Bibliotek w \u0141abuniach"},"content":{"rendered":"\n<p><strong><em>Drodzy Czytelnicy!<\/em><\/strong><\/p>\n\n\n\n<p><strong>Zapraszamy na Noc Bibliotek do \u0141abu\u0144. Akcja, kt\u00f3rej celem jest popularyzowanie czytelnictwa, rozpocznie si\u0119 u nas 9 pa\u017adziernika. <\/strong><\/p>\n\n\n\n<!--more-->\n\n\n\n<div style=\"height:20px\" aria-hidden=\"true\" class=\"wp-block-spacer\"><\/div>\n\n\n\n<p>W ubieg\u0142y pi\u0105tek &#8211; 2 pa\u017adziernika &#8211; wydana przez Bibliotek\u0119 Publiczn\u0105 Gminy \u0141abunie ksi\u0105\u017cka <a href=\"https:\/\/www.labunie.com.pl\/2020\/10\/prestizowa-nagroda-dla-biblioteki-publicznej-gminy-labunie\/\">\u201eCmentarz parafii \u015bw. Dominika i Matki Bo\u017cej Szkaplerznej\u201d<\/a> zdoby\u0142a presti\u017cowa nagrod\u0119 Wawrzyn Paw\u0142a Konrada w konkursie na najlepsz\u0105 ksi\u0105\u017ck\u0119 Lubelszczyzny (kategoria: wydawnictwa bibliotek).<\/p>\n\n\n\n<div style=\"height:20px\" aria-hidden=\"true\" class=\"wp-block-spacer\"><\/div>\n\n\n\n<p>W najbli\u017cszy pi\u0105tek \u2013 9 pa\u017adziernika\n&#8211; z nagrodzon\u0105 ksi\u0105\u017ck\u0105 w d\u0142oni wyruszymy na tytu\u0142ow\u0105 nekropoli\u0119, szlakiem\nzabytkowych nagrobk\u00f3w i najstarszych poch\u00f3wk\u00f3w. Poprowadzi nas autorka\nmonografii.<\/p>\n\n\n\n<div style=\"height:20px\" aria-hidden=\"true\" class=\"wp-block-spacer\"><\/div>\n\n\n\n<p class=\"has-text-align-center\"><strong>Zapraszamy wszystkich ch\u0119tnych!<\/strong><\/p>\n\n\n\n<div style=\"height:20px\" aria-hidden=\"true\" class=\"wp-block-spacer\"><\/div>\n\n\n\n<ul class=\"wp-block-list\"><li><strong>10.00 <\/strong>Spotkanie przed bram\u0105 wej\u015bciow\u0105 na cmentarz parafialny w \u0141abuniach<\/li><li><strong>11.00<\/strong> wizyta w Bibliotece Publicznej Gminy \u0141abunie, prezentacja zbior\u00f3w regionalnych<\/li><li><strong>12.00<\/strong> Zwiedzanie Izby Muzealnej dzia\u0142aj\u0105cej przy bibliotece<\/li><\/ul>\n\n\n\n<div style=\"height:20px\" aria-hidden=\"true\" class=\"wp-block-spacer\"><\/div>\n\n\n\n<figure class=\"wp-block-image size-large\"><img decoding=\"async\" src=\"https:\/\/www.labunie.com.pl\/wp-content\/uploads\/2020\/10\/plakat-NB_20-718x1024.jpg\" alt=\"\" class=\"wp-image-19022\"\/><\/figure>\n","protected":false},"excerpt":{"rendered":"<p>Drodzy Czytelnicy! Zapraszamy na Noc Bibliotek do \u0141abu\u0144. Akcja, kt\u00f3rej celem jest popularyzowanie czytelnictwa, rozpocznie si\u0119 u nas 9 pa\u017adziernika.<\/p>\n","protected":false},"author":7,"featured_media":0,"comment_status":"closed","ping_status":"closed","sticky":false,"template":"","format":"standard","meta":{"footnotes":""},"categories":[1],"tags":[],"class_list":["post-19201","post","type-post","status-publish","format-standard","hentry","category-wpisy","clearfix"],"_links":{"self":[{"href":"https:\/\/labunie.com.pl\/index.php?rest_route=\/wp\/v2\/posts\/19201","targetHints":{"allow":["GET"]}}],"collection":[{"href":"https:\/\/labunie.com.pl\/index.php?rest_route=\/wp\/v2\/posts"}],"about":[{"href":"https:\/\/labunie.com.pl\/index.php?rest_route=\/wp\/v2\/types\/post"}],"author":[{"embeddable":true,"href":"https:\/\/labunie.com.pl\/index.php?rest_route=\/wp\/v2\/users\/7"}],"replies":[{"embeddable":true,"href":"https:\/\/labunie.com.pl\/index.php?rest_route=%2Fwp%2Fv2%2Fcomments&post=19201"}],"version-history":[{"count":0,"href":"https:\/\/labunie.com.pl\/index.php?rest_route=\/wp\/v2\/posts\/19201\/revisions"}],"wp:attachment":[{"href":"https:\/\/labunie.com.pl\/index.php?rest_route=%2Fwp%2Fv2%2Fmedia&parent=19201"}],"wp:term":[{"taxonomy":"category","embeddable":true,"href":"https:\/\/labunie.com.pl\/index.php?rest_route=%2Fwp%2Fv2%2Fcategories&post=19201"},{"taxonomy":"post_tag","embeddable":true,"href":"https:\/\/labunie.com.pl\/index.php?rest_route=%2Fwp%2Fv2%2Ftags&post=19201"}],"curies":[{"name":"wp","href":"https:\/\/api.w.org\/{rel}","templated":true}]}}