{"id":19213,"date":"2020-10-05T16:47:00","date_gmt":"2020-10-05T14:47:00","guid":{"rendered":"https:\/\/www.labunie.com.pl\/?p=19213"},"modified":"2020-11-29T18:48:28","modified_gmt":"2020-11-29T17:48:28","slug":"prestizowa-nagroda-dla-biblioteki-publicznej-gminy-labunie","status":"publish","type":"post","link":"https:\/\/labunie.com.pl\/?p=19213","title":{"rendered":"Presti\u017cowa nagroda dla Biblioteki Publicznej Gminy \u0141abunie"},"content":{"rendered":"\n<p><strong>\u201eCmentarz parafii \u015bw. Dominika i Matki Bo\u017cej Szkaplerznej w \u0141abuniach\u201d ksi\u0105\u017ck\u0105 roku 2019<\/strong>.<\/p>\n\n\n\n<div style=\"height:20px\" aria-hidden=\"true\" class=\"wp-block-spacer\"><\/div>\n\n\n\n<!--more-->\n\n\n\n<div style=\"height:20px\" aria-hidden=\"true\" class=\"wp-block-spacer\"><\/div>\n\n\n\n<p>W pi\u0105tek, 2 pa\u017adziernika w Wojew\u00f3dzkiej Bibliotece Publicznej im. Hieronima \u0141opaci\u0144skiego w Lublinie odby\u0142 si\u0119 Fina\u0142 Konkursu \u201eKsi\u0105\u017cka Roku 2019\u201d oraz wr\u0119czenie Wawrzyn\u00f3w Paw\u0142a Konrada. Tegoroczny konkurs organizowany po raz XIII by\u0142 dla Biblioteki Publicznej Gminy \u0141abunie szczeg\u00f3lny, poniewa\u017c w jednej z pi\u0119ciu kategorii \u2013 Publikacje wydane przez biblioteki wojew\u00f3dztwa lubelskiego, nagrodzona zosta\u0142a ksi\u0105\u017cka \u201eCmentarz parafii \u015bw. Dominika i Matki Bo\u017cej Szkaplerznej w \u0141abuniach\u201d.<\/p>\n\n\n\n<div style=\"height:20px\" aria-hidden=\"true\" class=\"wp-block-spacer\"><\/div>\n\n\n\n<p>Jest to szczeg\u00f3lne wyr\u00f3\u017cnienie, wszak biblioteka rokrocznie wydaje i przesy\u0142a swoje publikacje (2-3 w ka\u017cdym roku, og\u00f3\u0142em ponad 30 w serii \u0141abu\u0144ska Biblioteczka Regionalisty) na konkurs.<\/p>\n\n\n\n<div style=\"height:20px\" aria-hidden=\"true\" class=\"wp-block-spacer\"><\/div>\n\n\n\n<p>Anno Domini 2020 zostali\u015bmy dostrze\u017ceni i wyr\u00f3\u017cnieni t\u0105 zacn\u0105 nagrod\u0105 -najwa\u017cniejsz\u0105 w \u015bwiecie ksi\u0105\u017cek wojew\u00f3dztwa lubelskiego.<\/p>\n\n\n\n<div style=\"height:20px\" aria-hidden=\"true\" class=\"wp-block-spacer\"><\/div>\n\n\n\n<p>Dzi\u0119kujemy serdecznie Organizatorom oraz Jury za zwr\u00f3cenie uwagi na wydawnictwo, kt\u00f3re \u2013 jak us\u0142yszeli\u015bmy &#8211; wyr\u00f3\u017cnia\u0142o si\u0119 na tle innych szat\u0105, tematem\u2026 za zwr\u00f3cenie uwagi na wydawnicz\u0105 dzia\u0142alno\u015b\u0107 biblioteki, zainicjowan\u0105 przez by\u0142ego jej kierownika \u2013 Bogdana Szyku\u0142\u0119.<\/p>\n\n\n\n<div style=\"height:20px\" aria-hidden=\"true\" class=\"wp-block-spacer\"><\/div>\n\n\n\n<p>S\u0142owa podzi\u0119kowania nale\u017c\u0105 si\u0119 Tomaszowi Mazurowi \u2013 kt\u00f3ry zadba\u0142 o szat\u0119 graficzn\u0105 publikacji.<\/p>\n\n\n\n<div style=\"height:20px\" aria-hidden=\"true\" class=\"wp-block-spacer\"><\/div>\n\n\n\n<p>Cieszymy si\u0119, \u017ce mogli\u015bmy znale\u017a\u0107 si\u0119 w tak zacnym gronie \u2013 w\u015br\u00f3d autor\u00f3w najlepszych ksi\u0105\u017cek Lubelszczyzny 2019 roku.<\/p>\n\n\n\n<div style=\"height:20px\" aria-hidden=\"true\" class=\"wp-block-spacer\"><\/div>\n\n\n\n<p>Autork\u0105 ksi\u0105\u017cki jest Agnieszka Szyku\u0142a-\u017bygawska \u2013 od sierpnia Dyrektor instytucji Biblioteki Publicznej Gminy \u0141abunie.<\/p>\n\n\n\n<div style=\"height:20px\" aria-hidden=\"true\" class=\"wp-block-spacer\"><\/div>\n\n\n\n<p>Ksi\u0105\u017cka dost\u0119pna jest w ksi\u0119gozbiorze biblioteki \u2013 zapraszamy!<\/p>\n\n\n\n<div style=\"height:20px\" aria-hidden=\"true\" class=\"wp-block-spacer\"><\/div>\n\n\n\n<figure class=\"wp-block-image size-large\"><img decoding=\"async\" src=\"https:\/\/www.labunie.com.pl\/wp-content\/uploads\/2020\/10\/Image00004-573x1024.jpg\" alt=\"\" class=\"wp-image-18982\"\/><\/figure>\n\n\n\n<figure class=\"wp-block-image size-large\"><img decoding=\"async\" src=\"https:\/\/www.labunie.com.pl\/wp-content\/uploads\/2020\/10\/Image00002-1-1024x1024.jpg\" alt=\"\" class=\"wp-image-18986\"\/><\/figure>\n\n\n\n<figure class=\"wp-block-image size-large\"><img decoding=\"async\" src=\"https:\/\/www.labunie.com.pl\/wp-content\/uploads\/2020\/10\/Image00003-1-1024x578.jpg\" alt=\"\" class=\"wp-image-18987\"\/><\/figure>\n\n\n\n<figure class=\"wp-block-image size-large\"><img decoding=\"async\" src=\"https:\/\/www.labunie.com.pl\/wp-content\/uploads\/2020\/10\/Image00001-2-768x1024.jpg\" alt=\"\" class=\"wp-image-18990\"\/><\/figure>\n\n\n","protected":false},"excerpt":{"rendered":"<p>\u201eCmentarz parafii \u015bw. Dominika i Matki Bo\u017cej Szkaplerznej w \u0141abuniach\u201d ksi\u0105\u017ck\u0105 roku 2019.<\/p>\n","protected":false},"author":11,"featured_media":0,"comment_status":"closed","ping_status":"closed","sticky":false,"template":"","format":"standard","meta":{"footnotes":""},"categories":[1],"tags":[],"class_list":["post-19213","post","type-post","status-publish","format-standard","hentry","category-wpisy","clearfix"],"_links":{"self":[{"href":"https:\/\/labunie.com.pl\/index.php?rest_route=\/wp\/v2\/posts\/19213","targetHints":{"allow":["GET"]}}],"collection":[{"href":"https:\/\/labunie.com.pl\/index.php?rest_route=\/wp\/v2\/posts"}],"about":[{"href":"https:\/\/labunie.com.pl\/index.php?rest_route=\/wp\/v2\/types\/post"}],"author":[{"embeddable":true,"href":"https:\/\/labunie.com.pl\/index.php?rest_route=\/wp\/v2\/users\/11"}],"replies":[{"embeddable":true,"href":"https:\/\/labunie.com.pl\/index.php?rest_route=%2Fwp%2Fv2%2Fcomments&post=19213"}],"version-history":[{"count":0,"href":"https:\/\/labunie.com.pl\/index.php?rest_route=\/wp\/v2\/posts\/19213\/revisions"}],"wp:attachment":[{"href":"https:\/\/labunie.com.pl\/index.php?rest_route=%2Fwp%2Fv2%2Fmedia&parent=19213"}],"wp:term":[{"taxonomy":"category","embeddable":true,"href":"https:\/\/labunie.com.pl\/index.php?rest_route=%2Fwp%2Fv2%2Fcategories&post=19213"},{"taxonomy":"post_tag","embeddable":true,"href":"https:\/\/labunie.com.pl\/index.php?rest_route=%2Fwp%2Fv2%2Ftags&post=19213"}],"curies":[{"name":"wp","href":"https:\/\/api.w.org\/{rel}","templated":true}]}}