{"id":19216,"date":"2020-10-02T18:49:00","date_gmt":"2020-10-02T16:49:00","guid":{"rendered":"https:\/\/www.labunie.com.pl\/?p=19216"},"modified":"2020-11-29T18:49:41","modified_gmt":"2020-11-29T17:49:41","slug":"nominowani-do-tytulow-soltys-roku-i-kolo-gospodyn-wiejskich-roku","status":"publish","type":"post","link":"https:\/\/labunie.com.pl\/?p=19216","title":{"rendered":"Nominowani do tytu\u0142\u00f3w So\u0142tys Roku i Ko\u0142o Gospody\u0144 Wiejskich Roku"},"content":{"rendered":"\n<p><strong>Przedstawiciele Gminy \u0141abunie zostali nominowani do tytu\u0142\u00f3w So\u0142tys Roku i Ko\u0142o Gospody\u0144 Wiejskich Roku w akcji Mistrzowie Agro \u2013 najwi\u0119kszym plebiscycie wiejskim i rolniczym w Polsce prowadzonym w naszym wojew\u00f3dztwie przez &#8220;Kurier Lubelski&#8221; oraz og\u00f3lnopolski serwis i magazyn \u201eStrefa Agro\u201d.<\/strong><\/p>\n\n\n\n<div style=\"height:20px\" aria-hidden=\"true\" class=\"wp-block-spacer\"><\/div>\n\n\n\n<!--more-->\n\n\n\n<p>Nominacje do nagr\u00f3d uzyskali: Adam Knia\u017a, so\u0142tys So\u0142ectwa \u0141abunie, Adrian Waluch, so\u0142tys So\u0142ectwa Moc\u00f3wka, Andrzej Grula, so\u0142tys So\u0142ectwa \u0141abu\u0144ki Pierwsze, Bogus\u0142aw Szast, so\u0142tys So\u0142ectwa Rusz\u00f3w, El\u017cbieta Ku\u017ama, so\u0142tys So\u0142ectwa Barchacz\u00f3w, Marek G\u00f3ra, so\u0142tys So\u0142ectwa D\u0105browa, Micha\u0142 Bobczuk, so\u0142tys So\u0142ectwa \u0141abu\u0144ki Drugie, Pawe\u0142 Mr\u00f3z, so\u0142tys So\u0142ectwa Br\u00f3dek, Piotr G\u0142azowski, so\u0142tys So\u0142ectwa W\u00f3lka \u0141abu\u0144ska, Roman Krupa, so\u0142tys So\u0142ectwa Majdan Ruszowski, Stanis\u0142aw Py\u015b, so\u0142tys So\u0142ectwa Wierzbie oraz KGW Barchaczowskie Superbabki w Barchaczowie, KGW \u0141abunie, KGW \u0141abu\u0144ki Pierwsze, KGW Majdan Ruszowski, KGW Moc\u00f3wka, KGW w Ruszowie, KGW Wierzbie, KGW W\u00f3lka \u0141abu\u0144ska.<\/p>\n\n\n\n<div style=\"height:20px\" aria-hidden=\"true\" class=\"wp-block-spacer\"><\/div>\n\n\n\n<p>Kandydat\u00f3w do nagr\u00f3d nominowali partnerzy i patroni akcji &#8211; organizacje rolnicze i wiejskie, dziennikarze oraz mieszka\u0144cy naszego regionu. G\u0142\u00f3wne nagrody w plebiscycie zostan\u0105 wr\u0119czone podczas uroczystej gali w trakcie Centralnych Targ\u00f3w Rolniczych w Warszawie. Do udzia\u0142u w ceremonii wr\u0119czenia nagr\u00f3d zostan\u0105 zaproszeni tak\u017ce w\u0142odarze gmin, z kt\u00f3rych pochodzi\u0107 b\u0119d\u0105 laureaci.<\/p>\n\n\n\n<div style=\"height:20px\" aria-hidden=\"true\" class=\"wp-block-spacer\"><\/div>\n\n\n\n<p>Wi\u0119cej o tym, jak g\u0142osowa\u0107 na stronie internetowej Kuriera Lubelskiego:<\/p>\n\n\n\n<p class=\"has-text-color has-background has-vivid-red-color has-very-light-gray-background-color\"><a href=\"https:\/\/kurierlubelski.pl\/mistrzowie-agro-zglos-swoich-kandydatow-do-nagrod-dla-rolnikow-soltysow-i-kol-gospodyn-wiejskich\/ar\/c8-14306011\"><strong>https:\/\/kurierlubelski.pl\/mistrzowie-agro-zglos-swoich-kandydatow-do-nagrod-dla-rolnikow-soltysow-i-kol-gospodyn-wiejskich\/ar\/c8-14306011<\/strong><\/a><\/p>\n","protected":false},"excerpt":{"rendered":"<p>Przedstawiciele Gminy \u0141abunie zostali nominowani do tytu\u0142\u00f3w So\u0142tys Roku i Ko\u0142o Gospody\u0144 Wiejskich Roku w akcji Mistrzowie Agro \u2013 najwi\u0119kszym plebiscycie wiejskim i rolniczym w Polsce prowadzonym w naszym wojew\u00f3dztwie przez &#8220;Kurier Lubelski&#8221; oraz og\u00f3lnopolski serwis i magazyn \u201eStrefa Agro\u201d.<\/p>\n","protected":false},"author":11,"featured_media":0,"comment_status":"closed","ping_status":"closed","sticky":false,"template":"","format":"standard","meta":{"footnotes":""},"categories":[1],"tags":[],"class_list":["post-19216","post","type-post","status-publish","format-standard","hentry","category-wpisy","clearfix"],"_links":{"self":[{"href":"https:\/\/labunie.com.pl\/index.php?rest_route=\/wp\/v2\/posts\/19216","targetHints":{"allow":["GET"]}}],"collection":[{"href":"https:\/\/labunie.com.pl\/index.php?rest_route=\/wp\/v2\/posts"}],"about":[{"href":"https:\/\/labunie.com.pl\/index.php?rest_route=\/wp\/v2\/types\/post"}],"author":[{"embeddable":true,"href":"https:\/\/labunie.com.pl\/index.php?rest_route=\/wp\/v2\/users\/11"}],"replies":[{"embeddable":true,"href":"https:\/\/labunie.com.pl\/index.php?rest_route=%2Fwp%2Fv2%2Fcomments&post=19216"}],"version-history":[{"count":0,"href":"https:\/\/labunie.com.pl\/index.php?rest_route=\/wp\/v2\/posts\/19216\/revisions"}],"wp:attachment":[{"href":"https:\/\/labunie.com.pl\/index.php?rest_route=%2Fwp%2Fv2%2Fmedia&parent=19216"}],"wp:term":[{"taxonomy":"category","embeddable":true,"href":"https:\/\/labunie.com.pl\/index.php?rest_route=%2Fwp%2Fv2%2Fcategories&post=19216"},{"taxonomy":"post_tag","embeddable":true,"href":"https:\/\/labunie.com.pl\/index.php?rest_route=%2Fwp%2Fv2%2Ftags&post=19216"}],"curies":[{"name":"wp","href":"https:\/\/api.w.org\/{rel}","templated":true}]}}