{"id":19233,"date":"2020-12-01T11:29:00","date_gmt":"2020-12-01T10:29:00","guid":{"rendered":"https:\/\/www.labunie.com.pl\/?p=19233"},"modified":"2020-12-08T22:01:08","modified_gmt":"2020-12-08T21:01:08","slug":"konkurs-gminny-stworzmy-zdalna-plyte-koled","status":"publish","type":"post","link":"https:\/\/labunie.com.pl\/?p=19233","title":{"rendered":"Konkurs gminny &#8211; Stw\u00f3rzmy zdaln\u0105 p\u0142yt\u0119 kol\u0119d"},"content":{"rendered":"\n<p><strong>Zapraszamy na drugi &#8211; po trwaj\u0105cej jeszcze akcji &#8220;Poka\u017c choink\u0119 &#8211; dostaniesz choink\u0119&#8221; &#8211; gminny konkurs, tym razem pod has\u0142em &#8220;Stw\u00f3rzmy zdaln\u0105 p\u0142yt\u0119 kol\u0119d&#8221;.<\/strong><\/p>\n\n\n\n<!--more-->\n\n\n\n<div style=\"height:20px\" aria-hidden=\"true\" class=\"wp-block-spacer\"><\/div>\n\n\n\n<p>Wiemy, \u017ce gmina \u0141abunie jest roz\u015bpiewana, wi\u0119c proponujemy Wam kolejny konkurs &#8211; dla zespo\u0142\u00f3w, solist\u00f3w, dla \u015bpiewaj\u0105cych rodzin pod has\u0142em &#8220;Stw\u00f3rzmy zdaln\u0105 p\u0142yt\u0119 kol\u0119d&#8221;.<\/p>\n<p><strong>Co trzeba zrobi\u0107?<\/strong><\/p>\n<p>Nagra\u0107 w domowym zaciszu lub w plenerze &#8211; maksymalnie dwie kol\u0119dy (wideo+d\u017awi\u0119k lub sam d\u017awi\u0119k) i wys\u0142a\u0107 je e-mailem do Urz\u0119du Gminy \u0141abunie. Z Waszych nagra\u0144 stworzymy zdaln\u0105 p\u0142yt\u0119 kol\u0119d, kt\u00f3r\u0105 opublikujemy na stronie Urz\u0119du Gminy \u0141abunie. Dzi\u0119ki Wam powstanie zestaw kol\u0119d, kt\u00f3ry ka\u017cdy odwiedzaj\u0105cy nasz\u0105 stron\u0119, b\u0119dzie m\u00f3g\u0142 w\u0142\u0105czy\u0107 i s\u0142ucha\u0107, by wczu\u0107 si\u0119 w klimat \u015bwi\u0105t w chwilach gor\u0105cych przygotowa\u0144, domowych wypiek\u00f3w, przygotowywania potraw, ubierania choinki, czy te\u017c przy wigilijnej kolacji i rodzinnego \u015bwi\u0119towania w kolejnych dniach.<\/p>\n<p>Uczestnicy konkursu otrzymaj\u0105 p\u0142yt\u0119 z kol\u0119dami wydan\u0105 przez Gminny Ch\u00f3r Konsonans w \u0141abuniach pod kierownictwem Agnieszki Brylewicz oraz ksi\u0105\u017cki od biblioteki w \u0141abuniach na d\u0142ugie zimowe wieczory.&nbsp;<\/p>\n<p>Termin nadsy\u0142ania- do 10 grudnia, na e-maila: uglabunie@gmail.com<\/p>\n","protected":false},"excerpt":{"rendered":"<p>Zapraszamy na drugi &#8211; po trwaj\u0105cej jeszcze akcji &#8220;Poka\u017c choink\u0119 &#8211; dostaniesz choink\u0119&#8221; &#8211; gminny konkurs, tym razem pod has\u0142em &#8220;Stw\u00f3rzmy zdaln\u0105 p\u0142yt\u0119 kol\u0119d&#8221;.<\/p>\n","protected":false},"author":11,"featured_media":19236,"comment_status":"closed","ping_status":"closed","sticky":false,"template":"","format":"standard","meta":{"footnotes":""},"categories":[1],"tags":[],"class_list":["post-19233","post","type-post","status-publish","format-standard","has-post-thumbnail","hentry","category-wpisy","clearfix"],"_links":{"self":[{"href":"https:\/\/labunie.com.pl\/index.php?rest_route=\/wp\/v2\/posts\/19233","targetHints":{"allow":["GET"]}}],"collection":[{"href":"https:\/\/labunie.com.pl\/index.php?rest_route=\/wp\/v2\/posts"}],"about":[{"href":"https:\/\/labunie.com.pl\/index.php?rest_route=\/wp\/v2\/types\/post"}],"author":[{"embeddable":true,"href":"https:\/\/labunie.com.pl\/index.php?rest_route=\/wp\/v2\/users\/11"}],"replies":[{"embeddable":true,"href":"https:\/\/labunie.com.pl\/index.php?rest_route=%2Fwp%2Fv2%2Fcomments&post=19233"}],"version-history":[{"count":5,"href":"https:\/\/labunie.com.pl\/index.php?rest_route=\/wp\/v2\/posts\/19233\/revisions"}],"predecessor-version":[{"id":19239,"href":"https:\/\/labunie.com.pl\/index.php?rest_route=\/wp\/v2\/posts\/19233\/revisions\/19239"}],"wp:featuredmedia":[{"embeddable":true,"href":"https:\/\/labunie.com.pl\/index.php?rest_route=\/wp\/v2\/media\/19236"}],"wp:attachment":[{"href":"https:\/\/labunie.com.pl\/index.php?rest_route=%2Fwp%2Fv2%2Fmedia&parent=19233"}],"wp:term":[{"taxonomy":"category","embeddable":true,"href":"https:\/\/labunie.com.pl\/index.php?rest_route=%2Fwp%2Fv2%2Fcategories&post=19233"},{"taxonomy":"post_tag","embeddable":true,"href":"https:\/\/labunie.com.pl\/index.php?rest_route=%2Fwp%2Fv2%2Ftags&post=19233"}],"curies":[{"name":"wp","href":"https:\/\/api.w.org\/{rel}","templated":true}]}}