{"id":19263,"date":"2020-11-30T13:10:00","date_gmt":"2020-11-30T12:10:00","guid":{"rendered":"https:\/\/www.labunie.com.pl\/?p=19263"},"modified":"2020-12-01T20:11:49","modified_gmt":"2020-12-01T19:11:49","slug":"pomoc-dla-seniorow-z-gminy-labunie-akcja-my","status":"publish","type":"post","link":"https:\/\/labunie.com.pl\/?p=19263","title":{"rendered":"Pomoc dla senior\u00f3w z gminy \u0141abunie &#8211; Akcja MY+"},"content":{"rendered":"\n<p><strong>B\u0105d\u017a bliskim osoby starszej z s\u0105siedztwa! To has\u0142o og\u00f3lnopolskiej akcji My+, kt\u00f3rej celem jest s\u0105siedzka pomoc seniorom w tym szczeg\u00f3lnie trudnym dla nich czasie.&nbsp;<\/strong><\/p>\n\n\n\n<div style=\"height:20px\" aria-hidden=\"true\" class=\"wp-block-spacer\"><\/div>\n\n\n\n<!--more-->\n\n\n\n<p align=\"JUSTIFY\"><span style=\"font-family: Times New Roman, serif;\"><span style=\"font-size: medium;\">Akcja polega na pomocy seniorom w postaci przekazania im wype\u0142nionego plakatu akcji MY + (\/link do pobrania plakatu poni\u017cej\/).<\/span><\/span><\/p>\n<p align=\"JUSTIFY\"><span style=\"font-family: Times New Roman, serif;\"><span style=\"font-size: medium;\">Na plakacie wpisujemy kontakt osoby ch\u0119tnej do \u015bwiadczenia pomocy s\u0105siedzkiej oraz do o\u015brodka pomocy spo\u0142ecznej.<\/span><\/span><\/p>\n<p align=\"JUSTIFY\"><span style=\"font-family: Times New Roman, serif;\"><span style=\"font-size: medium;\">Co ka\u017cdy mieszkaniec Naszej gminy mo\u017ce zrobi\u0107, aby pom\u00f3c?<\/span><\/span><\/p>\n<ul>\n<li>\n<p align=\"JUSTIFY\"><span style=\"font-family: Times New Roman, serif;\"><span style=\"font-size: medium;\">Pobra\u0107 i wydrukowa\u0107 plakat \u201eAkcja My +\u201d ze strony <a href=\"https:\/\/abcsenior.com\/wp-content\/uploads\/2020\/10\/202010_My-plus_OK.pdf\">https:\/\/abcsenior.com\/wp-content\/uploads\/2020\/10\/202010_My-plus_OK.pdf<\/a>, je\u015bli nie otrzyma\u0142 papierowej wersji,<\/span><\/span><\/p>\n<\/li>\n<li>\n<p align=\"JUSTIFY\"><span style=\"font-family: Times New Roman, serif;\"><span style=\"font-size: medium;\">wype\u0142ni\u0107 plakat,<\/span><\/span><\/p>\n<\/li>\n<li>\n<p align=\"JUSTIFY\"><span style=\"font-family: Times New Roman, serif;\"><span style=\"font-size: medium;\">przekaza\u0107 go wybranej po s\u0105siedzku osobie starszej,<\/span><\/span><\/p>\n<\/li>\n<\/ul>\n<p align=\"JUSTIFY\"><span style=\"font-family: Times New Roman, serif;\"><span style=\"font-size: medium;\">Has\u0142o kampanii MY + to<b> \u201eB\u0105d\u017a bliskim osoby starszej z s\u0105siedztwa\u201d<\/b><\/span><\/span><\/p>\n<p align=\"JUSTIFY\"><span style=\"font-family: Times New Roman, serif;\"><span style=\"font-size: medium;\">Wszyscy wiemy, \u017ce osoby starsze teraz szczeg\u00f3lnie potrzebuj\u0105 wsparcia, uwagi i realnej pomocy, dlatego nikt nie pomo\u017ce skuteczniej osobom starszym ni\u017c osoby z bliskiego otoczenia. Celem akcji jest s\u0105siedzka pomoc seniorom w tym szczeg\u00f3lnie trudnym dla nich czasie.<\/span><\/span><\/p>\n<p align=\"JUSTIFY\"><span style=\"font-family: Times New Roman, serif;\"><span style=\"font-size: medium;\">Zach\u0119camy do w\u0142\u0105czenia si\u0119 do akcji MY +.<\/span><\/span><\/p>\n<p align=\"JUSTIFY\"><span style=\"font-family: Times New Roman, serif;\"><span style=\"font-size: medium;\">Dane kontaktowe:<\/span><\/span><\/p>\n<p align=\"JUSTIFY\"><span style=\"font-family: Times New Roman, serif;\"><span style=\"font-size: medium;\">Gminny O\u015brodek Pomocy Spo\u0142ecznej w \u0141abuniach<\/span><\/span><\/p>\n<p align=\"JUSTIFY\"><span style=\"font-family: Times New Roman, serif;\"><span style=\"font-size: medium;\">ul. Orzechowa 10<\/span><\/span><\/p>\n<p align=\"JUSTIFY\"><span style=\"font-family: Times New Roman, serif;\"><span style=\"font-size: medium;\">22-437 \u0141abunie<\/span><\/span><\/p>\n<p align=\"JUSTIFY\"><span style=\"font-family: Times New Roman, serif;\"><span style=\"font-size: medium;\">tel. 84 61 130 08<\/span><\/span><\/p>\n<p align=\"JUSTIFY\"><span style=\"font-family: Times New Roman, serif;\"><span style=\"font-size: medium;\">e-mail: gops-labunie@wp.pl<\/span><\/span><\/p>\n\n\n\n<div style=\"height:32px\" aria-hidden=\"true\" class=\"wp-block-spacer\"><\/div>\n\n\n\n<figure class=\"wp-block-image size-large\"><img decoding=\"async\" src=\"https:\/\/www.labunie.com.pl\/wp-content\/uploads\/2020\/11\/plakat.png\" alt=\"\" class=\"wp-image-19460\"\/><\/figure>\n","protected":false},"excerpt":{"rendered":"<p>B\u0105d\u017a bliskim osoby starszej z s\u0105siedztwa! To has\u0142o og\u00f3lnopolskiej akcji My+, kt\u00f3rej celem jest s\u0105siedzka pomoc seniorom w tym szczeg\u00f3lnie trudnym dla nich czasie.&nbsp;<\/p>\n","protected":false},"author":11,"featured_media":0,"comment_status":"closed","ping_status":"closed","sticky":false,"template":"","format":"standard","meta":{"footnotes":""},"categories":[1],"tags":[],"class_list":["post-19263","post","type-post","status-publish","format-standard","hentry","category-wpisy","clearfix"],"_links":{"self":[{"href":"https:\/\/labunie.com.pl\/index.php?rest_route=\/wp\/v2\/posts\/19263","targetHints":{"allow":["GET"]}}],"collection":[{"href":"https:\/\/labunie.com.pl\/index.php?rest_route=\/wp\/v2\/posts"}],"about":[{"href":"https:\/\/labunie.com.pl\/index.php?rest_route=\/wp\/v2\/types\/post"}],"author":[{"embeddable":true,"href":"https:\/\/labunie.com.pl\/index.php?rest_route=\/wp\/v2\/users\/11"}],"replies":[{"embeddable":true,"href":"https:\/\/labunie.com.pl\/index.php?rest_route=%2Fwp%2Fv2%2Fcomments&post=19263"}],"version-history":[{"count":0,"href":"https:\/\/labunie.com.pl\/index.php?rest_route=\/wp\/v2\/posts\/19263\/revisions"}],"wp:attachment":[{"href":"https:\/\/labunie.com.pl\/index.php?rest_route=%2Fwp%2Fv2%2Fmedia&parent=19263"}],"wp:term":[{"taxonomy":"category","embeddable":true,"href":"https:\/\/labunie.com.pl\/index.php?rest_route=%2Fwp%2Fv2%2Fcategories&post=19263"},{"taxonomy":"post_tag","embeddable":true,"href":"https:\/\/labunie.com.pl\/index.php?rest_route=%2Fwp%2Fv2%2Ftags&post=19263"}],"curies":[{"name":"wp","href":"https:\/\/api.w.org\/{rel}","templated":true}]}}