{"id":19348,"date":"2020-12-09T07:30:17","date_gmt":"2020-12-09T06:30:17","guid":{"rendered":"https:\/\/labunie.com.pl\/?p=19348"},"modified":"2020-12-11T12:00:23","modified_gmt":"2020-12-11T11:00:23","slug":"ruszyla-budowa-centrum-dla-niepelnosprawnych-videorelacja","status":"publish","type":"post","link":"https:\/\/labunie.com.pl\/?p=19348","title":{"rendered":"Budujemy COM &#8211; videorelacja"},"content":{"rendered":"\n<p><strong>W\u00a0Br\u00f3dku ruszy\u0142a budowa Centrum Opieku\u0144czo-Mieszkalnego, na kt\u00f3re gmina \u0141abunie otrzyma\u0142a blisko 2,5 mln z\u0142 dofinansowania. <\/strong><\/p>\n\n\n\n<!--more-->\n\n\n\n<p align=\"JUSTIFY\">W grudniu zosta\u0142 rozstrzygni\u0119ty przetarg na budow\u0119 nowego budynku, przystosowanego dla os\u00f3b niepe\u0142noprawnych. Prace ziemne ju\u017c ruszy\u0142y, a ca\u0142o\u015b\u0107 inwestycji planuje si\u0119 zrealizowa\u0107 do ko\u0144ca 2021 roku. Centrum opieku\u0144czo-mieszkalne powstanie na dzia\u0142ce, na kt\u00f3rej niegdy\u015b dzia\u0142a\u0142a szko\u0142a w Br\u00f3dku. <br \/>W swoim za\u0142o\u017ceniu COM ma zapewni\u0107 pomoc doros\u0142ym osobom niepe\u0142nosprawnym ze znacznym lub umiarkowanym stopniem niepe\u0142nosprawno\u015bci us\u0142ugi zamieszkiwania w ramach pobytu dziennego lub ca\u0142odobowego. Nowy o\u015brodek b\u0119dzie \u015bwiadczy\u0142 specjalistyczn\u0105 pomoc i terapi\u0119 dla os\u00f3b niepe\u0142nosprawnych, w tym: psychologiczn\u0105 i rehabilitacyjn\u0105. Docelowo opiek\u0119 znajdzie tu 20 os\u00f3b. Centrum b\u0119dzie wspiera\u0107 niepe\u0142nosprawnych w zakresie zdrowia, piel\u0119gnacji, zapobiegania wt\u00f3rnym powik\u0142aniom oraz stymulowania i rozwijania sprawno\u015bci ruchowej. Osoby, kt\u00f3re znajd\u0105 si\u0119 pod opiek\u0105 COM, b\u0119d\u0105 mia\u0142y szans\u0119 na niezale\u017cne, samodzielne i godne funkcjonowanie.<\/p>\n<p align=\"JUSTIFY\">W budynku o powierzchni prawie p\u00f3\u0142 tysi\u0105ca m kw. powstan\u0105 4 sale terapeutyczne, 2 pokoje mieszkalne, gabinet piel\u0119gniarski, psychologa, sala rehabilitacyjna i pomieszczenia pomocnicze: m. in. \u0142azienki i szatnie. Warto doda\u0107, \u017ce budynek b\u0119dzie korzysta\u0142 z odnawialnych \u017ar\u00f3de\u0142 energii, aby zminimalizowa\u0107 negatywne efekty oddzia\u0142ywania na \u015brodowisko.<\/p>\n<p align=\"JUSTIFY\">\u015arodki na dofinansowanie inwestycji pochodz\u0105 z Funduszu Solidarno\u015bciowego w ramach resortowego programu Ministra Rodziny, Pracy i Polityki Spo\u0142ecznej pn. \u201eCentra opieku\u0144czo-mieszkalne\u201d. \u015arodki przekazywane s\u0105 za po\u015brednictwem Wojewody Lubelskiego.<\/p>\n\n\n\n<div style=\"height:20px\" aria-hidden=\"true\" class=\"wp-block-spacer\"><\/div>\n\n\n\n<figure class=\"wp-block-video\"><video controls src=\"https:\/\/labunie.com.pl\/wp-content\/uploads\/2020\/12\/MVI_8762.mov\"><\/video><\/figure>\n","protected":false},"excerpt":{"rendered":"<p>W\u00a0Br\u00f3dku ruszy\u0142a budowa Centrum Opieku\u0144czo-Mieszkalnego, na kt\u00f3re gmina \u0141abunie otrzyma\u0142a blisko 2,5 mln z\u0142 dofinansowania.<\/p>\n","protected":false},"author":11,"featured_media":19362,"comment_status":"closed","ping_status":"closed","sticky":false,"template":"","format":"standard","meta":{"footnotes":""},"categories":[1],"tags":[],"class_list":["post-19348","post","type-post","status-publish","format-standard","has-post-thumbnail","hentry","category-wpisy","clearfix"],"_links":{"self":[{"href":"https:\/\/labunie.com.pl\/index.php?rest_route=\/wp\/v2\/posts\/19348","targetHints":{"allow":["GET"]}}],"collection":[{"href":"https:\/\/labunie.com.pl\/index.php?rest_route=\/wp\/v2\/posts"}],"about":[{"href":"https:\/\/labunie.com.pl\/index.php?rest_route=\/wp\/v2\/types\/post"}],"author":[{"embeddable":true,"href":"https:\/\/labunie.com.pl\/index.php?rest_route=\/wp\/v2\/users\/11"}],"replies":[{"embeddable":true,"href":"https:\/\/labunie.com.pl\/index.php?rest_route=%2Fwp%2Fv2%2Fcomments&post=19348"}],"version-history":[{"count":5,"href":"https:\/\/labunie.com.pl\/index.php?rest_route=\/wp\/v2\/posts\/19348\/revisions"}],"predecessor-version":[{"id":19537,"href":"https:\/\/labunie.com.pl\/index.php?rest_route=\/wp\/v2\/posts\/19348\/revisions\/19537"}],"wp:featuredmedia":[{"embeddable":true,"href":"https:\/\/labunie.com.pl\/index.php?rest_route=\/wp\/v2\/media\/19362"}],"wp:attachment":[{"href":"https:\/\/labunie.com.pl\/index.php?rest_route=%2Fwp%2Fv2%2Fmedia&parent=19348"}],"wp:term":[{"taxonomy":"category","embeddable":true,"href":"https:\/\/labunie.com.pl\/index.php?rest_route=%2Fwp%2Fv2%2Fcategories&post=19348"},{"taxonomy":"post_tag","embeddable":true,"href":"https:\/\/labunie.com.pl\/index.php?rest_route=%2Fwp%2Fv2%2Ftags&post=19348"}],"curies":[{"name":"wp","href":"https:\/\/api.w.org\/{rel}","templated":true}]}}