{"id":1953,"date":"2015-08-03T12:20:41","date_gmt":"2015-08-03T10:20:41","guid":{"rendered":"https:\/\/www.labunie.com.pl\/?p=1953"},"modified":"2015-09-21T12:40:27","modified_gmt":"2015-09-21T10:40:27","slug":"wakacje-we-francji","status":"publish","type":"post","link":"https:\/\/labunie.com.pl\/?p=1953","title":{"rendered":"Wakacje we Francji"},"content":{"rendered":"<p><strong>Gmina \u0141abunie wsp\u00f3\u0142pracuj\u0105c z zaprzyja\u017anion\u0105 Gmin\u0105 Iszkaszentgyorgy na W\u0119grzech w lipcu 2015 r. realizowa\u0142a mi\u0119dzynarodowy projekt wymiany m\u0142odzie\u017cy \u201eThe emblems\u2019 meeting\u201d Erasmus+.<\/strong><\/p>\n<p><!--more--><br \/>\n&nbsp;<br \/>\n&nbsp;<br \/>\n&nbsp;<br \/>\n&nbsp;<br \/>\nDzi\u0119ki wsparciu i zaanga\u017cowaniu W\u00f3jta Gminy \u0141abunie pana Antoniego Wojciecha Turczyna oraz pani Wicew\u00f3jt Heleny Szka\u0142uby dwunastu uczni\u00f3w z Gimnazjum w \u0141abuniach pod opiek\u0105 pani Danuty Bosiak i pani Moniki Sawickiej uczestniczy\u0142o w dwutygodniowej wymianie m\u0142odzie\u017cy w Croan we Francji w\u00a0dniach od 17 lipca do 28 lipca 2015r.<br \/>\n&nbsp;<br \/>\nProjekt obejmowa\u0142 m\u0142odzie\u017c z Polski, Francji i W\u0119gier zapewniaj\u0105c uczestnikom bezp\u0142atny pobyt na zachodnim wybrze\u017cu Francji nad Oceanem Atlantyckim. Koszty zwi\u0105zane z realizacj\u0105 tego projektu pochodzi\u0142y ze \u015brodk\u00f3w unijnych, gminy i rodzic\u00f3w. Gmina \u0141abunie zapewni\u0142a transport m\u0142odzie\u017cy na lotnisko do Krakowa. Opiekunowie natomiast realizowali powierzone zadania spo\u0142ecznie.<br \/>\n&nbsp;<br \/>\nG\u0142\u00f3wnym za\u0142o\u017ceniem spotkania by\u0142a integracja m\u0142odych ludzi, poznanie kultur, zwyczaj\u00f3w i tradycji kraj\u00f3w uczestnicz\u0105cych w wymianie oraz kszta\u0142towanie postawy tolerancji i otwarto\u015bci na drugiego cz\u0142owieka. Narz\u0119dziem komunikacji dla wszystkich uczestnik\u00f3w projektu by\u0142 j\u0119zyk angielski. W czasie 12-dniowego pobytu we Francji uczniowie zwiedzili wiele pi\u0119knych miejsc, uczestniczyli w licznych spotkaniach i\u00a0wyjazdach oraz zorganizowanych zaj\u0119ciach sportowo-rekreacyjnych.<br \/>\n&nbsp;<br \/>\nProjekt zak\u0142ada\u0142 prezentacj\u0119 w\u0142asnego kraju w r\u00f3\u017cnorodnych formach. Nasi gimnazjali\u015bci zaprezentowali najpopularniejsze polskie piosenki, ta\u0144ce narodowe oraz przygotowali tradycyjne polskie potrawy.<br \/>\n&nbsp;<br \/>\nBogaty program dostarczy\u0142 wszystkim uczestnikom projektu niezapomnianych wra\u017ce\u0144. Wsp\u00f3lnie sp\u0119dzone chwile zapad\u0142y g\u0142\u0119boko w pami\u0119ci, a wspaniale uk\u0142adaj\u0105ca si\u0119 wsp\u00f3\u0142praca pomi\u0119dzy koordynatorami poszczeg\u00f3lnych kraj\u00f3w zach\u0119ca do kontynuowania tego typu przedsi\u0119wzi\u0119\u0107.<br \/>\n&nbsp;<br \/>\n<iframe loading=\"lazy\" src=\"https:\/\/onedrive.live.com\/embed?cid=366E59CEBE5FAE1C&#038;resid=366E59CEBE5FAE1C%213642&#038;authkey=AO66x9_POeqTvB4\" width=\"165\" height=\"128\" frameborder=\"0\" scrolling=\"no\"><\/iframe><br \/>\n&nbsp;<br \/>\n&nbsp;<\/p>\n<p style=\"text-align: right;\"><span style=\"font-size: 8pt;\"><em>Opiekunowie dzia\u0142a\u0144 projektowych:<\/em><\/span><br \/>\n<span style=\"font-size: 8pt;\"><em> mgr Danuta Bosiak<\/em><\/span><br \/>\n<span style=\"font-size: 8pt;\"><em> mgr Monika Sawicka<\/em><\/span><\/p>\n","protected":false},"excerpt":{"rendered":"<p>Gmina \u0141abunie wsp\u00f3\u0142pracuj\u0105c z zaprzyja\u017anion\u0105 Gmin\u0105 Iszkaszentgyorgy na W\u0119grzech w lipcu 2015 r. realizowa\u0142a mi\u0119dzynarodowy projekt wymiany m\u0142odzie\u017cy \u201eThe emblems\u2019 meeting\u201d Erasmus+.<\/p>\n","protected":false},"author":7,"featured_media":1956,"comment_status":"closed","ping_status":"closed","sticky":false,"template":"","format":"standard","meta":{"footnotes":""},"categories":[1],"tags":[],"class_list":["post-1953","post","type-post","status-publish","format-standard","has-post-thumbnail","hentry","category-wpisy","clearfix"],"_links":{"self":[{"href":"https:\/\/labunie.com.pl\/index.php?rest_route=\/wp\/v2\/posts\/1953","targetHints":{"allow":["GET"]}}],"collection":[{"href":"https:\/\/labunie.com.pl\/index.php?rest_route=\/wp\/v2\/posts"}],"about":[{"href":"https:\/\/labunie.com.pl\/index.php?rest_route=\/wp\/v2\/types\/post"}],"author":[{"embeddable":true,"href":"https:\/\/labunie.com.pl\/index.php?rest_route=\/wp\/v2\/users\/7"}],"replies":[{"embeddable":true,"href":"https:\/\/labunie.com.pl\/index.php?rest_route=%2Fwp%2Fv2%2Fcomments&post=1953"}],"version-history":[{"count":3,"href":"https:\/\/labunie.com.pl\/index.php?rest_route=\/wp\/v2\/posts\/1953\/revisions"}],"predecessor-version":[{"id":1957,"href":"https:\/\/labunie.com.pl\/index.php?rest_route=\/wp\/v2\/posts\/1953\/revisions\/1957"}],"wp:featuredmedia":[{"embeddable":true,"href":"https:\/\/labunie.com.pl\/index.php?rest_route=\/wp\/v2\/media\/1956"}],"wp:attachment":[{"href":"https:\/\/labunie.com.pl\/index.php?rest_route=%2Fwp%2Fv2%2Fmedia&parent=1953"}],"wp:term":[{"taxonomy":"category","embeddable":true,"href":"https:\/\/labunie.com.pl\/index.php?rest_route=%2Fwp%2Fv2%2Fcategories&post=1953"},{"taxonomy":"post_tag","embeddable":true,"href":"https:\/\/labunie.com.pl\/index.php?rest_route=%2Fwp%2Fv2%2Ftags&post=1953"}],"curies":[{"name":"wp","href":"https:\/\/api.w.org\/{rel}","templated":true}]}}