{"id":19575,"date":"2020-12-11T13:12:58","date_gmt":"2020-12-11T12:12:58","guid":{"rendered":"https:\/\/www.labunie.com.pl\/?p=19575"},"modified":"2020-12-11T13:12:59","modified_gmt":"2020-12-11T12:12:59","slug":"ogloszenie-ministra-rodziny-i-polityki-spolecznej","status":"publish","type":"post","link":"https:\/\/labunie.com.pl\/?p=19575","title":{"rendered":"Og\u0142oszenie Ministra Rodziny i Polityki Spo\u0142ecznej"},"content":{"rendered":"\n<h4 style=\"text-align: center;\"><strong>Minister Rodziny i Polityki Spo\u0142ecznej og\u0142asza nab\u00f3r wniosk\u00f3w w ramach Programu \u201eOpieka wytchnieniowa\u201d &#8211; edycja 2021 r.<\/strong><\/h4>\n\n\n\n<!--more-->\n\n\n\n<p><strong>I <\/strong><strong>Podstawa prawna Programu<\/strong><\/p>\n<p>Minister Rodziny i Polityki Spo\u0142ecznej, zwany dalej\u00a0 \u201eMinister\u201d, na podstawie art. 7 ust. 5 oraz art. 12 ust. 1 ustawy z dnia 23 pa\u017adziernika 2018 r. o Funduszu Solidarno\u015bciowym (Dz. U. z 2020 r. poz. 1787) og\u0142asza nab\u00f3r wniosk\u00f3w na realizacj\u0119 Programu pn. \u201eOpieka wytchnieniowa\u201d \u2212 edycja 2021, zwany dalej \u201eProgramem\u201d.<\/p>\n<p>Na realizacj\u0119 Programu Minister przeznaczy\u0142 kwot\u0119 50\u00a0000\u00a0000,00 z\u0142 (s\u0142ownie: pi\u0119\u0107dziesi\u0105t milion\u00f3w z\u0142otych).<\/p>\n<p>\u00a0<\/p>\n<p><strong>II <\/strong><strong>Cele Programu<\/strong><\/p>\n<p>G\u0142\u00f3wnym celem Programu jest wsparcie cz\u0142onk\u00f3w rodzin lub opiekun\u00f3w sprawuj\u0105cych bezpo\u015bredni\u0105 opiek\u0119 nad:<\/p>\n<p>1) dzie\u0107mi z orzeczeniem o niepe\u0142nosprawno\u015bci,<\/p>\n<p>2) osobami z orzeczeniem o znacznym stopniu niepe\u0142nosprawno\u015bci oraz orzeczeniami r\u00f3wnowa\u017cnymi<a href=\"#_ftn1\" name=\"_ftnref1\">[1]<\/a><sup>)<\/sup>,<\/p>\n<p>\u2013 w \u0142\u0105cznej liczbie nie mniejszej ni\u017c 1500 os\u00f3b, poprzez mo\u017cliwo\u015b\u0107 uzyskania dora\u017anej, czasowej pomocy w formie us\u0142ugi opieki wytchnieniowej.<\/p>\n<p>Program ma tak\u017ce zapewnia\u0107:<\/p>\n<ul>\n<li>w odniesieniu do rozwi\u0105za\u0144 systemowych:<\/li>\n<li>wzmocnienie dotychczasowego systemu wsparcia poprzez \u015bwiadczenie us\u0142ug opieki wytchnieniowej dla cz\u0142onk\u00f3w rodzin lub opiekun\u00f3w sprawuj\u0105cych bezpo\u015bredni\u0105 opiek\u0119 nad dzie\u0107mi z\u00a0orzeczon\u0105 niepe\u0142nosprawno\u015bci\u0105 lub osobami ze znacznym stopniem niepe\u0142nosprawno\u015bci\/osobami z orzeczeniem r\u00f3wnowa\u017cnym;<\/li>\n<li>wsparcie finansowe gmin\/powiat\u00f3w w zakresie realizacji us\u0142ug opieki wytchnieniowej,<\/li>\n<li>w odniesieniu do cz\u0142onk\u00f3w rodziny lub opiekun\u00f3w os\u00f3b z niepe\u0142nosprawno\u015bci\u0105:<\/li>\n<li>czasowe odci\u0105\u017cenie od codziennych obowi\u0105zk\u00f3w \u0142\u0105cz\u0105cych si\u0119 ze sprawowaniem opieki, zapewnienie czasu na odpoczynek i regeneracj\u0119;<\/li>\n<li>wzmocnienie osobistego potencja\u0142u oraz ograniczenie wp\u0142ywu obci\u0105\u017ce\u0144 psychofizycznych zwi\u0105zanych ze sprawowaniem opieki poprzez wsparcie psychologiczne lub terapeutyczne;<\/li>\n<li>podniesienie poziomu kompetencji dotycz\u0105cych wsparcia osoby niepe\u0142nosprawnej poprzez nauk\u0119 technik wspomagania, piel\u0119gnacji, prowadzenia dzia\u0142a\u0144 rehabilitacyjnych w warunkach domowych oraz obj\u0119cie specjalistycznym poradnictwem w zakresie psychologicznych i spo\u0142ecznych aspekt\u00f3w wsparcia os\u00f3b z niepe\u0142nosprawno\u015bci\u0105, zagadnienia profilaktyki zdrowotnej i zdrowego stylu \u017cycia.<\/li>\n<\/ul>\n<p><strong>\u00a0<\/strong><\/p>\n<p><strong>III <\/strong><strong>Rodzaj zada\u0144<\/strong><\/p>\n<p>Gmina\/powiat otrzymuje wsparcie finansowe w zakresie \u015bwiadczenia us\u0142ugi opieki wytchnieniowej, zar\u00f3wno w ramach pobytu dziennego i pobytu ca\u0142odobowego oraz w\u00a0formie specjalistycznego poradnictwa (psychologicznego lub terapeutycznego), a tak\u017ce poprzez zapewnienie wsparcia w zakresie nauki piel\u0119gnacji\/rehabilitacji\/dietetyki dla cz\u0142onk\u00f3w rodzin lub opiekun\u00f3w sprawuj\u0105cych bezpo\u015bredni\u0105 opiek\u0119 nad dzie\u0107mi z orzeczeniem o niepe\u0142nosprawno\u015bci lub nad osobami ze znacznym stopniem niepe\u0142nosprawno\u015bci\/osobami z orzeczeniem r\u00f3wnowa\u017cnym.<\/p>\n<p><strong>\u00a0<\/strong><\/p>\n<p><strong>IV <\/strong><strong>Podmioty uprawnione do sk\u0142adania wniosk\u00f3w<\/strong><\/p>\n<p>O dofinansowanie wniosku w ramach Programu mog\u0105 ubiega\u0107 si\u0119 jednostki samorz\u0105du terytorialnego, szczebla gminnego lub powiatowego.<\/p>\n<p><strong>\u00a0<\/strong><\/p>\n<p><strong>V <\/strong><strong>Tryb przyst\u0105pienia do Programu<\/strong><\/p>\n<ol>\n<li>Gminy\/powiaty sk\u0142adaj\u0105c do w\u0142a\u015bciwego wojewody wniosek na \u015brodki finansowe <br \/>z Programu \u201eOpieka wytchnieniowa\u201d \u2013 edycja 2021 w ramach Funduszu Solidarno\u015bciowego, kt\u00f3rego wz\u00f3r stanowi za\u0142\u0105cznik nr 1 do niniejszego Programu (1a, 1b lub 1c w zale\u017cno\u015bci od planowanej formy realizacji us\u0142ug opieki wytchnieniowej), uwzgl\u0119dniaj\u0105 w nim w\u00a0szczeg\u00f3lno\u015bci przewidywan\u0105 liczb\u0119 uczestnik\u00f3w Programu i koszt realizacji us\u0142ug opieki wytchnieniowej.<\/li>\n<li>Wojewoda po dokonaniu oceny wniosk\u00f3w gmin\/powiat\u00f3w na \u015brodki finansowe z Programu pod wzgl\u0119dem formalnym, merytorycznym oraz pod wzgl\u0119dem racjonalnego i celowego wydatkowania \u015brodk\u00f3w sporz\u0105dza list\u0119 rekomendowanych wniosk\u00f3w i przekazuje j\u0105 Ministrowi do zatwierdzenia.<\/li>\n<\/ol>\n<p><strong>\u00a0<\/strong><\/p>\n<p><strong>VI <\/strong><strong>Termin realizacji zada\u0144 obj\u0119tych finansowaniem i wysoko\u015b\u0107 \u015brodk\u00f3w z Funduszu Solidarno\u015bciowego przeznaczonych na ich realizacj\u0119<\/strong><\/p>\n<ul>\n<li>Program b\u0119dzie realizowany od dnia 1 stycznia 2021 r. do 31 grudnia 2021 r.<\/li>\n<li>\u0179r\u00f3d\u0142em finansowania Programu edycja 2021 s\u0105 \u015brodki uj\u0119te w planie finansowym Funduszu Solidarno\u015bciowego na 2021 r. w kwocie 50 mln z\u0142. Dysponentem \u015brodk\u00f3w Funduszu Solidarno\u015bciowego jest minister w\u0142a\u015bciwy do spraw zabezpieczenia spo\u0142ecznego, zwany dalej \u201eMinistrem\u201d.<\/li>\n<li>Realizacja Programu nast\u0119puje w trybie naboru wniosk\u00f3w.<\/li>\n<li>Nab\u00f3r wniosk\u00f3w gmin\/powiat\u00f3w na \u015brodki finansowe z Programu \u201eOpieka wytchnieniowa\u201d \u2013 edycja 2021 dokonywany jest przez wojewod\u00f3w.<\/li>\n<li>Wojewoda sporz\u0105dza i przekazuje Ministrowi wniosek wojewody na \u015brodki finansowe z Programu wraz z list\u0105 rekomendowanych wniosk\u00f3w.<\/li>\n<li>Minister weryfikuje, zatwierdza i zamieszcza list\u0119 rekomendowanych wniosk\u00f3w w Biuletynie Informacji Publicznej na stronie podmiotowej.<\/li>\n<li>Wojewoda zamieszcza list\u0119 podmiot\u00f3w, kt\u00f3rych wnioski zatwierdzi\u0142 Minister wraz z\u00a0kwot\u0105 przyznanych \u015brodk\u00f3w na swojej stronie internetowej oraz w Biuletynie Informacji Publicznej na stronie podmiotowej w terminie 30 dni od opublikowania przez Ministra zatwierdzonej listy rekomendowanych wniosk\u00f3w.<\/li>\n<li>Minister przekazuje \u015brodki na podstawie um\u00f3w zawartych z wojewodami, a nast\u0119pnie wojewodowie przekazuj\u0105 te \u015brodki gminom\/powiatom na podstawie um\u00f3w w\u00a0sprawie przyznania \u015brodk\u00f3w w ramach Programu.<\/li>\n<li>Maksymalna wysoko\u015b\u0107 \u015brodk\u00f3w dla wojewody nie powinna wynie\u015b\u0107 wi\u0119cej ni\u017c 12 mln z\u0142.<\/li>\n<li>Podmioty realizuj\u0105ce zadania wynikaj\u0105ce z um\u00f3w zawartych w ramach Programu, s\u0105\u00a0zobowi\u0105zane do posiadania wyodr\u0119bnionego rachunku bankowego dla \u015brodk\u00f3w z\u00a0Programu oraz prowadzenia wyodr\u0119bnionej ewidencji ksi\u0119gowej otrzymanych \u015brodk\u00f3w\u00a0i\u00a0dokonywanych z\u00a0tych \u015brodk\u00f3w wydatk\u00f3w, zgodnie z art. 17 ustawy o FS.<\/li>\n<li>W ramach Programu gmina\/powiat mo\u017ce otrzyma\u0107 wsparcie finansowe na koszty realizacji us\u0142ug opieki wytchnieniowej w wysoko\u015bci do 100%\u00a0 koszt\u00f3w ich realizacji.<\/li>\n<li>Ze \u015brodk\u00f3w Programu w\u00f3jt, burmistrz, prezydent miasta\/starosta mo\u017ce pokry\u0107 koszty obs\u0142ugi Programu w\u00a0wysoko\u015bci faktycznie poniesionej, nie wi\u0119cej ni\u017c 2% \u015brodk\u00f3w przekazanych na realizacj\u0119 tego Programu.<\/li>\n<li>Ze \u015brodk\u00f3w Programu Wojewoda mo\u017ce pokry\u0107 koszty obs\u0142ugi Programu w wysoko\u015bci faktycznie poniesionej, nie wi\u0119cej ni\u017c 0,5% \u015brodk\u00f3w przekazanych na realizacj\u0119 tego Programu.<\/li>\n<li>Minister mo\u017ce pokry\u0107 koszty dzia\u0142a\u0144 promocyjno-informacyjnych zwi\u0105zanych z niniejszym Programem w wysoko\u015bci nieprzekraczaj\u0105cej kwoty 100 tys. z\u0142, w ramach planu finansowego Funduszu Solidarno\u015bciowego na 2021 r. w pozycji \u201ekoszty realizacji zada\u0144 zwi\u0105zanych z promowaniem i wspieraniem systemu wsparcia os\u00f3b niepe\u0142nosprawnych\u201d.<\/li>\n<\/ul>\n<p><strong>\u00a0<\/strong><\/p>\n<p><strong>VII. \u00a0\u00a0\u00a0\u00a0\u00a0\u00a0\u00a0 Terminy naboru wniosk\u00f3w<\/strong><\/p>\n<ol>\n<li>Gmina\/powiat sk\u0142ada wniosek na \u015brodki finansowe w ramach Programu do w\u0142a\u015bciwego wojewody (za\u0142. nr 1 do Programu) <strong>w terminie do dnia 31 grudnia 2020 r. <\/strong>(decyduje data wp\u0142ywu).<\/li>\n<li>Wojewoda sporz\u0105dza i przekazuje wniosek na \u015brodki finansowe w ramach Programu wraz z list\u0105 rekomendowanych wniosk\u00f3w, Ministrowi Rodziny i Polityki Spo\u0142ecznej (za\u0142. nr 2 i 3 do Programu) <strong>w terminie do dnia 20 stycznia 2021 r.<\/strong> (decyduje data wp\u0142ywu).<\/li>\n<\/ol>\n<p>\u00a0<\/p>\n<p><strong>VIII. \u00a0\u00a0\u00a0\u00a0\u00a0\u00a0 Termin rozpatrzenia wniosk\u00f3w<\/strong><\/p>\n<p>Minister Rodziny i Polityki Spo\u0142ecznej dokona ostatecznej weryfikacji i zatwierdzenia wniosk\u00f3w z\u0142o\u017conych przez wojewod\u00f3w <strong>w terminie do dnia 5 lutego 2021 r.<\/strong><\/p>\n<hr \/>\n<p><a href=\"#_ftnref1\" name=\"_ftn1\">[1]<\/a><sup>) <\/sup>Zgodnie z art. 5 i art. 62 ww. ustawy o rehabilitacji zawodowej i spo\u0142ecznej oraz zatrudnianiu os\u00f3b niepe\u0142nosprawnych (Dz. U. z 2020 r. poz. 426, 568, 875).<\/p>\n","protected":false},"excerpt":{"rendered":"<p>Minister Rodziny i Polityki Spo\u0142ecznej og\u0142asza nab\u00f3r wniosk\u00f3w w ramach Programu \u201eOpieka wytchnieniowa\u201d &#8211; edycja 2021 r.<\/p>\n","protected":false},"author":9,"featured_media":5725,"comment_status":"closed","ping_status":"closed","sticky":false,"template":"","format":"standard","meta":{"footnotes":""},"categories":[1],"tags":[],"class_list":["post-19575","post","type-post","status-publish","format-standard","has-post-thumbnail","hentry","category-wpisy","clearfix"],"_links":{"self":[{"href":"https:\/\/labunie.com.pl\/index.php?rest_route=\/wp\/v2\/posts\/19575","targetHints":{"allow":["GET"]}}],"collection":[{"href":"https:\/\/labunie.com.pl\/index.php?rest_route=\/wp\/v2\/posts"}],"about":[{"href":"https:\/\/labunie.com.pl\/index.php?rest_route=\/wp\/v2\/types\/post"}],"author":[{"embeddable":true,"href":"https:\/\/labunie.com.pl\/index.php?rest_route=\/wp\/v2\/users\/9"}],"replies":[{"embeddable":true,"href":"https:\/\/labunie.com.pl\/index.php?rest_route=%2Fwp%2Fv2%2Fcomments&post=19575"}],"version-history":[{"count":1,"href":"https:\/\/labunie.com.pl\/index.php?rest_route=\/wp\/v2\/posts\/19575\/revisions"}],"predecessor-version":[{"id":19576,"href":"https:\/\/labunie.com.pl\/index.php?rest_route=\/wp\/v2\/posts\/19575\/revisions\/19576"}],"wp:featuredmedia":[{"embeddable":true,"href":"https:\/\/labunie.com.pl\/index.php?rest_route=\/wp\/v2\/media\/5725"}],"wp:attachment":[{"href":"https:\/\/labunie.com.pl\/index.php?rest_route=%2Fwp%2Fv2%2Fmedia&parent=19575"}],"wp:term":[{"taxonomy":"category","embeddable":true,"href":"https:\/\/labunie.com.pl\/index.php?rest_route=%2Fwp%2Fv2%2Fcategories&post=19575"},{"taxonomy":"post_tag","embeddable":true,"href":"https:\/\/labunie.com.pl\/index.php?rest_route=%2Fwp%2Fv2%2Ftags&post=19575"}],"curies":[{"name":"wp","href":"https:\/\/api.w.org\/{rel}","templated":true}]}}