{"id":19577,"date":"2020-12-23T08:00:00","date_gmt":"2020-12-23T07:00:00","guid":{"rendered":"https:\/\/www.labunie.com.pl\/?p=19577"},"modified":"2020-12-23T13:15:40","modified_gmt":"2020-12-23T12:15:40","slug":"zdalna-plyta-koled","status":"publish","type":"post","link":"https:\/\/labunie.com.pl\/?p=19577","title":{"rendered":"Zdalna p\u0142yta kol\u0119d"},"content":{"rendered":"\n<p><strong>Mieszka\u0144cy gminy \u0141abunie i Gminny Ch\u00f3r Konsonans stworzy\u0142 zdaln\u0105 p\u0142yt\u0119 kol\u0119d. Zapraszamy do wys\u0142uchania i wczuwania si\u0119 w klimat Bo\u017cego Narodzenia.&nbsp;<\/strong><\/p>\n\n\n\n<div style=\"height:20px\" aria-hidden=\"true\" class=\"wp-block-spacer\"><\/div>\n\n\n\n<!--more-->\n\n\n\n<p>Ka\u017cdego roku w gminie \u0141abunie odbywa\u0142 si\u0119 Przegl\u0105d Kol\u0119d i Pastora\u0142ek. Niestety z uwagi na pandemi\u0119 koronawirusa razem ze Stowarzyszeniem na Rzecz Rozwoju Gminy \u0141abunie zmuszeni byli\u015bmy odwo\u0142a\u0107 to wydarzenie. Postanowili\u015bmy przenie\u015b\u0107 je do sieci. W\u00f3jt Gminy \u0141abunie &#8211; Mariusz Kukie\u0142ka zaproponowa\u0142&nbsp; mieszka\u0144com konkurs &#8220;Stw\u00f3rzmy zdaln\u0105 p\u0142yt\u0119 kol\u0119d&#8221;(dzi\u0119kujemy za og\u00f3ln\u0105 koncepcj\u0119 przedsi\u0119wzi\u0119cia Pani Agnieszce Furma\u0144czuk). Ch\u0119tni mogli nagrywa\u0107 si\u0119 w domowym zaciszu, na dworze &#8211; gdziekolwiek, aby zabrzmia\u0142a kol\u0119da. Tu nie ma pierwszego czy trzeciego miejsca. Tu wszyscy uczestnicy zas\u0142uguj\u0105 na wielkie brawa. Dzi\u0119kujemy za Wasz odzew i za to, \u017ce uratowali\u015bcie nasz\u0105 coroczn\u0105 tradycj\u0119&nbsp; &#8211; Gminny Przegl\u0105d Kol\u0119d i Pastora\u0142ek; ale tym razem &#8211; on-line.&nbsp;<\/p>\n<p>Niniejszym prezentujemy kol\u0119dy mieszka\u0144c\u00f3w gminy \u0141abunie. Zapraszamy tak\u017ce do obejrzenia wyst\u0119pu naszych m\u0142odych artyst\u00f3w z Gminnej Orkiestry D\u0119tej w \u0141abuniach, kt\u00f3rzy przygrywali do kol\u0119dy za\u015bpiewanej przez MKS Padwa Zamo\u015b\u0107. Link poni\u017cej.&nbsp;<\/p>\n\n\n\n<p><a href=\"https:\/\/www.facebook.com\/mkspadwa\/videos\/461243821931918\"><strong>https:\/\/www.facebook.com\/mkspadwa\/videos\/461243821931918<\/strong><\/a><\/p>\n\n\n\n<div style=\"height:20px\" aria-hidden=\"true\" class=\"wp-block-spacer\"><\/div>\n\n\n\n<figure class=\"wp-block-embed-youtube wp-block-embed is-type-video is-provider-youtube wp-embed-aspect-16-9 wp-has-aspect-ratio\"><div class=\"wp-block-embed__wrapper\">\n<iframe loading=\"lazy\" title=\"B\u00f3g si\u0119 dzi\u015b rodzi - Ch\u00f3r Konsonans z \u0141abu\u0144 pod dyrekcj\u0105 Agnieszki Brylewicz\" width=\"1280\" height=\"720\" src=\"https:\/\/www.youtube.com\/embed\/J3Jdo1lRpKs?feature=oembed\" frameborder=\"0\" allow=\"accelerometer; autoplay; clipboard-write; encrypted-media; gyroscope; picture-in-picture\" allowfullscreen><\/iframe>\n<\/div><\/figure>\n\n\n\n<div style=\"height:20px\" aria-hidden=\"true\" class=\"wp-block-spacer\"><\/div>\n\n\n\n<figure class=\"wp-block-embed-youtube wp-block-embed is-type-video is-provider-youtube wp-embed-aspect-16-9 wp-has-aspect-ratio\"><div class=\"wp-block-embed__wrapper\">\n<iframe loading=\"lazy\" title=\"Pas\u0142y si\u0119 owce pod borem - Ch\u00f3r Konsonans z \u0141abu\u0144 pod dyrekcj\u0105 Agnieszki Brylewicz\" width=\"1280\" height=\"720\" src=\"https:\/\/www.youtube.com\/embed\/HSs0cArAHjs?feature=oembed\" frameborder=\"0\" allow=\"accelerometer; autoplay; clipboard-write; encrypted-media; gyroscope; picture-in-picture\" allowfullscreen><\/iframe>\n<\/div><\/figure>\n\n\n\n<div style=\"height:20px\" aria-hidden=\"true\" class=\"wp-block-spacer\"><\/div>\n\n\n\n<figure class=\"wp-block-embed-youtube wp-block-embed is-type-video is-provider-youtube wp-embed-aspect-16-9 wp-has-aspect-ratio\"><div class=\"wp-block-embed__wrapper\">\n<iframe loading=\"lazy\" title=\"Duet One Kol\u0119da Maryi\" width=\"1280\" height=\"720\" src=\"https:\/\/www.youtube.com\/embed\/mI2i6ghKmqU?feature=oembed\" frameborder=\"0\" allow=\"accelerometer; autoplay; clipboard-write; encrypted-media; gyroscope; picture-in-picture\" allowfullscreen><\/iframe>\n<\/div><\/figure>\n\n\n\n<div style=\"height:20px\" aria-hidden=\"true\" class=\"wp-block-spacer\"><\/div>\n\n\n\n<figure class=\"wp-block-embed-youtube wp-block-embed is-type-video is-provider-youtube wp-embed-aspect-16-9 wp-has-aspect-ratio\"><div class=\"wp-block-embed__wrapper\">\n<iframe loading=\"lazy\" title=\"Stanis\u0142aw Bo\u0107, Pastora\u0142ka od serca do ucha\" width=\"1280\" height=\"720\" src=\"https:\/\/www.youtube.com\/embed\/HzwaEePSFlQ?feature=oembed\" frameborder=\"0\" allow=\"accelerometer; autoplay; clipboard-write; encrypted-media; gyroscope; picture-in-picture\" allowfullscreen><\/iframe>\n<\/div><\/figure>\n\n\n\n<div style=\"height:20px\" aria-hidden=\"true\" class=\"wp-block-spacer\"><\/div>\n\n\n\n<figure class=\"wp-block-embed-youtube wp-block-embed is-type-video is-provider-youtube wp-embed-aspect-16-9 wp-has-aspect-ratio\"><div class=\"wp-block-embed__wrapper\">\n<iframe loading=\"lazy\" title=\"Wiktoria Chachaj - Cicha Noc\" width=\"1280\" height=\"720\" src=\"https:\/\/www.youtube.com\/embed\/smTFykODONc?feature=oembed\" frameborder=\"0\" allow=\"accelerometer; autoplay; clipboard-write; encrypted-media; gyroscope; picture-in-picture\" allowfullscreen><\/iframe>\n<\/div><\/figure>\n\n\n\n<div style=\"height:20px\" aria-hidden=\"true\" class=\"wp-block-spacer\"><\/div>\n\n\n\n<figure class=\"wp-block-embed-youtube wp-block-embed is-type-video is-provider-youtube wp-embed-aspect-16-9 wp-has-aspect-ratio\"><div class=\"wp-block-embed__wrapper\">\n<iframe loading=\"lazy\" title=\"Kwintet \u0141abunie Lulaj\u017ce Jezuniu\" width=\"1280\" height=\"720\" src=\"https:\/\/www.youtube.com\/embed\/4X0ZYU-Ib8Y?feature=oembed\" frameborder=\"0\" allow=\"accelerometer; autoplay; clipboard-write; encrypted-media; gyroscope; picture-in-picture\" allowfullscreen><\/iframe>\n<\/div><\/figure>\n\n\n\n<div style=\"height:20px\" aria-hidden=\"true\" class=\"wp-block-spacer\"><\/div>\n\n\n\n<figure class=\"wp-block-embed-youtube wp-block-embed is-type-video is-provider-youtube wp-embed-aspect-16-9 wp-has-aspect-ratio\"><div class=\"wp-block-embed__wrapper\">\n<iframe loading=\"lazy\" title=\"Emilka Chwedyk Jezu, Bo\u017ce Dzieci\u0119\" width=\"1280\" height=\"720\" src=\"https:\/\/www.youtube.com\/embed\/9e1UpRiRjmU?feature=oembed\" frameborder=\"0\" allow=\"accelerometer; autoplay; clipboard-write; encrypted-media; gyroscope; picture-in-picture\" allowfullscreen><\/iframe>\n<\/div><\/figure>\n\n\n\n<div style=\"height:20px\" aria-hidden=\"true\" class=\"wp-block-spacer\"><\/div>\n\n\n\n<figure class=\"wp-block-embed-youtube wp-block-embed is-type-video is-provider-youtube wp-embed-aspect-16-9 wp-has-aspect-ratio\"><div class=\"wp-block-embed__wrapper\">\n<iframe loading=\"lazy\" title=\"Iwona, Alicja i Tomasz Pi\u0142at Pastora\u0142ka od serca do ucha\" width=\"1280\" height=\"720\" src=\"https:\/\/www.youtube.com\/embed\/up2GqPcuLAM?feature=oembed\" frameborder=\"0\" allow=\"accelerometer; autoplay; clipboard-write; encrypted-media; gyroscope; picture-in-picture\" allowfullscreen><\/iframe>\n<\/div><\/figure>\n\n\n\n<div style=\"height:20px\" aria-hidden=\"true\" class=\"wp-block-spacer\"><\/div>\n\n\n\n<figure class=\"wp-block-embed-youtube wp-block-embed is-type-video is-provider-youtube wp-embed-aspect-16-9 wp-has-aspect-ratio\"><div class=\"wp-block-embed__wrapper\">\n<iframe loading=\"lazy\" title=\"Kamila Wr\u00f3blewska Ko\u0142ysanka dla Jezusa\" width=\"1280\" height=\"720\" src=\"https:\/\/www.youtube.com\/embed\/Rfgxt9-ajVQ?feature=oembed\" frameborder=\"0\" allow=\"accelerometer; autoplay; clipboard-write; encrypted-media; gyroscope; picture-in-picture\" allowfullscreen><\/iframe>\n<\/div><\/figure>\n\n\n\n<div style=\"height:20px\" aria-hidden=\"true\" class=\"wp-block-spacer\"><\/div>\n\n\n\n<figure class=\"wp-block-embed-youtube wp-block-embed is-type-video is-provider-youtube wp-embed-aspect-16-9 wp-has-aspect-ratio\"><div class=\"wp-block-embed__wrapper\">\n<iframe loading=\"lazy\" title=\"Agnieszka Furma\u0144czuk P\u00f3jd\u017amy wszyscy do stajenki\" width=\"1280\" height=\"720\" src=\"https:\/\/www.youtube.com\/embed\/XP1golhE2gM?feature=oembed\" frameborder=\"0\" allow=\"accelerometer; autoplay; clipboard-write; encrypted-media; gyroscope; picture-in-picture\" allowfullscreen><\/iframe>\n<\/div><\/figure>\n","protected":false},"excerpt":{"rendered":"<p>Mieszka\u0144cy gminy \u0141abunie i Gminny Ch\u00f3r Konsonans stworzy\u0142 zdaln\u0105 p\u0142yt\u0119 kol\u0119d. Zapraszamy do wys\u0142uchania i wczuwania si\u0119 w klimat Bo\u017cego Narodzenia.&nbsp;<\/p>\n","protected":false},"author":11,"featured_media":19745,"comment_status":"closed","ping_status":"closed","sticky":false,"template":"","format":"standard","meta":{"footnotes":""},"categories":[1],"tags":[],"class_list":["post-19577","post","type-post","status-publish","format-standard","has-post-thumbnail","hentry","category-wpisy","clearfix"],"_links":{"self":[{"href":"https:\/\/labunie.com.pl\/index.php?rest_route=\/wp\/v2\/posts\/19577","targetHints":{"allow":["GET"]}}],"collection":[{"href":"https:\/\/labunie.com.pl\/index.php?rest_route=\/wp\/v2\/posts"}],"about":[{"href":"https:\/\/labunie.com.pl\/index.php?rest_route=\/wp\/v2\/types\/post"}],"author":[{"embeddable":true,"href":"https:\/\/labunie.com.pl\/index.php?rest_route=\/wp\/v2\/users\/11"}],"replies":[{"embeddable":true,"href":"https:\/\/labunie.com.pl\/index.php?rest_route=%2Fwp%2Fv2%2Fcomments&post=19577"}],"version-history":[{"count":5,"href":"https:\/\/labunie.com.pl\/index.php?rest_route=\/wp\/v2\/posts\/19577\/revisions"}],"predecessor-version":[{"id":19858,"href":"https:\/\/labunie.com.pl\/index.php?rest_route=\/wp\/v2\/posts\/19577\/revisions\/19858"}],"wp:featuredmedia":[{"embeddable":true,"href":"https:\/\/labunie.com.pl\/index.php?rest_route=\/wp\/v2\/media\/19745"}],"wp:attachment":[{"href":"https:\/\/labunie.com.pl\/index.php?rest_route=%2Fwp%2Fv2%2Fmedia&parent=19577"}],"wp:term":[{"taxonomy":"category","embeddable":true,"href":"https:\/\/labunie.com.pl\/index.php?rest_route=%2Fwp%2Fv2%2Fcategories&post=19577"},{"taxonomy":"post_tag","embeddable":true,"href":"https:\/\/labunie.com.pl\/index.php?rest_route=%2Fwp%2Fv2%2Ftags&post=19577"}],"curies":[{"name":"wp","href":"https:\/\/api.w.org\/{rel}","templated":true}]}}