{"id":20167,"date":"2021-01-28T13:45:34","date_gmt":"2021-01-28T12:45:34","guid":{"rendered":"https:\/\/www.labunie.com.pl\/?p=20167"},"modified":"2021-02-09T13:50:29","modified_gmt":"2021-02-09T12:50:29","slug":"portret-rodzin-ii-rp-zaproszenie-na-wystawe-2","status":"publish","type":"post","link":"https:\/\/labunie.com.pl\/?p=20167","title":{"rendered":"Portret Rodzin II RP &#8211; zaproszenie na wystaw\u0119"},"content":{"rendered":"\n<p class=\"has-text-align-left\"><strong>Biblioteka Publiczna Gminy \u0141abunie zaprasza na wystaw\u0119 zatytu\u0142owan\u0105 &#8220;Portrety Rodzin II RP. Kolekcje archiw\u00f3w rodzinnych z zasobu Archiwum Pa\u0144stwowego w Zamo\u015bciu&#8221;. &#8220;Archiwa Rodzinne Niepodleg\u0142ej&#8221;. <\/strong><\/p>\n\n\n\n<!--more-->\n\n\n\n<p>B\u0119dzie ona czynna od 1 lutego b.r. w Galerii B\u0142\u0119kitnej (w holu budynku biblioteki). Zaprezentujemy wybrane archiwalia &#8211; fotografie, dokumenty i artefakty &#8211; pochodz\u0105ce z kolekcji czterech rodzin: Czernickich i Kowalczyk\u00f3w, zwi\u0105zanych z Zamojszczyzn\u0105 w tym z \u0141abuniami.<\/p>\n\n\n\n<p>Tematyka wystawy wpisuje si\u0119 w popularyzowan\u0105 od kilkunastu lat dzia\u0142alno\u015b\u0107 Biblioteki Publicznej Gminy \u0141abunie \u2013 gromadzenia, dokumentowania i upowszechniania dawnych fotografii, dokument\u00f3w, relacji zwi\u0105zanych z nasz\u0105 Ma\u0142\u0105 Ojczyzn\u0105.<\/p>\n\n\n\n<p>Wszystkim z Pa\u0144stwa, kt\u00f3rzy nie b\u0119d\u0105 mogli zobaczy\u0107 wystawy, proponujemy <strong>wersj\u0119 wirtualn\u0105 ekspozycji<\/strong> pod linkiem. <a href=\"http:\/\/zamosc.ap.gov.pl\/index.php\/popularyzacja\/portrety-rodzin-ii-rp\">http:\/\/zamosc.ap.gov.pl\/index.php\/popularyzacja\/portrety-rodzin-ii-rp<\/a><\/p>\n\n\n\n<p>Wystaw\u0119 oraz projekt &#8220;Archiwa Rodzinne Niepodleg\u0142ej&#8221; dofinansowano ze \u015brodk\u00f3w Ministra Kultury i Dziedzictwa Narodowego\/MKiDN w ramach Programu Wieloletniego NIEPODLEG\u0141A na lata 2017-2022. Wystawa, czynna do marca b.r. i zosta\u0142a udost\u0119pniona w ramach wsp\u00f3\u0142pracy Biblioteki Publicznej Gminy \u0141abunie z Archiwum Pa\u0144stwowym w Zamo\u015bciu. Zapraszamy!<\/p>\n\n\n\n<div style=\"height:20px\" aria-hidden=\"true\" class=\"wp-block-spacer\"><\/div>\n\n\n\n<div class=\"wp-block-image\"><figure class=\"aligncenter size-large\"><img loading=\"lazy\" decoding=\"async\" width=\"724\" height=\"1024\" src=\"https:\/\/www.labunie.com.pl\/wp-content\/uploads\/2021\/01\/Wystawa_Archiwa_Rodzinne_RP-724x1024.jpg\" alt=\"\" class=\"wp-image-20168\" srcset=\"https:\/\/labunie.com.pl\/wp-content\/uploads\/2021\/01\/Wystawa_Archiwa_Rodzinne_RP-724x1024.jpg 724w, https:\/\/labunie.com.pl\/wp-content\/uploads\/2021\/01\/Wystawa_Archiwa_Rodzinne_RP-212x300.jpg 212w, https:\/\/labunie.com.pl\/wp-content\/uploads\/2021\/01\/Wystawa_Archiwa_Rodzinne_RP-768x1086.jpg 768w, https:\/\/labunie.com.pl\/wp-content\/uploads\/2021\/01\/Wystawa_Archiwa_Rodzinne_RP.jpg 1000w\" sizes=\"auto, (max-width: 724px) 100vw, 724px\" \/><\/figure><\/div>\n","protected":false},"excerpt":{"rendered":"<p>Biblioteka Publiczna Gminy \u0141abunie zaprasza na wystaw\u0119 zatytu\u0142owan\u0105 &#8220;Portrety Rodzin II RP. Kolekcje archiw\u00f3w rodzinnych z zasobu Archiwum Pa\u0144stwowego w Zamo\u015bciu&#8221;. &#8220;Archiwa Rodzinne Niepodleg\u0142ej&#8221;.<\/p>\n","protected":false},"author":7,"featured_media":20169,"comment_status":"closed","ping_status":"closed","sticky":false,"template":"","format":"standard","meta":{"footnotes":""},"categories":[1],"tags":[],"class_list":["post-20167","post","type-post","status-publish","format-standard","has-post-thumbnail","hentry","category-wpisy","clearfix"],"_links":{"self":[{"href":"https:\/\/labunie.com.pl\/index.php?rest_route=\/wp\/v2\/posts\/20167","targetHints":{"allow":["GET"]}}],"collection":[{"href":"https:\/\/labunie.com.pl\/index.php?rest_route=\/wp\/v2\/posts"}],"about":[{"href":"https:\/\/labunie.com.pl\/index.php?rest_route=\/wp\/v2\/types\/post"}],"author":[{"embeddable":true,"href":"https:\/\/labunie.com.pl\/index.php?rest_route=\/wp\/v2\/users\/7"}],"replies":[{"embeddable":true,"href":"https:\/\/labunie.com.pl\/index.php?rest_route=%2Fwp%2Fv2%2Fcomments&post=20167"}],"version-history":[{"count":2,"href":"https:\/\/labunie.com.pl\/index.php?rest_route=\/wp\/v2\/posts\/20167\/revisions"}],"predecessor-version":[{"id":20313,"href":"https:\/\/labunie.com.pl\/index.php?rest_route=\/wp\/v2\/posts\/20167\/revisions\/20313"}],"wp:featuredmedia":[{"embeddable":true,"href":"https:\/\/labunie.com.pl\/index.php?rest_route=\/wp\/v2\/media\/20169"}],"wp:attachment":[{"href":"https:\/\/labunie.com.pl\/index.php?rest_route=%2Fwp%2Fv2%2Fmedia&parent=20167"}],"wp:term":[{"taxonomy":"category","embeddable":true,"href":"https:\/\/labunie.com.pl\/index.php?rest_route=%2Fwp%2Fv2%2Fcategories&post=20167"},{"taxonomy":"post_tag","embeddable":true,"href":"https:\/\/labunie.com.pl\/index.php?rest_route=%2Fwp%2Fv2%2Ftags&post=20167"}],"curies":[{"name":"wp","href":"https:\/\/api.w.org\/{rel}","templated":true}]}}