{"id":20241,"date":"2021-02-03T13:25:05","date_gmt":"2021-02-03T12:25:05","guid":{"rendered":"https:\/\/www.labunie.com.pl\/?p=20241"},"modified":"2021-02-03T16:01:18","modified_gmt":"2021-02-03T15:01:18","slug":"labunska-fototeka-cyfrowa","status":"publish","type":"post","link":"https:\/\/labunie.com.pl\/?p=20241","title":{"rendered":"\u0141abu\u0144ska Fototeka Cyfrowa"},"content":{"rendered":"\n<p><strong>Na&nbsp;stronie internetowej Biblioteki Publicznej Gminy \u0141abunie dzia\u0142a ju\u017c \u0141abu\u0144ska Fototeka Cyfrowa. Jest to dzie\u0142o naszych czytelnik\u00f3w, sympatyk\u00f3w, krajan, kt\u00f3rzy zechcieli podzieli\u0107 si\u0119 fotografiami ze swoich album\u00f3w rodzinnych. <\/strong><\/p>\n\n\n\n<!--more-->\n\n\n\n<div style=\"height:20px\" aria-hidden=\"true\" class=\"wp-block-spacer\"><\/div>\n\n\n\n<div class=\"wp-block-buttons is-layout-flex wp-block-buttons-is-layout-flex\">\n<div class=\"wp-block-button is-style-fill\"><a class=\"wp-block-button__link\" href=\"http:\/\/www.biblabunie.naszabiblioteka.com\/labunska-fototeka-cyfrowa\" target=\"_blank\" rel=\"noreferrer noopener\">\u0141abu\u0144ska Fototeka Cyfrowa<\/a><\/div>\n<\/div>\n\n\n\n<div style=\"height:20px\" aria-hidden=\"true\" class=\"wp-block-spacer\"><\/div>\n\n\n\n<p>Prezentujemy zdj\u0119cia pogrupowane wed\u0142ug kategorii. Nie lada gratk\u0105 s\u0105 tu fotografie zabytk\u00f3w naszej gminy, ale tak\u017ce zapomnianych zwyczaj\u00f3w, obrz\u0119d\u00f3w i tradycji zwi\u0105zanych z rokiem liturgicznym czy obrz\u0119dowym. Zapraszamy wszystkich ch\u0119tnych na wirtualny spacer po najciekawszych zak\u0105tkach naszej gminy pocz\u0105tku ubieg\u0142ego stulecia.<\/p>\n\n\n\n<div style=\"height:20px\" aria-hidden=\"true\" class=\"wp-block-spacer\"><\/div>\n\n\n\n<p class=\"has-text-align-right\"><em>Agnieszka Szyku\u0142a-\u017bygawska<\/em><\/p>\n\n\n\n<div style=\"height:40px\" aria-hidden=\"true\" class=\"wp-block-spacer\"><\/div>\n\n\n\n<p>Od kilkunastu lat da si\u0119 zauwa\u017cy\u0107 rosn\u0105ce zainteresowanie dawn\u0105 fotografi\u0105. Powstaj\u0105 internetowe galerie dawnych zdj\u0119\u0107 \u2013 inicjatywy instytucji b\u0105d\u017a regionalist\u00f3w i pasjonat\u00f3w. Fotografia sta\u0142a si\u0119 \u017ar\u00f3d\u0142em do bada\u0144 pami\u0119ci historycznej. W ten nurt wpisuje si\u0119 inicjatywa biblioteki w \u0141abuniach. By poprzez stare zdj\u0119cia poznawa\u0107 i piel\u0119gnowa\u0107 pami\u0119\u0107 o naszej Ma\u0142ej Ojczy\u017anie.<\/p>\n\n\n\n<p>Zapraszamy Pa\u0144stwa do sk\u0142adania w bibliotece skan\u00f3w swoich zbior\u00f3w b\u0105d\u017a orygina\u0142\u00f3w kt\u00f3rych powieleniem si\u0119 zajmiemy. <\/p>\n\n\n\n<div style=\"height:20px\" aria-hidden=\"true\" class=\"wp-block-spacer\"><\/div>\n\n\n\n<figure class=\"wp-block-image size-large\"><img loading=\"lazy\" decoding=\"async\" width=\"1024\" height=\"629\" src=\"https:\/\/www.labunie.com.pl\/wp-content\/uploads\/2021\/02\/komunia_labunie-1024x629.jpg\" alt=\"\" class=\"wp-image-20242\" srcset=\"https:\/\/labunie.com.pl\/wp-content\/uploads\/2021\/02\/komunia_labunie-1024x629.jpg 1024w, https:\/\/labunie.com.pl\/wp-content\/uploads\/2021\/02\/komunia_labunie-300x184.jpg 300w, https:\/\/labunie.com.pl\/wp-content\/uploads\/2021\/02\/komunia_labunie-768x472.jpg 768w, https:\/\/labunie.com.pl\/wp-content\/uploads\/2021\/02\/komunia_labunie-1536x943.jpg 1536w, https:\/\/labunie.com.pl\/wp-content\/uploads\/2021\/02\/komunia_labunie.jpg 2000w\" sizes=\"auto, (max-width: 1024px) 100vw, 1024px\" \/><figcaption>Na fotografii: dzieci kt\u00f3re przyst\u0105pi\u0142y do Pierwszej Komunii \u015awi\u0119tej na tle pa\u0142acu w \u0141abuniach.<\/figcaption><\/figure>\n","protected":false},"excerpt":{"rendered":"<p>Na&nbsp;stronie internetowej Biblioteki Publicznej Gminy \u0141abunie dzia\u0142a ju\u017c \u0141abu\u0144ska Fototeka Cyfrowa. Jest to dzie\u0142o naszych czytelnik\u00f3w, sympatyk\u00f3w, krajan, kt\u00f3rzy zechcieli podzieli\u0107 si\u0119 fotografiami ze swoich album\u00f3w rodzinnych.<\/p>\n","protected":false},"author":7,"featured_media":20243,"comment_status":"closed","ping_status":"closed","sticky":false,"template":"","format":"standard","meta":{"footnotes":""},"categories":[1],"tags":[],"class_list":["post-20241","post","type-post","status-publish","format-standard","has-post-thumbnail","hentry","category-wpisy","clearfix"],"_links":{"self":[{"href":"https:\/\/labunie.com.pl\/index.php?rest_route=\/wp\/v2\/posts\/20241","targetHints":{"allow":["GET"]}}],"collection":[{"href":"https:\/\/labunie.com.pl\/index.php?rest_route=\/wp\/v2\/posts"}],"about":[{"href":"https:\/\/labunie.com.pl\/index.php?rest_route=\/wp\/v2\/types\/post"}],"author":[{"embeddable":true,"href":"https:\/\/labunie.com.pl\/index.php?rest_route=\/wp\/v2\/users\/7"}],"replies":[{"embeddable":true,"href":"https:\/\/labunie.com.pl\/index.php?rest_route=%2Fwp%2Fv2%2Fcomments&post=20241"}],"version-history":[{"count":2,"href":"https:\/\/labunie.com.pl\/index.php?rest_route=\/wp\/v2\/posts\/20241\/revisions"}],"predecessor-version":[{"id":20245,"href":"https:\/\/labunie.com.pl\/index.php?rest_route=\/wp\/v2\/posts\/20241\/revisions\/20245"}],"wp:featuredmedia":[{"embeddable":true,"href":"https:\/\/labunie.com.pl\/index.php?rest_route=\/wp\/v2\/media\/20243"}],"wp:attachment":[{"href":"https:\/\/labunie.com.pl\/index.php?rest_route=%2Fwp%2Fv2%2Fmedia&parent=20241"}],"wp:term":[{"taxonomy":"category","embeddable":true,"href":"https:\/\/labunie.com.pl\/index.php?rest_route=%2Fwp%2Fv2%2Fcategories&post=20241"},{"taxonomy":"post_tag","embeddable":true,"href":"https:\/\/labunie.com.pl\/index.php?rest_route=%2Fwp%2Fv2%2Ftags&post=20241"}],"curies":[{"name":"wp","href":"https:\/\/api.w.org\/{rel}","templated":true}]}}