{"id":20347,"date":"2021-02-18T19:53:59","date_gmt":"2021-02-18T18:53:59","guid":{"rendered":"https:\/\/www.labunie.com.pl\/?p=20347"},"modified":"2021-02-18T19:54:00","modified_gmt":"2021-02-18T18:54:00","slug":"koci-konkurs-rozstrzygniety","status":"publish","type":"post","link":"https:\/\/labunie.com.pl\/?p=20347","title":{"rendered":"Koci konkurs rozstrzygni\u0119ty"},"content":{"rendered":"\n\n\n<p><strong>Mi\u0142o\u015bnicy kot\u00f3w\u2026 kto by pomy\u015bla\u0142, \u017ce tylu ich jest w naszej gminie. 170 dzieci z gminy \u0141abunie. Malowa\u0142y, ozdabia\u0142y wizerunki kociak\u00f3w, pstryka\u0142y im zdj\u0119cia. Poemat o kocie. Wierszyk o kocie. Mi\u0142e wspomnienie o domowym pupilu, gar\u015b\u0107 zaskakuj\u0105cych imion dla futrzak\u00f3w.<\/strong><\/p>\n\n\n\n<!--more-->\n\n\n\n<p class=\"has-text-align-center\"><strong><em>Komunikat z posiedzenia komisji gminnego<\/em><\/strong><br><strong><em>konkursu plastyczno-literackiego dla dzieci i m\u0142odzie\u017cy Gminy \u0141abunie<\/em><\/strong><br><strong><em>na okoliczno\u015b\u0107 Dnia kota<\/em><\/strong><br><strong><em>\u0141abunie 11 II 2021<\/em><\/strong><\/p>\n\n\n\n<p>Na konkurs organizowany przez Bibliotek\u0119 Publiczn\u0105 Gminy \u0141abunie przy wsp\u00f3\u0142pracy z Przychodni\u0105 Weterynaryjn\u0105 s.c. J. \u0141\u00f3j i T. Dobrowolski w \u0141abuniach wp\u0142yn\u0119\u0142o 158 prac plastycznych, 27 fotograficznych, dwie literackie oraz pi\u0119tna\u015bcie imion pupili.<\/p>\n\n\n\n<p>Komisja w sk\u0142adzie:<\/p>\n\n\n\n<ol class=\"wp-block-list\"><li>Agnieszka Szyku\u0142a-\u017bygawska \u2013 Dyrektor Biblioteki Publicznej Gminy \u0141abunie<\/li><li>Renata Jastrz\u0119bska \u2013 bibliotekarz Biblioteki Publicznej Gminy \u0141abunie<\/li><li>Karolina Semczuk \u2013 fotograf <\/li><\/ol>\n\n\n\n<p>wybra\u0142y prace nast\u0119puj\u0105cych autor\u00f3w:<\/p>\n\n\n\n<div style=\"height:40px\" aria-hidden=\"true\" class=\"wp-block-spacer\"><\/div>\n\n\n\n<h2 class=\"has-text-align-center wp-block-heading\">W kategorii prace plastyczne:<\/h2>\n\n\n\n<div style=\"height:20px\" aria-hidden=\"true\" class=\"wp-block-spacer\"><\/div>\n\n\n\n<h3 class=\"wp-block-heading\">Kategoria I \u2013 uczniowie wiek 2-7 lat<br>Nagroda I:<\/h3>\n\n\n\n<ul class=\"wp-block-list\"><li>Magdalena Byczek \u2013 lat 6, Zesp\u00f3\u0142 Szkolno-Przedszkolny w \u0141abuniach<\/li><li>Sandra Branecka \u2013 lat 4, Zesp\u00f3\u0142 Szkolno-Przedszkolny w \u0141abu\u0144kach Pierwszych<\/li><li>Tomasz Skraban \u2013 lat 7, Zesp\u00f3\u0142 Szkolno-Przedszkolny w \u0141abuniach<\/li><\/ul>\n\n\n\n<h3 class=\"wp-block-heading\">Wyr\u00f3\u017cnienia:<\/h3>\n\n\n\n<ul class=\"wp-block-list\"><li>Lena Robak \u2013 4 lata, Przedszkole w \u0141abu\u0144kach Pierwszych<\/li><li>Lena Rycak &#8211; 4 lata, Zesp\u00f3\u0142 Szkolno-Przedszkolny w \u0141abuniach<\/li><li>Pola Lewicka \u2013 5 lat, Zesp\u00f3\u0142 Szkolno-Przedszkolny w \u0141abuniach<\/li><li>Celina Pokryszka \u2013 4 lata, Przedszkole w \u0141abu\u0144kach Pierwszych<\/li><li>Lena Prass &#8211; 5 lat, Zesp\u00f3\u0142 Szkolno-Przedszkolny w \u0141abuniach<\/li><li>Julia Palonka &#8211; 5 lata, Przedszkole w \u0141abu\u0144kach Pierwszych<\/li><li>Gabriela Kurz\u0119pa, 5 lat, Przedszkole w \u0141abu\u0144kach Pierwszych<\/li><\/ul>\n\n\n\n<div style=\"height:20px\" aria-hidden=\"true\" class=\"wp-block-spacer\"><\/div>\n\n\n\n<h3 class=\"wp-block-heading\">Kategoria II \u2013 uczniowie w wieku 8-12 lat<\/h3>\n\n\n\n<h3 class=\"wp-block-heading\">Nagroda I<\/h3>\n\n\n\n<ul class=\"wp-block-list\"><li>Oliwia \u017buk \u2013 10 lat, Szko\u0142a Podstawowa w \u0141abuniach<\/li><\/ul>\n\n\n\n<h3 class=\"wp-block-heading\">Wyr\u00f3\u017cnienia:<\/h3>\n\n\n\n<ul class=\"wp-block-list\"><li>Dominika Soko\u0142owska \u2013 lat 9, Szko\u0142a Podstawowa w \u0141abuniach<\/li><li>Karol Skraban \u2013 lat 8, Szko\u0142a Podstawowa w \u0141abuniach<\/li><li>Julia Dziwura \u2013 klasa III a<\/li><li>Kinga Ga\u0142ek \u2013 klasa II b, Szko\u0142a Podstawowa w \u0141abuniach<\/li><\/ul>\n\n\n\n<div style=\"height:20px\" aria-hidden=\"true\" class=\"wp-block-spacer\"><\/div>\n\n\n\n<h3 class=\"wp-block-heading\">Kategoria III \u2013 uczniowie w wieku 13-15 lat:<\/h3>\n\n\n\n<h3 class=\"wp-block-heading\">Wyr\u00f3\u017cnienia:<\/h3>\n\n\n\n<ul class=\"wp-block-list\"><li>Krzysztof Burdzy \u2013 kl. VII a, Szko\u0142a Podstawowa w \u0141abuniach<\/li><li>Sebastian Soko\u0142owski \u2013 kl. VII c, Szko\u0142a Podstawowa w \u0141abuniach<\/li><li>Jakub Siek \u2013 11 lat, kl. IV a, Szko\u0142a Podstawowa w \u0141abuniach<\/li><\/ul>\n\n\n\n<div style=\"height:40px\" aria-hidden=\"true\" class=\"wp-block-spacer\"><\/div>\n\n\n\n<h2 class=\"has-text-align-center wp-block-heading\">W kategorii prace literackie<\/h2>\n\n\n\n<h3 class=\"wp-block-heading\">Nagroda I:<\/h3>\n\n\n\n<ul class=\"wp-block-list\"><li> Basia Kowalczuk \u2013 lat 11, \u0141abu\u0144ki Pierwsze<\/li><\/ul>\n\n\n\n<div style=\"height:40px\" aria-hidden=\"true\" class=\"wp-block-spacer\"><\/div>\n\n\n\n<h2 class=\"has-text-align-center wp-block-heading\">W kategorii prace fotograficzne<\/h2>\n\n\n\n<h3 class=\"wp-block-heading\">Wyr\u00f3\u017cnienia:<\/h3>\n\n\n\n<ul class=\"wp-block-list\"><li>Milena Ko\u0142odziejczyk \u2013 lat 5, Przedszkole w \u0141abuniach<\/li><li>Szymon Ko\u0142odziejczyk \u2013 lat 9, Szko\u0142a Podstawowa w \u0141abuniach<\/li><\/ul>\n\n\n\n<div style=\"height:40px\" aria-hidden=\"true\" class=\"wp-block-spacer\"><\/div>\n\n\n\n<h2 class=\"has-text-align-center wp-block-heading\">W kategorii imi\u0119 kota<\/h2>\n\n\n\n<ul class=\"wp-block-list\"><li>wygra\u0142 kot <em>Kminek <\/em>&#8211; W\u0142a\u015bcicielka kota: Wiktoria Kulas, lat 8, Szko\u0142a Podstawowa w \u0141abu\u0144kach Pierwszych<\/li><\/ul>\n\n\n\n<div style=\"height:40px\" aria-hidden=\"true\" class=\"wp-block-spacer\"><\/div>\n\n\n\n<h1 class=\"has-text-align-center wp-block-heading\">Gratulujemy zwyci\u0119zcom<\/h1>\n\n\n\n<div style=\"height:20px\" aria-hidden=\"true\" class=\"wp-block-spacer\"><\/div>\n\n\n\n<p><em>Jury sk\u0142ada podzi\u0119kowanie dla wszystkich uczestnik\u00f3w konkursu za pomys\u0142owo\u015b\u0107 oraz umiej\u0119tne przedstawienie tematu. Dzi\u0119kujemy zar\u00f3wno pedagogom, kt\u00f3rzy zechcieli przychyli\u0107 si\u0119 do pro\u015bby o zaanga\u017cowanie dzieci, ale tak\u017ce rodzicom kt\u00f3rzy po\u015bwi\u0119cili sw\u00f3j czas.<\/em><\/p>\n\n\n\n<div style=\"height:20px\" aria-hidden=\"true\" class=\"wp-block-spacer\"><\/div>\n\n\n\n<div class=\"wp-block-image\"><figure class=\"aligncenter size-large\"><img loading=\"lazy\" decoding=\"async\" width=\"800\" height=\"600\" src=\"https:\/\/www.labunie.com.pl\/wp-content\/uploads\/2021\/02\/koty_2021.jpg\" alt=\"\" class=\"wp-image-20354\" srcset=\"https:\/\/labunie.com.pl\/wp-content\/uploads\/2021\/02\/koty_2021.jpg 800w, https:\/\/labunie.com.pl\/wp-content\/uploads\/2021\/02\/koty_2021-300x225.jpg 300w, https:\/\/labunie.com.pl\/wp-content\/uploads\/2021\/02\/koty_2021-768x576.jpg 768w\" sizes=\"auto, (max-width: 800px) 100vw, 800px\" \/><\/figure><\/div>\n","protected":false},"excerpt":{"rendered":"<p>Mi\u0142o\u015bnicy kot\u00f3w\u2026 kto by pomy\u015bla\u0142, \u017ce tylu ich jest w naszej gminie. 170 dzieci z gminy \u0141abunie. Malowa\u0142y, ozdabia\u0142y wizerunki kociak\u00f3w, pstryka\u0142y im zdj\u0119cia. Poemat o kocie. Wierszyk o kocie. Mi\u0142e wspomnienie o domowym pupilu, gar\u015b\u0107 zaskakuj\u0105cych imion dla futrzak\u00f3w.<\/p>\n","protected":false},"author":7,"featured_media":20357,"comment_status":"closed","ping_status":"closed","sticky":false,"template":"","format":"standard","meta":{"footnotes":""},"categories":[1],"tags":[],"class_list":["post-20347","post","type-post","status-publish","format-standard","has-post-thumbnail","hentry","category-wpisy","clearfix"],"_links":{"self":[{"href":"https:\/\/labunie.com.pl\/index.php?rest_route=\/wp\/v2\/posts\/20347","targetHints":{"allow":["GET"]}}],"collection":[{"href":"https:\/\/labunie.com.pl\/index.php?rest_route=\/wp\/v2\/posts"}],"about":[{"href":"https:\/\/labunie.com.pl\/index.php?rest_route=\/wp\/v2\/types\/post"}],"author":[{"embeddable":true,"href":"https:\/\/labunie.com.pl\/index.php?rest_route=\/wp\/v2\/users\/7"}],"replies":[{"embeddable":true,"href":"https:\/\/labunie.com.pl\/index.php?rest_route=%2Fwp%2Fv2%2Fcomments&post=20347"}],"version-history":[{"count":5,"href":"https:\/\/labunie.com.pl\/index.php?rest_route=\/wp\/v2\/posts\/20347\/revisions"}],"predecessor-version":[{"id":20356,"href":"https:\/\/labunie.com.pl\/index.php?rest_route=\/wp\/v2\/posts\/20347\/revisions\/20356"}],"wp:featuredmedia":[{"embeddable":true,"href":"https:\/\/labunie.com.pl\/index.php?rest_route=\/wp\/v2\/media\/20357"}],"wp:attachment":[{"href":"https:\/\/labunie.com.pl\/index.php?rest_route=%2Fwp%2Fv2%2Fmedia&parent=20347"}],"wp:term":[{"taxonomy":"category","embeddable":true,"href":"https:\/\/labunie.com.pl\/index.php?rest_route=%2Fwp%2Fv2%2Fcategories&post=20347"},{"taxonomy":"post_tag","embeddable":true,"href":"https:\/\/labunie.com.pl\/index.php?rest_route=%2Fwp%2Fv2%2Ftags&post=20347"}],"curies":[{"name":"wp","href":"https:\/\/api.w.org\/{rel}","templated":true}]}}