{"id":20432,"date":"2021-03-01T07:01:00","date_gmt":"2021-03-01T06:01:00","guid":{"rendered":"https:\/\/www.labunie.com.pl\/?p=20432"},"modified":"2021-03-01T07:16:58","modified_gmt":"2021-03-01T06:16:58","slug":"w-holdzie-zolnierzom-wykletym","status":"publish","type":"post","link":"https:\/\/labunie.com.pl\/?p=20432","title":{"rendered":"W ho\u0142dzie \u017bo\u0142nierzom Wykl\u0119tym"},"content":{"rendered":"\n<h3>1&nbsp;marca &#8211; Narodowy Dzie\u0144 Pami\u0119ci \u017bo\u0142nierzy Wykl\u0119tych. Pami\u0119tamy. <\/h3>\n\n\n\n<div style=\"height:22px\" aria-hidden=\"true\" class=\"wp-block-spacer\"><\/div>\n\n\n\n<!--more-->\n\n\n\n<p>1 marca obchodzone jest \u015bwi\u0119to Pa\u0144stwowe &#8211; Narodowy Dzie\u0144 Pami\u0119ci \u017bo\u0142nierzy Wykl\u0119tych. Zosta\u0142 ustanowiony przez Sejm Rzeczypospolitej Polskiej w 2011 r. z inicjatywy \u015bp. prezydenta Lecha Kaczy\u0144skiego. W tym dniu pami\u0119tamy o bohaterach antykomunistycznego i niepodleg\u0142o\u015bciowego podziemia, kt\u00f3rzy przeciwstawili si\u0119 sowieckiej agresji i re\u017cimowi komunistycznemu.<\/p>\n<p>Oddajmy ho\u0142d \u017co\u0142nierzom wykl\u0119tym&#8230;<\/p>\n<p><strong>Stanis\u0142aw Pakos<\/strong> &#8211; ur. 09.12.1922 w \u0141abu\u0144kach. Od 1943 \u017co\u0142nierz oddzia\u0142u lotnego w rejonie I AK \u0141abunie pod dow\u00f3dztwem Jana Pazdry \u201eOr\u0142a\u201d. Nast\u0119pnie podlega\u0142 Janowi Turowskiemu \u201eNorbertowi\u201d i Wac\u0142awowi Wnukowskiemu \u201eKablowi\u201d. W listopadzie 1945 zaprzysi\u0119\u017cony w WiN przez Teofila Pilipczuka \u201eStrzech\u0119\u201d. Pe\u0142ni\u0142 funkcj\u0119 zast\u0119pcy dru\u017cynowego na terenie \u0141abu\u0144 i podlega\u0142 \u201eSztrzesze\u201d. Od wrze\u015bnia 1946 podlega\u0142 rejonowi Sitno-Kotlice dowodzonemu przez J\u00f3zefa W\u0142oszczuka \u201ePistoleta\u201d. Ujawni\u0142 si\u0119 w PUBP w Zamo\u015bciu 11.03.1947. Od 02.11.1947 ukrywa\u0142 si\u0119, poniewa\u017c tego dnia uciek\u0142 funkcjonariuszom MO likwiduj\u0105c milicjanta Czes\u0142awa Woszczyn\u0119. Pocz\u0105tkowo ukrywa\u0142 si\u0119 z Lucjanem Adamczykiem \u201eS\u0142omk\u0105\u201d, a nast\u0119pnie wraz z Tadeuszem \u0141agod\u0105 \u201eBarykad\u0105\u201d. Od 1948 poszukiwany listem go\u0144czym przez Komendanta Wojew\u00f3dzkiego MO w Lublinie. Do\u0142\u0105czy\u0142 do oddzia\u0142u \u201cBarykady\u201d, a po \u015bmierci \u0141agody 13.10.1949 zosta\u0142 jego dow\u00f3dc\u0105. 26.10.1951 uciek\u0142 w trakcie przeszukania jego posesji przez \u017co\u0142nierzy 3. Brygady KBW i UB rani\u0105c strz. Mariana Romaniuka. Zgin\u0105\u0142 w walce z ob\u0142aw\u0105 UB i 3. Brygady KBW w Kol. Br\u00f3dek, kt\u00f3ra otoczy\u0142a posesj\u0119, gdzie przebywa\u0142.<\/p>\n<p><strong>J\u00f3zef Py\u015b<\/strong> &#8211; ur. 26.05.1926 w W\u00f3lce Panie\u0144skiej. Od 1943 \u017co\u0142nierz oddzia\u0142u AK Jana Turowskiego \u201eNorberta\u201d pod pseudonimem \u201e\u015amia\u0142y\u201d. Po wkroczeniu Sowiet\u00f3w by\u0142 cz\u0142onkiem oddzia\u0142u AK Tadeusza \u0141agody \u201eBarykady\u201d. 08.05.1946 uwolniony z wi\u0119zienia w Zamo\u015bciu w akcji oddzia\u0142u WiN Romana Szczura \u201eUrszuli\u201d, kt\u00f3ry opanowa\u0142 wi\u0119zienie. Od maja 1946 do sierpnia 1946 \u017co\u0142nierz oddzia\u0142u \u201eUrszuli\u201d. Prawdopodobnie w sierpniu 1946 wst\u0105pi\u0142 do WiN i podlega\u0142 rejonowi \u0141abunie dowodzonemu przez Stanis\u0142awa Niemczuka \u201eGrzegorza\u201d. Nast\u0119pnie by\u0142 cz\u0142onkiem dru\u017cyny lotnej \u017candarmerii WiN z rejonu \u0141abu\u0144 Obwodu Zamo\u015b\u0107. Od wrze\u015bnia 1946 wchodzi\u0142 w sk\u0142ad plac\u00f3wki WiN Sitno-Kotlice dowodzonej przez J\u00f3zefa W\u0142oszczuka \u201eCzada\u201d, \u201ePistoleta\u201d. Rozkazem Mariana Pilarskiego \u201eJara\u201d z 10.03.1947 zosta\u0142 awansowany do stopnia kaprala rezerwy ze starsze\u0144stwem od 01.11.1946. Ujawni\u0142 si\u0119 11.04.1947 przed PUBP w Zamo\u015bciu. Od pocz\u0105tku maja 1947 poszukiwany przez UB zacz\u0105\u0142 si\u0119 ukrywa\u0107 i ponownie wst\u0105pi\u0142 do oddzia\u0142u \u201eBarykady\u201d. Prawdopodobnie od marca 1948 by\u0142 \u017co\u0142nierzem II Inspektoratu Zamojskiego AK i wchodzi\u0142 w sk\u0142ad I rejonu Kotlice dowodzonego przez J\u00f3zefa W\u0142oszczuka \u201ePistoleta\u201d. By\u0142 r\u00f3wnie\u017c cz\u0142onkiem oddzia\u0142u lotnej \u017candarmerii. 18.02.1951 w Zamo\u015bciu ci\u0119\u017cko ranny w walce z MO. Zmar\u0142 w szpitalu.<\/p>\n<p>\u0179r\u00f3d\u0142o: Fundacja Kwartalnika &#8220;Wykl\u0119ci&#8221;, Autor wpis\u00f3w: dr Bart\u0142omiej Szyprowski<\/p>\n<p><strong>Kazimierz Piotrowski &#8211; <\/strong>ur. 15.06.1930 r. w Br\u00f3dku, cz\u0142onek II Inspektoratu Zamojskiego AK i \u017co\u0142nierz oddzia\u0142u Stanis\u0142awa Pakosa \u201eWrzosa\u201d. By\u0142 wsp\u00f3\u0142organizatorem akcji &#8220;ekspropriacyjnej&#8221; w Urz\u0119dzie Wodno-Melioracyjnym w Tyszowcach.&nbsp; Po wej\u015bciu do budynku \u201eCygan\u201d sterroryzowa\u0142 broni\u0105 znajduj\u0105ce si\u0119 w biurze osoby. Po przeszukaniu pomieszczenia znaleziono teczk\u0119 z pieni\u0119dzmi, za\u015b osoby w biurze zamkni\u0119to na klucz. Zabrano 350 000 z\u0142. Nast\u0119pnie obaj udali si\u0119 do Czes\u0142awa Przebierowskiego do gminy Komar\u00f3w. 30 grudnia 1950 r. zosta\u0142 zatrzymany przez PUBP w Zamo\u015bciu Zbigniew Uchnast, gdy usi\u0142owa\u0142 dokona\u0107 akcji na kasjera Urz\u0119du Wodno-Melioracyjnego w Tyszowcach. Podczas przes\u0142uchania Uchnast zezna\u0142, \u017ce zaplanowa\u0142 j\u0105 wraz z Mieczys\u0142awem Zyjewskim. Zyjewski by\u0142 cz\u0142onkiem PAN a w jego mieszkaniu by\u0142 punkt kontaktowy tej organizacji. W nocy 12\/13 lutego 1951 r. \u201eDziadek\u201d i \u201eCygan\u201d przybyli do domu Mieczys\u0142awa Zyjewskiego w Zamo\u015bciu, gdzie przenocowali. 13 lutego 1951 r. Zyjewski poszed\u0142 do sp\u00f3\u0142dzielni fotograficznej, w kt\u00f3rej pracowa\u0142 a \u201eCygan\u201d i \u201eDziadek\u201d przebywali w jego mieszkaniu. Oko\u0142o godz. 9.00 Zyjewski wr\u00f3ci\u0142 do domu. Nied\u0142ugo potem do jego mieszkania przyszli dwaj funkcjonariusze PUBP z Zamo\u015bcia, kt\u00f3rzy chcieli go zatrzyma\u0107 w zwi\u0105zku z ujawnieniem jego roli w akcji na kasjera UW-M. W momencie wej\u015bcia PUBP do mieszkania na podw\u00f3rze wyszed\u0142 m\u0119\u017cczyzna, kt\u00f3ry p\u00f3\u017aniej na odg\u0142os strza\u0142\u00f3w uciek\u0142. By\u0142 to \u201eDziadek\u201d. W mieszkaniu zastano Mieczys\u0142awa Zyjewskiego, Juli\u0119 Zyjewsk\u0105, Danut\u0119 Pilarsk\u0105 i \u201eCygana\u201d, kt\u00f3ry nie da\u0142 si\u0119 wylegitymowa\u0107 i pr\u00f3bowa\u0142 uciec. Zosta\u0142 jednak zastrzelony. <\/p>\n<p>\u0179r\u00f3d\u0142o: inspektoratzamojskiak.blogspot.com, dr Bart\u0142omiej Szyprowski<\/p>\n<p style=\"text-align: center;\"><span style=\"color: #0d6182;\"><em>\u201eW ho\u0142dzie \u017bo\u0142nierzom Wykl\u0119tym &#8211; bohaterom antykomunistycznego podziemia, kt\u00f3rzy w obronie niepodleg\u0142ego bytu Pa\u0144stwa Polskiego, walcz\u0105c o prawo do samostanowienia i urzeczywistnienie d\u0105\u017ce\u0144 demokratycznych spo\u0142ecze\u0144stwa polskiego, z broni\u0105 w r\u0119ku, jak i w inny spos\u00f3b, przeciwstawili si\u0119 sowieckiej agresji i narzuconemu si\u0142\u0105 re\u017cimowi komunistycznemu\u201d.<\/em> <\/span><\/p>\n<p>fot. IPN<\/p>\n","protected":false},"excerpt":{"rendered":"<p>1&nbsp;marca &#8211; Narodowy Dzie\u0144 Pami\u0119ci \u017bo\u0142nierzy Wykl\u0119tych. Pami\u0119tamy.<\/p>\n","protected":false},"author":11,"featured_media":20439,"comment_status":"closed","ping_status":"closed","sticky":false,"template":"","format":"standard","meta":{"footnotes":""},"categories":[1],"tags":[],"class_list":["post-20432","post","type-post","status-publish","format-standard","has-post-thumbnail","hentry","category-wpisy","clearfix"],"_links":{"self":[{"href":"https:\/\/labunie.com.pl\/index.php?rest_route=\/wp\/v2\/posts\/20432","targetHints":{"allow":["GET"]}}],"collection":[{"href":"https:\/\/labunie.com.pl\/index.php?rest_route=\/wp\/v2\/posts"}],"about":[{"href":"https:\/\/labunie.com.pl\/index.php?rest_route=\/wp\/v2\/types\/post"}],"author":[{"embeddable":true,"href":"https:\/\/labunie.com.pl\/index.php?rest_route=\/wp\/v2\/users\/11"}],"replies":[{"embeddable":true,"href":"https:\/\/labunie.com.pl\/index.php?rest_route=%2Fwp%2Fv2%2Fcomments&post=20432"}],"version-history":[{"count":5,"href":"https:\/\/labunie.com.pl\/index.php?rest_route=\/wp\/v2\/posts\/20432\/revisions"}],"predecessor-version":[{"id":20457,"href":"https:\/\/labunie.com.pl\/index.php?rest_route=\/wp\/v2\/posts\/20432\/revisions\/20457"}],"wp:featuredmedia":[{"embeddable":true,"href":"https:\/\/labunie.com.pl\/index.php?rest_route=\/wp\/v2\/media\/20439"}],"wp:attachment":[{"href":"https:\/\/labunie.com.pl\/index.php?rest_route=%2Fwp%2Fv2%2Fmedia&parent=20432"}],"wp:term":[{"taxonomy":"category","embeddable":true,"href":"https:\/\/labunie.com.pl\/index.php?rest_route=%2Fwp%2Fv2%2Fcategories&post=20432"},{"taxonomy":"post_tag","embeddable":true,"href":"https:\/\/labunie.com.pl\/index.php?rest_route=%2Fwp%2Fv2%2Ftags&post=20432"}],"curies":[{"name":"wp","href":"https:\/\/api.w.org\/{rel}","templated":true}]}}