{"id":20613,"date":"2021-03-10T14:43:02","date_gmt":"2021-03-10T13:43:02","guid":{"rendered":"https:\/\/www.labunie.com.pl\/?p=20613"},"modified":"2021-03-10T14:44:59","modified_gmt":"2021-03-10T13:44:59","slug":"sportowcy-nagrodzeni","status":"publish","type":"post","link":"https:\/\/labunie.com.pl\/?p=20613","title":{"rendered":"Sportowcy nagrodzeni"},"content":{"rendered":"\n<p><strong>Nagrody za osi\u0105gni\u0119cia sportowe zosta\u0142y przyznane. Uroczysto\u015b\u0107 wr\u0119czenia nagr\u00f3d i wyr\u00f3\u017cnie\u0144 odby\u0142a si\u0119 w \u015brod\u0119, 10 marca na sesji Rady Gminy \u0141abunie.\u00a0<\/strong><\/p>\n\n\n\n<div style=\"height:18px\" aria-hidden=\"true\" class=\"wp-block-spacer\"><\/div>\n\n\n\n<!--more-->\n\n\n\n<p>Sze\u015bciu m\u0142odych, utalentowanych zawodnik\u00f3w zosta\u0142o nagrodzonych za osi\u0105gni\u0119cia w dziedzinie sportu w 2020 r. By\u0142o to mo\u017cliwe dzi\u0119ki przyj\u0119tej przez radnych Gminy \u0141abunie uchwale, kt\u00f3ra zosta\u0142a podj\u0119ta w listopadzie ubieg\u0142ego roku.<\/p>\n<p>Uroczysto\u015b\u0107 wr\u0119czenia nagr\u00f3d odby\u0142a si\u0119 na sesji radnych w \u015brod\u0119, 10 marca. W\u00f3jt Gminy \u0141abunie &#8211; Mariusz Kukie\u0142ka pogratulowa\u0142 sportowcom i podzi\u0119kowa\u0142 im za to, \u017ce swoimi osi\u0105gni\u0119ciami promuj\u0105 gmin\u0119 \u0141abunie.<\/p>\n<p>W uroczysto\u015bci udzia\u0142 wzi\u0119li wnioskodawcy, kt\u00f3rzy zg\u0142osili sportowc\u00f3w do nagr\u00f3d i wyr\u00f3\u017cnie\u0144: Konrad Firek &#8211; Prezes Klubu Sportowego AGROS Zamo\u015b\u0107, Krzysztof Policha &#8211; Prezes Zamojskiego Klubu Karate Kyokushin oraz Krzysztof Kiszka. Na uroczysto\u015bci byli r\u00f3wnie\u017c obecni rodzice nagrodzonych sportowc\u00f3w.<\/p>\n<p><strong>Nagrod\u0119 w wysoko\u015bci 1200 z\u0142 otrzyma\u0142 PATRYK KRUPA. Do nagrody zosta\u0142 zg\u0142oszony przez Klub Sportowy AGROS Zamo\u015b\u0107<\/strong><\/p>\n<p>Patryk Krupa reprezentuje Klub Sportowy Agros Zamo\u015b\u0107. Nagrod\u0119 finansow\u0105 otrzyma\u0142 za zaj\u0119cie w 2020 r. II miejsca w Mistrzostwach Polski Junior\u00f3w U20 w biegu na 100 m. To nie jedyny sukces Patryka w ubieg\u0142ym roku. Zaj\u0105\u0142 r\u00f3wnie\u017c VI miejsce w Mistrzostwach Polski Junior\u00f3w U20 w biegu na 100 m.<\/p>\n\n\n\n<figure class=\"wp-block-image size-large\"><img loading=\"lazy\" decoding=\"async\" width=\"1024\" height=\"682\" src=\"https:\/\/www.labunie.com.pl\/wp-content\/uploads\/2021\/03\/IMG_9197-1024x682.jpg\" alt=\"\" class=\"wp-image-20615\" srcset=\"https:\/\/labunie.com.pl\/wp-content\/uploads\/2021\/03\/IMG_9197-1024x682.jpg 1024w, https:\/\/labunie.com.pl\/wp-content\/uploads\/2021\/03\/IMG_9197-300x200.jpg 300w, https:\/\/labunie.com.pl\/wp-content\/uploads\/2021\/03\/IMG_9197-768x511.jpg 768w, https:\/\/labunie.com.pl\/wp-content\/uploads\/2021\/03\/IMG_9197-1536x1023.jpg 1536w, https:\/\/labunie.com.pl\/wp-content\/uploads\/2021\/03\/IMG_9197-2048x1364.jpg 2048w\" sizes=\"auto, (max-width: 1024px) 100vw, 1024px\" \/><\/figure>\n\n\n\n<div style=\"height:20px\" aria-hidden=\"true\" class=\"wp-block-spacer\"><\/div>\n\n\n\n<p><strong>Nagrod\u0119 finansow\u0105 w kwocie 1200 z\u0142 W\u00f3jt Gminy \u0141abunie przyzna\u0142 r\u00f3wnie\u017c MICHA\u0141OWI MAZUROWI.\u00a0 Zosta\u0142 zg\u0142oszony przez Klub Sportowy Agros Zamo\u015b\u0107. <\/strong><\/p>\n<p>Micha\u0142 Mazur otrzyma\u0142 nagrod\u0119 finansow\u0105 za zaj\u0119cie I miejsca w Mistrzostwach Polski U23 w rzucie m\u0142otem. W 2020 r. zaj\u0105\u0142 r\u00f3wnie\u017c VI miejsce w Mistrzostwach Polski Senior\u00f3w w rzucie m\u0142otem. Nagrod\u0119 w imieniu Micha\u0142a odebra\u0142 Konrad Firek &#8211; Prezes Klubu Sportowego AGROS Zamo\u015b\u0107. <\/p>\n\n\n\n<figure class=\"wp-block-image size-large\"><img loading=\"lazy\" decoding=\"async\" width=\"1024\" height=\"682\" src=\"https:\/\/www.labunie.com.pl\/wp-content\/uploads\/2021\/03\/IMG_9204-1024x682.jpg\" alt=\"\" class=\"wp-image-20616\" srcset=\"https:\/\/labunie.com.pl\/wp-content\/uploads\/2021\/03\/IMG_9204-1024x682.jpg 1024w, https:\/\/labunie.com.pl\/wp-content\/uploads\/2021\/03\/IMG_9204-300x200.jpg 300w, https:\/\/labunie.com.pl\/wp-content\/uploads\/2021\/03\/IMG_9204-768x511.jpg 768w, https:\/\/labunie.com.pl\/wp-content\/uploads\/2021\/03\/IMG_9204-1536x1023.jpg 1536w, https:\/\/labunie.com.pl\/wp-content\/uploads\/2021\/03\/IMG_9204-2048x1364.jpg 2048w\" sizes=\"auto, (max-width: 1024px) 100vw, 1024px\" \/><\/figure>\n\n\n\n<div style=\"height:15px\" aria-hidden=\"true\" class=\"wp-block-spacer\"><\/div>\n\n\n\n<p><strong>Kolejny nagrodzony to KRYSTIAN KISZKA \u2013 m\u0142ody i obiecuj\u0105cy szachista. <\/strong><\/p>\n<p>Do nagrody finansowej zg\u0142osi\u0142 go tato \u2013 Krzysztof Kiszka. Krystian reprezentuje Klub szachowy przy M\u0142odzie\u017cowym Domu Kultury w Zamo\u015bciu. W\u00f3jt Gminy \u0141abunie przyzna\u0142 mu 500 z\u0142 nagrody za zaj\u0119cie II miejsca w Mistrzostwach Wojew\u00f3dztwa Lubelskiego w szachach szybkich w kategorii C10 w Lubartowie. Krystian w 2020 r. zaj\u0105\u0142 r\u00f3wnie\u017c IV miejsce w Mistrzostwach Wojew\u00f3dztwa Lubelskiego w Szachach B\u0142yskawicznych w kategorii juniorzy do lat 12, zaj\u0105\u0142 r\u00f3wnie\u017c II miejsce w Turnieju Klasyfikacyjnym Kadry Wojew\u00f3dzkiej M\u0142odzik\u00f3w.<\/p>\n\n\n\n<figure class=\"wp-block-image size-large\"><img loading=\"lazy\" decoding=\"async\" width=\"1024\" height=\"682\" src=\"https:\/\/www.labunie.com.pl\/wp-content\/uploads\/2021\/03\/IMG_9207-1024x682.jpg\" alt=\"\" class=\"wp-image-20617\" srcset=\"https:\/\/labunie.com.pl\/wp-content\/uploads\/2021\/03\/IMG_9207-1024x682.jpg 1024w, https:\/\/labunie.com.pl\/wp-content\/uploads\/2021\/03\/IMG_9207-300x200.jpg 300w, https:\/\/labunie.com.pl\/wp-content\/uploads\/2021\/03\/IMG_9207-768x511.jpg 768w, https:\/\/labunie.com.pl\/wp-content\/uploads\/2021\/03\/IMG_9207-1536x1023.jpg 1536w, https:\/\/labunie.com.pl\/wp-content\/uploads\/2021\/03\/IMG_9207-2048x1364.jpg 2048w\" sizes=\"auto, (max-width: 1024px) 100vw, 1024px\" \/><\/figure>\n\n\n\n<p><strong>Kolejna nagroda finansowa zosta\u0142a przyznana WIKTOROWI KOLAI. Do nagrody zg\u0142osi\u0142 go Zamojski Klub Karate Kyokushin.<\/strong><\/p>\n<p>Wiktor Kolaja otrzyma\u0142 1200 z\u0142 nagrody za zaj\u0119cie I miejsca na Mistrzostwach Polski Junior\u00f3w Karate Kyokushin w Zielonce w kategorii kumite \u2013 65 kg. Wiktor w 2020 r. zdoby\u0142 podium tak\u017ce w innych zawodach i turniejach: mi\u0119dzy innymi zaj\u0105\u0142 I miejsce na Mistrzostwach Makroregionu Wschodniego Karate Kyokushin w Che\u0142mie w kategorii kumite i I miejsce na Mistrzostwach Makroregionu Dolnego \u015al\u0105ska w Nysie w kategorii kumite \u2013 75 kg. Wiktor Kolaja zosta\u0142 r\u00f3wnie\u017c powo\u0142any do Kadry Kyokushin na wagowe Mistrzostwa Europy w Lyon we Francji. Nagrod\u0119 w imieniu Wiktora odebra\u0142 jego tato &#8211; Piotr Kolaja. <\/p>\n\n\n\n<figure class=\"wp-block-image size-large\"><img loading=\"lazy\" decoding=\"async\" width=\"1024\" height=\"682\" src=\"https:\/\/www.labunie.com.pl\/wp-content\/uploads\/2021\/03\/IMG_9214-1024x682.jpg\" alt=\"\" class=\"wp-image-20618\" srcset=\"https:\/\/labunie.com.pl\/wp-content\/uploads\/2021\/03\/IMG_9214-1024x682.jpg 1024w, https:\/\/labunie.com.pl\/wp-content\/uploads\/2021\/03\/IMG_9214-300x200.jpg 300w, https:\/\/labunie.com.pl\/wp-content\/uploads\/2021\/03\/IMG_9214-768x511.jpg 768w, https:\/\/labunie.com.pl\/wp-content\/uploads\/2021\/03\/IMG_9214-1536x1023.jpg 1536w, https:\/\/labunie.com.pl\/wp-content\/uploads\/2021\/03\/IMG_9214-2048x1364.jpg 2048w\" sizes=\"auto, (max-width: 1024px) 100vw, 1024px\" \/><\/figure>\n\n\n\n<div style=\"height:13px\" aria-hidden=\"true\" class=\"wp-block-spacer\"><\/div>\n\n\n\n<p><strong>W\u00f3jt Gminy \u0141abunie postanowi\u0142 r\u00f3wnie\u017c przyzna\u0107 dwa wyr\u00f3\u017cnienia dla sportowc\u00f3w z gminy \u0141abunie. <\/strong><\/p>\n<p><strong>Statuetka oraz dyplom pow\u0119drowa\u0142y do ALANA KANI. <\/strong><\/p>\n<p>Alan zosta\u0142 zg\u0142oszony do nagrody przez Zamojski Klub Karate Kyokushin. Alan dosta\u0142 powo\u0142anie do sk\u0142adu kadry kyokushin na Wagowe Mistrzostwa Europy w Lyon we Francji. Ma na swoim koncie wiele sukces\u00f3w, w tym: I miejsce w kategorii kumite i 2 miejsce w kategorii kata w V Og\u00f3lnopolskim Turnieju Karate Kyokushin pod Patronatem W\u00f3jta Gminy K\u0105kolewnica. Zaj\u0105\u0142 tak\u017ce I miejsce w kategorii kumite i I w kat. kata na Og\u00f3lnopolskim Turnueju Karate Kyokushin z okazji100 rocznicy Cudu nad Wis\u0142\u0105 w Dukli. Na X Turnieju Karate Kyokushin o Puchar Prezydenta Miasta Ciechan\u00f3w zaj\u0105\u0142 r\u00f3wnie\u017c I miejsce w kat. kata i I miejsce w kat. kumite oraz zosta\u0142 Najlepszym Zawodnikiem Turnieju. Alan zajmowa\u0142 I miejsca r\u00f3wnie\u017c na turniejach og\u00f3lnopolskich m.in. w Bi\u0142goraju, w \u0141abu\u0144kach oraz stawa\u0142 na podium w turniejach mi\u0119dzynarodowych.<\/p>\n\n\n\n<figure class=\"wp-block-image size-large\"><img loading=\"lazy\" decoding=\"async\" width=\"1024\" height=\"682\" src=\"https:\/\/www.labunie.com.pl\/wp-content\/uploads\/2021\/03\/IMG_9218-1024x682.jpg\" alt=\"\" class=\"wp-image-20619\" srcset=\"https:\/\/labunie.com.pl\/wp-content\/uploads\/2021\/03\/IMG_9218-1024x682.jpg 1024w, https:\/\/labunie.com.pl\/wp-content\/uploads\/2021\/03\/IMG_9218-300x200.jpg 300w, https:\/\/labunie.com.pl\/wp-content\/uploads\/2021\/03\/IMG_9218-768x511.jpg 768w, https:\/\/labunie.com.pl\/wp-content\/uploads\/2021\/03\/IMG_9218-1536x1023.jpg 1536w, https:\/\/labunie.com.pl\/wp-content\/uploads\/2021\/03\/IMG_9218-2048x1364.jpg 2048w\" sizes=\"auto, (max-width: 1024px) 100vw, 1024px\" \/><\/figure>\n\n\n\n<div style=\"height:19px\" aria-hidden=\"true\" class=\"wp-block-spacer\"><\/div>\n\n\n\n<p><strong>Kolejne wyr\u00f3\u017cnienie W\u00f3jt Gminy \u0141abunie przyzna\u0142 DAWIDOWI KANI. <\/strong><\/p>\n<p>Dawid stawa\u0142 na podium m.in. na V Og\u00f3lnopolskim Turnieju Karate Kyokushin pod Patronatem W\u00f3jta Gminy K\u0105kolewnica, na Og\u00f3lnopolskim Turnieju Karate Kyokushin z okazji 100 rocznicy Cudu nad Wis\u0142\u0105 w Dukli, na X turnieju Karate Kyokushin o Puchar Prezydenta Miasta Ciechan\u00f3w czy na Og\u00f3lnopolskim Turnieju Gwiazdkowym Karate Kyokushin o Puchar Burmistrza Bi\u0142goraja.<\/p>\n\n\n\n<figure class=\"wp-block-image size-large\"><img loading=\"lazy\" decoding=\"async\" width=\"1024\" height=\"682\" src=\"https:\/\/www.labunie.com.pl\/wp-content\/uploads\/2021\/03\/IMG_9223-1024x682.jpg\" alt=\"\" class=\"wp-image-20620\" srcset=\"https:\/\/labunie.com.pl\/wp-content\/uploads\/2021\/03\/IMG_9223-1024x682.jpg 1024w, https:\/\/labunie.com.pl\/wp-content\/uploads\/2021\/03\/IMG_9223-300x200.jpg 300w, https:\/\/labunie.com.pl\/wp-content\/uploads\/2021\/03\/IMG_9223-768x511.jpg 768w, https:\/\/labunie.com.pl\/wp-content\/uploads\/2021\/03\/IMG_9223-1536x1023.jpg 1536w, https:\/\/labunie.com.pl\/wp-content\/uploads\/2021\/03\/IMG_9223-2048x1364.jpg 2048w\" sizes=\"auto, (max-width: 1024px) 100vw, 1024px\" \/><\/figure>\n","protected":false},"excerpt":{"rendered":"<p>Nagrody za osi\u0105gni\u0119cia sportowe zosta\u0142y przyznane. Uroczysto\u015b\u0107 wr\u0119czenia nagr\u00f3d i wyr\u00f3\u017cnie\u0144 odby\u0142a si\u0119 w \u015brod\u0119, 10 marca na sesji Rady Gminy \u0141abunie.\u00a0<\/p>\n","protected":false},"author":11,"featured_media":20622,"comment_status":"closed","ping_status":"closed","sticky":false,"template":"","format":"standard","meta":{"footnotes":""},"categories":[1],"tags":[],"class_list":["post-20613","post","type-post","status-publish","format-standard","has-post-thumbnail","hentry","category-wpisy","clearfix"],"_links":{"self":[{"href":"https:\/\/labunie.com.pl\/index.php?rest_route=\/wp\/v2\/posts\/20613","targetHints":{"allow":["GET"]}}],"collection":[{"href":"https:\/\/labunie.com.pl\/index.php?rest_route=\/wp\/v2\/posts"}],"about":[{"href":"https:\/\/labunie.com.pl\/index.php?rest_route=\/wp\/v2\/types\/post"}],"author":[{"embeddable":true,"href":"https:\/\/labunie.com.pl\/index.php?rest_route=\/wp\/v2\/users\/11"}],"replies":[{"embeddable":true,"href":"https:\/\/labunie.com.pl\/index.php?rest_route=%2Fwp%2Fv2%2Fcomments&post=20613"}],"version-history":[{"count":4,"href":"https:\/\/labunie.com.pl\/index.php?rest_route=\/wp\/v2\/posts\/20613\/revisions"}],"predecessor-version":[{"id":20624,"href":"https:\/\/labunie.com.pl\/index.php?rest_route=\/wp\/v2\/posts\/20613\/revisions\/20624"}],"wp:featuredmedia":[{"embeddable":true,"href":"https:\/\/labunie.com.pl\/index.php?rest_route=\/wp\/v2\/media\/20622"}],"wp:attachment":[{"href":"https:\/\/labunie.com.pl\/index.php?rest_route=%2Fwp%2Fv2%2Fmedia&parent=20613"}],"wp:term":[{"taxonomy":"category","embeddable":true,"href":"https:\/\/labunie.com.pl\/index.php?rest_route=%2Fwp%2Fv2%2Fcategories&post=20613"},{"taxonomy":"post_tag","embeddable":true,"href":"https:\/\/labunie.com.pl\/index.php?rest_route=%2Fwp%2Fv2%2Ftags&post=20613"}],"curies":[{"name":"wp","href":"https:\/\/api.w.org\/{rel}","templated":true}]}}