{"id":20706,"date":"2021-03-24T07:00:00","date_gmt":"2021-03-24T06:00:00","guid":{"rendered":"https:\/\/www.labunie.com.pl\/?p=20706"},"modified":"2021-03-24T13:20:42","modified_gmt":"2021-03-24T12:20:42","slug":"ks-aleksander-sieciechowicz-wspominamy-pamietamy","status":"publish","type":"post","link":"https:\/\/labunie.com.pl\/?p=20706","title":{"rendered":"Ks. Aleksander Sieciechowicz &#8211; wspominamy, pami\u0119tamy&#8230;"},"content":{"rendered":"\n<p><strong>\u015aroda, 24<\/strong> <strong>marca 2021 r. &#8211; I rocznica \u015bmierci ks. Aleksandra Sieciechowicza &#8211; wieloletniego proboszcza Parafii w \u0141abuniach.&nbsp;<\/strong><\/p>\n\n\n\n<div style=\"height:17px\" aria-hidden=\"true\" class=\"wp-block-spacer\"><\/div>\n\n\n\n<!--more-->\n\n\n\n<p>Gdy \u015bwiat zamkn\u0105\u0142 si\u0119 w obawie ataku pandemii, w gminie \u0141abunie odszed\u0142 wa\u017cny dla lokalnej spo\u0142eczno\u015bci cz\u0142owiek &#8211; wieloletni proboszcz parafii, nauczyciel i osoba, kt\u00f3ra zna\u0142a mieszka\u0144c\u00f3w gminy.<\/p>\n<p>Msza \u015bw. pogrzebowa za \u015bp. ks. Aleksandra zosta\u0142a odprawiona we czwartek, 26 marca 2020 r. pod przewodnictwem Biskupa Diecezjalnego Mariana Rojka w kaplicy Domu Diecezjalnego w Zamo\u015bciu bez udzia\u0142u wiernych. Cia\u0142o spocz\u0119\u0142o w grobowcu kap\u0142a\u0144skim na cmentarzu parafialnym w \u0141abuniach.<\/p>\n<p>Ks. Aleksander Sieciechowicz zmar\u0142 24 marca 2020 r. Mia\u0142 85 lat.<\/p>\n<p>\u00a0<\/p>\n","protected":false},"excerpt":{"rendered":"<p>\u015aroda, 24 marca 2021 r. &#8211; I rocznica \u015bmierci ks. Aleksandra Sieciechowicza &#8211; wieloletniego proboszcza Parafii w \u0141abuniach.&nbsp;<\/p>\n","protected":false},"author":11,"featured_media":20709,"comment_status":"closed","ping_status":"closed","sticky":false,"template":"","format":"standard","meta":{"footnotes":""},"categories":[1],"tags":[],"class_list":["post-20706","post","type-post","status-publish","format-standard","has-post-thumbnail","hentry","category-wpisy","clearfix"],"_links":{"self":[{"href":"https:\/\/labunie.com.pl\/index.php?rest_route=\/wp\/v2\/posts\/20706","targetHints":{"allow":["GET"]}}],"collection":[{"href":"https:\/\/labunie.com.pl\/index.php?rest_route=\/wp\/v2\/posts"}],"about":[{"href":"https:\/\/labunie.com.pl\/index.php?rest_route=\/wp\/v2\/types\/post"}],"author":[{"embeddable":true,"href":"https:\/\/labunie.com.pl\/index.php?rest_route=\/wp\/v2\/users\/11"}],"replies":[{"embeddable":true,"href":"https:\/\/labunie.com.pl\/index.php?rest_route=%2Fwp%2Fv2%2Fcomments&post=20706"}],"version-history":[{"count":5,"href":"https:\/\/labunie.com.pl\/index.php?rest_route=\/wp\/v2\/posts\/20706\/revisions"}],"predecessor-version":[{"id":20715,"href":"https:\/\/labunie.com.pl\/index.php?rest_route=\/wp\/v2\/posts\/20706\/revisions\/20715"}],"wp:featuredmedia":[{"embeddable":true,"href":"https:\/\/labunie.com.pl\/index.php?rest_route=\/wp\/v2\/media\/20709"}],"wp:attachment":[{"href":"https:\/\/labunie.com.pl\/index.php?rest_route=%2Fwp%2Fv2%2Fmedia&parent=20706"}],"wp:term":[{"taxonomy":"category","embeddable":true,"href":"https:\/\/labunie.com.pl\/index.php?rest_route=%2Fwp%2Fv2%2Fcategories&post=20706"},{"taxonomy":"post_tag","embeddable":true,"href":"https:\/\/labunie.com.pl\/index.php?rest_route=%2Fwp%2Fv2%2Ftags&post=20706"}],"curies":[{"name":"wp","href":"https:\/\/api.w.org\/{rel}","templated":true}]}}