{"id":20799,"date":"2021-04-06T11:42:39","date_gmt":"2021-04-06T09:42:39","guid":{"rendered":"https:\/\/labunie.com.pl\/?p=20799"},"modified":"2021-04-06T11:44:30","modified_gmt":"2021-04-06T09:44:30","slug":"niepodlegla-zaprasza-na-debate-miasto-a-wojna","status":"publish","type":"post","link":"https:\/\/labunie.com.pl\/?p=20799","title":{"rendered":"Niepodleg\u0142a zaprasza na debat\u0119 &#8220;Miasto a wojna&#8221;"},"content":{"rendered":"\n<p><strong>Biuro Programu \u201eNiepodleg\u0142a\u201d zaprasza wszystkich zainteresowanych na debat\u0119 online po\u015bwi\u0119con\u0105 sytuacji miast w kontek\u015bcie wojny polsko-bolszewickiej. <\/strong><\/p>\n\n\n\n<div style=\"height:20px\" aria-hidden=\"true\" class=\"wp-block-spacer\"><\/div>\n\n\n\n<!--more-->\n\n\n\n<p><strong>Spotkanie odb\u0119dzie si\u0119 8 kwietnia br. o godz. 18.00 na<\/strong><strong> profilu Facebook <a href=\"https:\/\/secure.sitebees.com\/ctru\/XfZRiiwyWRqoFfNfJmW2Lw\"> Niepodleg\u0142a<\/a><\/strong><strong> oraz kanale <a href=\"https:\/\/secure.sitebees.com\/ctru\/XfZRiiwyWRqVgdo3wN6Xsg\"> YouTube Niepodleg\u0142a<\/a>.<\/strong><\/p>\n<p>Podczas debaty pt. \u201eMiasto a wojna. P\u0142ock, Bia\u0142ystok i Lw\u00f3w w kontek\u015bcie wojny polsko-bolszewickiej. Debata w 100. rocznic\u0119 odznaczenia P\u0142ocka Krzy\u017cem Walecznych&#8221; uczestnicy b\u0119d\u0105 rozmawia\u0107 o tym, jak miasto i jego mieszka\u0144cy zachowuj\u0105 si\u0119 w sytuacji tak ekstremalnie kryzysowej, jak\u0105 jest wojna. Specjali\u015bci opowiedz\u0105 o historii przez pryzmat los\u00f3w lokalnych bohaterek i bohater\u00f3w, decyzji w\u0142adz lokalnych i zachowa\u0144 mieszka\u0144c\u00f3w, kt\u00f3rzy stan\u0119li przed konieczno\u015bci\u0105 obrony miasta i w\u0142asnego dobytku przed naje\u017ad\u017ac\u0105.<\/p>\n<p>Przy stoliku w pawilonie kulturalnym \u201eNiepodleg\u0142a. Miejsce Spotka\u0144\u201d w \u0141azienkach Kr\u00f3lewskich zasi\u0105d\u0105 wirtualnie: prof. Ma\u0142gorzata Dajnowicz z Uniwersytetu w Bia\u0142ymstoku, dr Grzegorz Go\u0142\u0119biewski ze Szko\u0142y Wy\u017cszej im. Paw\u0142a W\u0142odkowica w P\u0142ocku oraz Tomasz Kuba Koz\u0142owski, koordynator programu Warszawska Inicjatywa Kresowa w Domu Spotka\u0144 z Histori\u0105.<\/p>\n<p>Debata odb\u0119dzie si\u0119 w zwi\u0105zku z 100. rocznic\u0105 odznaczenia P\u0142ocka Krzy\u017cem Walecznych przez Naczelnika Pa\u0144stwa J\u00f3zefa Pi\u0142sudskiego za bohatersk\u0105 postaw\u0119 miasta i jego mieszka\u0144c\u00f3w w czasie wojny polsko-bolszewickiej. Wydarzenie to mia\u0142o miejsce 10 kwietnia 1921 r.<\/p>\n<p>Debat\u0119 b\u0119dzie mo\u017cna obejrze\u0107 8 kwietnia br. o godz. 18.00 na profilu Facebook <a href=\"https:\/\/secure.sitebees.com\/ctru\/XfZRiiwyWRqoFfNfJmW2Lw\"> Niepodleg\u0142a<\/a> oraz kanale <a href=\"https:\/\/secure.sitebees.com\/ctru\/XfZRiiwyWRqVgdo3wN6Xsg\"> YouTube Niepodleg\u0142a<\/a>.<\/p>\n","protected":false},"excerpt":{"rendered":"<p>Biuro Programu \u201eNiepodleg\u0142a\u201d zaprasza wszystkich zainteresowanych na debat\u0119 online po\u015bwi\u0119con\u0105 sytuacji miast w kontek\u015bcie wojny polsko-bolszewickiej.<\/p>\n","protected":false},"author":11,"featured_media":20801,"comment_status":"closed","ping_status":"closed","sticky":false,"template":"","format":"standard","meta":{"footnotes":""},"categories":[1],"tags":[],"class_list":["post-20799","post","type-post","status-publish","format-standard","has-post-thumbnail","hentry","category-wpisy","clearfix"],"_links":{"self":[{"href":"https:\/\/labunie.com.pl\/index.php?rest_route=\/wp\/v2\/posts\/20799","targetHints":{"allow":["GET"]}}],"collection":[{"href":"https:\/\/labunie.com.pl\/index.php?rest_route=\/wp\/v2\/posts"}],"about":[{"href":"https:\/\/labunie.com.pl\/index.php?rest_route=\/wp\/v2\/types\/post"}],"author":[{"embeddable":true,"href":"https:\/\/labunie.com.pl\/index.php?rest_route=\/wp\/v2\/users\/11"}],"replies":[{"embeddable":true,"href":"https:\/\/labunie.com.pl\/index.php?rest_route=%2Fwp%2Fv2%2Fcomments&post=20799"}],"version-history":[{"count":2,"href":"https:\/\/labunie.com.pl\/index.php?rest_route=\/wp\/v2\/posts\/20799\/revisions"}],"predecessor-version":[{"id":20802,"href":"https:\/\/labunie.com.pl\/index.php?rest_route=\/wp\/v2\/posts\/20799\/revisions\/20802"}],"wp:featuredmedia":[{"embeddable":true,"href":"https:\/\/labunie.com.pl\/index.php?rest_route=\/wp\/v2\/media\/20801"}],"wp:attachment":[{"href":"https:\/\/labunie.com.pl\/index.php?rest_route=%2Fwp%2Fv2%2Fmedia&parent=20799"}],"wp:term":[{"taxonomy":"category","embeddable":true,"href":"https:\/\/labunie.com.pl\/index.php?rest_route=%2Fwp%2Fv2%2Fcategories&post=20799"},{"taxonomy":"post_tag","embeddable":true,"href":"https:\/\/labunie.com.pl\/index.php?rest_route=%2Fwp%2Fv2%2Ftags&post=20799"}],"curies":[{"name":"wp","href":"https:\/\/api.w.org\/{rel}","templated":true}]}}