{"id":20892,"date":"2021-04-18T12:31:45","date_gmt":"2021-04-18T10:31:45","guid":{"rendered":"https:\/\/www.labunie.com.pl\/?p=20892"},"modified":"2021-04-20T11:12:45","modified_gmt":"2021-04-20T09:12:45","slug":"pamieci-bohaterom-walczacym-za-ojczyzne","status":"publish","type":"post","link":"https:\/\/labunie.com.pl\/?p=20892","title":{"rendered":"Pami\u0119ci bohaterom walcz\u0105cym za Ojczyzn\u0119"},"content":{"rendered":"\n<p><strong>Spo\u0142eczno\u015b\u0107 gminy \u0141abunie uczci\u0142a 76. rocznic\u0119 \u015bmierci por. Edwarda Lachawca, partyzant\u00f3w, \u017co\u0142nierzy Armii Krajowej i Batalion\u00f3w Ch\u0142opskich oraz ludno\u015bci cywilnej zamordowanej przez NKWD i UB.\u00a0<\/strong><\/p>\n\n\n\n<div style=\"height:25px\" aria-hidden=\"true\" class=\"wp-block-spacer\"><\/div>\n\n\n\n<!--more-->\n\n\n\n<p>Obchody odby\u0142y si\u0119 w niedziel\u0119, 18 kwietnia. Rozpocz\u0119\u0142y si\u0119 od mszy \u015bw. odprawionej przez proboszcza parafii w \u0141abuniach &#8211; ks. Andrzeja \u0141uszcza w intencji pomordowanych. Po nabo\u017ce\u0144stwie delegacje poczt\u00f3w sztandarowych uda\u0142y si\u0119 na cmentarz parafialny w \u0141abuniach, gdzie z\u0142o\u017cono wi\u0105zanki i zapalono znicze. Ho\u0142d bohaterom w imieniu samorz\u0105du odda\u0142 W\u00f3jt Gminy \u0141abunie &#8211; Mariusz Kukie\u0142ka, przewodnicz\u0105ca Rady Gminy \u0141abunie &#8211; El\u017cbieta Ku\u017ama, wiceprzewodnicz\u0105cy RG &#8211; Mariusz Kliza oraz radni reprezentuj\u0105cy gminny poczet sztandarowy, a tak\u017ce dyrektor Zespo\u0142u Szkolno-Przedszkolnego w \u0141abuniach &#8211; El\u017cbieta Bodys i wicedyrektor tej plac\u00f3wki &#8211; Danuta Bosiak. W uroczysto\u015bciach rocznicowych wzi\u0105\u0142 r\u00f3wnie\u017c udzia\u0142 prezes Zarz\u0105du \u015awiatowego Zwi\u0105zku \u017bo\u0142nierzy Armii Krajowej Okr\u0119g Zamo\u015b\u0107 &#8211; Pose\u0142 S\u0142awomir Zawi\u015blak i poczet sztandarowy \u015aZ\u017bAK.&nbsp;<\/p>\n<p><strong><span style=\"color: #003366;\">Por. Edward Lachawiec ps. &#8220;Konrad&#8221;<\/span><\/strong><br><strong><span style=\"color: #003366;\">Urodzi\u0142 si\u0119 w 22 czerwca 1912 r. w \u0141abuniach. Uko\u0144czy\u0142 szko\u0142\u0119 zawodow\u0105 w Zamo\u015bciu. W 1933 r. odby\u0142 s\u0142u\u017cb\u0119 wojskow\u0105. Potem pozosta\u0142 w wojsku jako \u017co\u0142nierz zawodowy. Cztery lata p\u00f3\u017aniej awansowa\u0142 na plutonowego. Po\u015bwi\u0119ci\u0142 si\u0119 pracy konspiracyjnej. By\u0142 jednym z pierwszych, kt\u00f3ry przyst\u0105pi\u0142 do organizacji czynnego ruchu oporu.&nbsp; Bra\u0142 udzia\u0142 w wielu walkach przeciwko Niemcom. Stoczy\u0142 z okupantem ponad 30 walk. W lipcu 1944 r. &#8211; na kilka godzin przed wkroczeniem wojsk sowieckich do Zamo\u015bcia &#8211; wraz ze swoj\u0105 kompani\u0105 dokona\u0142 symbolicznego aktu wyzwolenia miasta.&nbsp;<\/span><\/strong><\/p>\n<p><strong><span style=\"color: #003366;\">18 kwietnia 1945 r. otoczony przez NKWD i UB zosta\u0142 zabity, a wraz z nim jego \u017co\u0142nierze i mieszka\u0144cy \u0141abuniek.<\/span>&nbsp;<\/strong><\/p>\n<p><strong><span style=\"color: #003366;\">Za zas\u0142ugi bojowe i bohaterstwo zosta\u0142 awansowany na stopie\u0144 porucznika i odznaczony Krzy\u017cem Walecznych.<\/span><\/strong><\/p>\n\n\n\n<div style=\"height:16px\" aria-hidden=\"true\" class=\"wp-block-spacer\"><\/div>\n\n\n\n<div style=\"height:26px\" aria-hidden=\"true\" class=\"wp-block-spacer\"><\/div>\n\n\n\n<figure class=\"wp-block-gallery columns-3 is-cropped wp-block-gallery-1 is-layout-flex wp-block-gallery-is-layout-flex\"><ul class=\"blocks-gallery-grid\"><li class=\"blocks-gallery-item\"><figure><a href=\"https:\/\/www.labunie.com.pl\/wp-content\/uploads\/2021\/04\/IMG_9322-scaled.jpg\" data-rel=\"lightbox-gallery-3tffwTja\" data-rl_title=\"\" data-rl_caption=\"\" title=\"\"><img loading=\"lazy\" decoding=\"async\" width=\"1024\" height=\"682\" src=\"https:\/\/www.labunie.com.pl\/wp-content\/uploads\/2021\/04\/IMG_9322-1024x682.jpg\" alt=\"\" data-id=\"20896\" data-full-url=\"https:\/\/www.labunie.com.pl\/wp-content\/uploads\/2021\/04\/IMG_9322-scaled.jpg\" data-link=\"https:\/\/www.labunie.com.pl\/?attachment_id=20896\" class=\"wp-image-20896\" srcset=\"https:\/\/labunie.com.pl\/wp-content\/uploads\/2021\/04\/IMG_9322-1024x682.jpg 1024w, https:\/\/labunie.com.pl\/wp-content\/uploads\/2021\/04\/IMG_9322-300x200.jpg 300w, https:\/\/labunie.com.pl\/wp-content\/uploads\/2021\/04\/IMG_9322-768x511.jpg 768w, https:\/\/labunie.com.pl\/wp-content\/uploads\/2021\/04\/IMG_9322-1536x1023.jpg 1536w, https:\/\/labunie.com.pl\/wp-content\/uploads\/2021\/04\/IMG_9322-2048x1364.jpg 2048w\" sizes=\"auto, (max-width: 1024px) 100vw, 1024px\" \/><\/a><\/figure><\/li><li class=\"blocks-gallery-item\"><figure><a href=\"https:\/\/www.labunie.com.pl\/wp-content\/uploads\/2021\/04\/IMG_9333-scaled.jpg\" data-rel=\"lightbox-gallery-3tffwTja\" data-rl_title=\"\" data-rl_caption=\"\" title=\"\"><img loading=\"lazy\" decoding=\"async\" width=\"1024\" height=\"682\" src=\"https:\/\/www.labunie.com.pl\/wp-content\/uploads\/2021\/04\/IMG_9333-1024x682.jpg\" alt=\"\" data-id=\"20897\" data-full-url=\"https:\/\/www.labunie.com.pl\/wp-content\/uploads\/2021\/04\/IMG_9333-scaled.jpg\" data-link=\"https:\/\/www.labunie.com.pl\/?attachment_id=20897\" class=\"wp-image-20897\" srcset=\"https:\/\/labunie.com.pl\/wp-content\/uploads\/2021\/04\/IMG_9333-1024x682.jpg 1024w, https:\/\/labunie.com.pl\/wp-content\/uploads\/2021\/04\/IMG_9333-300x200.jpg 300w, https:\/\/labunie.com.pl\/wp-content\/uploads\/2021\/04\/IMG_9333-768x511.jpg 768w, https:\/\/labunie.com.pl\/wp-content\/uploads\/2021\/04\/IMG_9333-1536x1023.jpg 1536w, https:\/\/labunie.com.pl\/wp-content\/uploads\/2021\/04\/IMG_9333-2048x1364.jpg 2048w\" sizes=\"auto, (max-width: 1024px) 100vw, 1024px\" \/><\/a><\/figure><\/li><li class=\"blocks-gallery-item\"><figure><a href=\"https:\/\/www.labunie.com.pl\/wp-content\/uploads\/2021\/04\/IMG_9341-scaled.jpg\" data-rel=\"lightbox-gallery-3tffwTja\" data-rl_title=\"\" data-rl_caption=\"\" title=\"\"><img loading=\"lazy\" decoding=\"async\" width=\"1024\" height=\"682\" src=\"https:\/\/www.labunie.com.pl\/wp-content\/uploads\/2021\/04\/IMG_9341-1024x682.jpg\" alt=\"\" data-id=\"20898\" data-full-url=\"https:\/\/www.labunie.com.pl\/wp-content\/uploads\/2021\/04\/IMG_9341-scaled.jpg\" data-link=\"https:\/\/www.labunie.com.pl\/?attachment_id=20898\" class=\"wp-image-20898\" srcset=\"https:\/\/labunie.com.pl\/wp-content\/uploads\/2021\/04\/IMG_9341-1024x682.jpg 1024w, https:\/\/labunie.com.pl\/wp-content\/uploads\/2021\/04\/IMG_9341-300x200.jpg 300w, https:\/\/labunie.com.pl\/wp-content\/uploads\/2021\/04\/IMG_9341-768x511.jpg 768w, https:\/\/labunie.com.pl\/wp-content\/uploads\/2021\/04\/IMG_9341-1536x1023.jpg 1536w, https:\/\/labunie.com.pl\/wp-content\/uploads\/2021\/04\/IMG_9341-2048x1364.jpg 2048w\" sizes=\"auto, (max-width: 1024px) 100vw, 1024px\" \/><\/a><\/figure><\/li><li class=\"blocks-gallery-item\"><figure><a href=\"https:\/\/www.labunie.com.pl\/wp-content\/uploads\/2021\/04\/IMG_9345-scaled.jpg\" data-rel=\"lightbox-gallery-3tffwTja\" data-rl_title=\"\" data-rl_caption=\"\" title=\"\"><img loading=\"lazy\" decoding=\"async\" width=\"1024\" height=\"682\" src=\"https:\/\/www.labunie.com.pl\/wp-content\/uploads\/2021\/04\/IMG_9345-1024x682.jpg\" alt=\"\" data-id=\"20899\" data-full-url=\"https:\/\/www.labunie.com.pl\/wp-content\/uploads\/2021\/04\/IMG_9345-scaled.jpg\" data-link=\"https:\/\/www.labunie.com.pl\/?attachment_id=20899\" class=\"wp-image-20899\" srcset=\"https:\/\/labunie.com.pl\/wp-content\/uploads\/2021\/04\/IMG_9345-1024x682.jpg 1024w, https:\/\/labunie.com.pl\/wp-content\/uploads\/2021\/04\/IMG_9345-300x200.jpg 300w, https:\/\/labunie.com.pl\/wp-content\/uploads\/2021\/04\/IMG_9345-768x511.jpg 768w, https:\/\/labunie.com.pl\/wp-content\/uploads\/2021\/04\/IMG_9345-1536x1023.jpg 1536w, https:\/\/labunie.com.pl\/wp-content\/uploads\/2021\/04\/IMG_9345-2048x1364.jpg 2048w\" sizes=\"auto, (max-width: 1024px) 100vw, 1024px\" \/><\/a><\/figure><\/li><li class=\"blocks-gallery-item\"><figure><a href=\"https:\/\/www.labunie.com.pl\/wp-content\/uploads\/2021\/04\/IMG_9355-scaled.jpg\" data-rel=\"lightbox-gallery-3tffwTja\" data-rl_title=\"\" data-rl_caption=\"\" title=\"\"><img loading=\"lazy\" decoding=\"async\" width=\"1024\" height=\"682\" src=\"https:\/\/www.labunie.com.pl\/wp-content\/uploads\/2021\/04\/IMG_9355-1024x682.jpg\" alt=\"\" data-id=\"20900\" data-full-url=\"https:\/\/www.labunie.com.pl\/wp-content\/uploads\/2021\/04\/IMG_9355-scaled.jpg\" data-link=\"https:\/\/www.labunie.com.pl\/?attachment_id=20900\" class=\"wp-image-20900\" srcset=\"https:\/\/labunie.com.pl\/wp-content\/uploads\/2021\/04\/IMG_9355-1024x682.jpg 1024w, https:\/\/labunie.com.pl\/wp-content\/uploads\/2021\/04\/IMG_9355-300x200.jpg 300w, https:\/\/labunie.com.pl\/wp-content\/uploads\/2021\/04\/IMG_9355-768x511.jpg 768w, https:\/\/labunie.com.pl\/wp-content\/uploads\/2021\/04\/IMG_9355-1536x1023.jpg 1536w, https:\/\/labunie.com.pl\/wp-content\/uploads\/2021\/04\/IMG_9355-2048x1364.jpg 2048w\" sizes=\"auto, (max-width: 1024px) 100vw, 1024px\" \/><\/a><\/figure><\/li><\/ul><\/figure>\n","protected":false},"excerpt":{"rendered":"<p>Spo\u0142eczno\u015b\u0107 gminy \u0141abunie uczci\u0142a 76. rocznic\u0119 \u015bmierci por. Edwarda Lachawca, partyzant\u00f3w, \u017co\u0142nierzy Armii Krajowej i Batalion\u00f3w Ch\u0142opskich oraz ludno\u015bci cywilnej zamordowanej przez NKWD i UB.\u00a0<\/p>\n","protected":false},"author":11,"featured_media":20903,"comment_status":"closed","ping_status":"closed","sticky":false,"template":"","format":"standard","meta":{"footnotes":""},"categories":[1],"tags":[],"class_list":["post-20892","post","type-post","status-publish","format-standard","has-post-thumbnail","hentry","category-wpisy","clearfix"],"_links":{"self":[{"href":"https:\/\/labunie.com.pl\/index.php?rest_route=\/wp\/v2\/posts\/20892","targetHints":{"allow":["GET"]}}],"collection":[{"href":"https:\/\/labunie.com.pl\/index.php?rest_route=\/wp\/v2\/posts"}],"about":[{"href":"https:\/\/labunie.com.pl\/index.php?rest_route=\/wp\/v2\/types\/post"}],"author":[{"embeddable":true,"href":"https:\/\/labunie.com.pl\/index.php?rest_route=\/wp\/v2\/users\/11"}],"replies":[{"embeddable":true,"href":"https:\/\/labunie.com.pl\/index.php?rest_route=%2Fwp%2Fv2%2Fcomments&post=20892"}],"version-history":[{"count":5,"href":"https:\/\/labunie.com.pl\/index.php?rest_route=\/wp\/v2\/posts\/20892\/revisions"}],"predecessor-version":[{"id":20910,"href":"https:\/\/labunie.com.pl\/index.php?rest_route=\/wp\/v2\/posts\/20892\/revisions\/20910"}],"wp:featuredmedia":[{"embeddable":true,"href":"https:\/\/labunie.com.pl\/index.php?rest_route=\/wp\/v2\/media\/20903"}],"wp:attachment":[{"href":"https:\/\/labunie.com.pl\/index.php?rest_route=%2Fwp%2Fv2%2Fmedia&parent=20892"}],"wp:term":[{"taxonomy":"category","embeddable":true,"href":"https:\/\/labunie.com.pl\/index.php?rest_route=%2Fwp%2Fv2%2Fcategories&post=20892"},{"taxonomy":"post_tag","embeddable":true,"href":"https:\/\/labunie.com.pl\/index.php?rest_route=%2Fwp%2Fv2%2Ftags&post=20892"}],"curies":[{"name":"wp","href":"https:\/\/api.w.org\/{rel}","templated":true}]}}