{"id":20937,"date":"2021-04-21T14:51:40","date_gmt":"2021-04-21T12:51:40","guid":{"rendered":"https:\/\/www.labunie.com.pl\/?p=20937"},"modified":"2021-04-27T07:35:42","modified_gmt":"2021-04-27T05:35:42","slug":"sekretarz-gminy-odchodzi-na-emeryture","status":"publish","type":"post","link":"https:\/\/labunie.com.pl\/?p=20937","title":{"rendered":"Sekretarz gminy odchodzi na emerytur\u0119"},"content":{"rendered":"\n<p><strong>Pani Bogumi\u0142a Maziarczuk&nbsp; po ponad 40 latach pracy w Urz\u0119dzie Gminy \u0141abunie przechodzi na emerytur\u0119. Uroczyste po\u017cegnanie odby\u0142o si\u0119&nbsp; w \u015brod\u0119, 21 kwietnia na sesji Rady Gminy.&nbsp;<\/strong><\/p>\n\n\n\n<div style=\"height:18px\" aria-hidden=\"true\" class=\"wp-block-spacer\"><\/div>\n\n\n\n<!--more-->\n\n\n\n<p>&#8220;<em>Ko\u0144ca dobiega m\u00f3j czas pracy zawodowej, 28 kwietnia po ponad 40 latach pracy odchodz\u0119 na emerytur\u0119<\/em><strong>. <\/strong><em>Moja droga zawodowa zwi\u0105zana by\u0142a z jednym miejscem pracy. W urz\u0119dzie gminy pracowa\u0142am na r\u00f3\u017cnych stanowiskach i stopniach awansu zawodowego, od referenta, inspektora, kierownika referatu, po zast\u0119pc\u0119 w\u00f3jta i sekretarza gminy.<\/em><\/p>\n<p><em>Szmat czasu, du\u017co wspomnie\u0144, chwil radosnych, ale te\u017c i tych smutnych przy po\u017cegnaniu koleg\u00f3w i kole\u017canek, kt\u00f3rzy odeszli na wieczny odpoczynek. <\/em><\/p>\n<p><em>Na swojej drodze zawodowej spotka\u0142am wielu wspania\u0142ych ludzi od kt\u00f3rych czerpa\u0142am najlepsze wzorce pracy. Pracowa\u0142am z 4 kierownikami urz\u0119du \u2013 z\u00a0 naczelnikiem i 3 w\u00f3jtami. Swoj\u0105 prac\u0119 zawsze traktowa\u0142am jako s\u0142u\u017cb\u0119 drugiemu cz\u0142owiekowi z wielk\u0105 odpowiedzialno\u015bci\u0105.<\/em><\/p>\n<p><em>Pewnie przyjdzie czas na jak\u0105\u015b g\u0142\u0119bsz\u0105 refleksj\u0119. Jednak ogarniam my\u015blami wszystkich, z kt\u00f3rymi zetkn\u0119\u0142o mnie \u017cycie w czasie pracy zawodowej i chc\u0119 im wyrazi\u0107 swoj\u0105 wdzi\u0119czno\u015b\u0107. Spo\u015br\u00f3d wszystkich s\u0142\u00f3w wdzi\u0119czno\u015bci wybieram s\u0142owo najpi\u0119kniejsze \u2013 dzi\u0119kuj\u0119. \u00a0\u00a0<\/em><\/p>\n<p><em>A wi\u0119c!<\/em><\/p>\n<p><em>Dzi\u0119kuj\u0119, wszystkim i ka\u017cdemu\u00a0 z osobna, za te wszystkie lata, za cokolwiek, co si\u0119 sta\u0142o naszym wsp\u00f3lnym udzia\u0142em.<\/em><\/p>\n<p><em>Z tego miejsca chc\u0119 skierowa\u0107 swoje s\u0142owa podzi\u0119kowania do by\u0142ego w\u00f3jta Antoniego Wojciecha Turczyna, za zaufanie jakim obdarzy\u0142 mnie powierzaj\u0105c mi tak bardzo odpowiedzialne stanowisko sekretarza gminy, stanowisko, od kt\u00f3rego w znacznym stopniu zale\u017cy sprawne funkcjonowanie urz\u0119du.<\/em><\/p>\n<p><em>Dzi\u0119kuj\u0119 r\u00f3wnie\u017c obecnemu w\u00f3jtowi, Mariuszowi Kukie\u0142ce, \u017ce pozwoli\u0142 mi pracowa\u0107 na tym stanowisku do emerytury.<\/em><\/p>\n<p><em>Dzi\u0119kuj\u0119 przewodnicz\u0105cym i radnym rady gminy poszczeg\u00f3lnych kadencji, z kt\u00f3rymi wsp\u00f3\u0142pracowa\u0142am od 1984 roku.<\/em><\/p>\n<p><em>Szczeg\u00f3lne podzi\u0119kowania i s\u0142owa wdzi\u0119czno\u015bci kieruj\u0119 do pracownik\u00f3w urz\u0119du gminy, tych by\u0142ych, przebywaj\u0105cych na zas\u0142u\u017conych emeryturach i obecnych.<\/em><\/p>\n<p><em>W tym miejscu chc\u0119 podzi\u0119kowa\u0107 mojej poprzedniczce, Pani Helenie Szka\u0142ubie, kt\u00f3ra wprowadza\u0142a mnie w \u015bwiat pracy w administracji publicznej.<\/em><\/p>\n<p><em>Kochani moi wsp\u00f3\u0142pracownicy, dzi\u0119kuj\u0119 za to, \u017ce jeste\u015bcie, \u017ce byli\u015bcie ze mn\u0105 wiele lat, za Wasz\u0105 pomoc i \u017cyczliwo\u015b\u0107. Dzi\u0119kuj\u0119 za ka\u017cde dobre s\u0142owo\u00a0 &#8211; a za ka\u017cdy m\u00f3j b\u0142\u0105d i nietakt, przepraszam.\u00a0<\/em><\/p>\n<p><em>\u017bycz\u0119, Wam aby praca w urz\u0119dzie gminy dawa\u0142a Wam satysfakcj\u0119, a najlepszym wyrazem podzi\u0119kowania by\u0142a ludzka wdzi\u0119czno\u015b\u0107.<\/em><\/p>\n<p><em>Dzi\u0119kuj\u0119 by\u0142ym i obecnym kierownikom oraz pracownikom jednostek organizacyjnych gminy. Wyra\u017cam Wam moj\u0105 gor\u0105c\u0105 wdzi\u0119czno\u015b\u0107 i szacunek za wsp\u00f3\u0142prac\u0119.<\/em><\/p>\n<p><em>\u017bycz\u0119 wszystkim dobrego zdrowia i mi\u0119dzyludzkiej serdeczno\u015bci<\/em><strong>.<\/strong>&#8220;.<\/p>\n<p>Tak o swojej pracy na rzecz Gminy \u0141abunie m\u00f3wi\u0142a na sesji Pani Bogumi\u0142a Maziarczuk, kt\u00f3ra po <span class=\"ILfuVd\"><span class=\"hgKElc\">ponad 40 latach pracy przechodzi na emerytur\u0119. Kwiaty oraz podzi\u0119kowania otrzyma\u0142a od W\u00f3jta Gminy \u0141abunie &#8211; Mariusza Kukie\u0142ki, Przewodnicz\u0105cej Rady Gminy &#8211; El\u017cbiety Ku\u017amy, Wiceprzewodnicz\u0105cego Rady -Mariusza Klizy oraz radnych.\u00a0<\/span><\/span><\/p>\n<p>W\u00f3jt w imieniu radnych, so\u0142tys\u00f3w, kierownik\u00f3w jednostek organizacyjnych oraz pracownik\u00f3w Urz\u0119du Gminy \u0141abunie podzi\u0119kowa\u0142 za wieloletni\u0105 prac\u0119 na rzecz samorz\u0105du \u017cycz\u0105c jednocze\u015bnie zdrowia, spokoju i realizacji swoich pasji oraz zainteresowa\u0144.<\/p>\n<p><span style=\"color: #3b5194;\"><strong>28 kwietnia po ponad 40 latach pracy w Urz\u0119dzie Gminy \u0141abunie odejdzie na emerytur\u0119 Pani Bogumi\u0142a Maziarczuk.\u00a0 Pracuje tu nieprzerwanie od sierpnia 1980 r. Jak wspomnia\u0142a na sesji Rady Gminy &#8211; urz\u0105d by\u0142 jedynym miejscem pracy. W urz\u0119dzie pracowa\u0142a na r\u00f3\u017cnych stanowiskach i stopniach awansu zawodowego od referenta, inspektora, kierownika referatu, po zast\u0119pc\u0119 w\u00f3jta, a od 2017 roku na stanowisku sekretarza gminy.<\/strong><\/span><\/p>\n<p><span style=\"color: #3b5194;\"><strong>W okresie swojej pracy otrzyma\u0142a \u00a0odznaczenia pa\u0144stwowe Br\u0105zowy Krzy\u017c Zas\u0142ugi i Medal Z\u0142oty za D\u0142ugoletni\u0105 S\u0142u\u017cb\u0119.<\/strong><\/span><\/p>\n<p>\u00a0<\/p>\n\n\n\n<div style=\"height:18px\" aria-hidden=\"true\" class=\"wp-block-spacer\"><\/div>\n\n\n\n<figure class=\"wp-block-gallery columns-3 is-cropped wp-block-gallery-1 is-layout-flex wp-block-gallery-is-layout-flex\"><ul class=\"blocks-gallery-grid\"><li class=\"blocks-gallery-item\"><figure><a href=\"https:\/\/www.labunie.com.pl\/wp-content\/uploads\/2021\/04\/IMG_9404-1-scaled.jpg\" data-rel=\"lightbox-gallery-qpr3dYwd\" data-rl_title=\"\" data-rl_caption=\"\" title=\"\"><img loading=\"lazy\" decoding=\"async\" width=\"1024\" height=\"682\" src=\"https:\/\/www.labunie.com.pl\/wp-content\/uploads\/2021\/04\/IMG_9404-1-1024x682.jpg\" alt=\"\" data-id=\"20945\" data-full-url=\"https:\/\/www.labunie.com.pl\/wp-content\/uploads\/2021\/04\/IMG_9404-1-scaled.jpg\" data-link=\"https:\/\/www.labunie.com.pl\/?attachment_id=20945\" class=\"wp-image-20945\" srcset=\"https:\/\/labunie.com.pl\/wp-content\/uploads\/2021\/04\/IMG_9404-1-1024x682.jpg 1024w, https:\/\/labunie.com.pl\/wp-content\/uploads\/2021\/04\/IMG_9404-1-300x200.jpg 300w, https:\/\/labunie.com.pl\/wp-content\/uploads\/2021\/04\/IMG_9404-1-768x511.jpg 768w, https:\/\/labunie.com.pl\/wp-content\/uploads\/2021\/04\/IMG_9404-1-1536x1023.jpg 1536w, https:\/\/labunie.com.pl\/wp-content\/uploads\/2021\/04\/IMG_9404-1-2048x1364.jpg 2048w\" sizes=\"auto, (max-width: 1024px) 100vw, 1024px\" \/><\/a><\/figure><\/li><li class=\"blocks-gallery-item\"><figure><a href=\"https:\/\/www.labunie.com.pl\/wp-content\/uploads\/2021\/04\/IMG_9410-1-scaled.jpg\" data-rel=\"lightbox-gallery-qpr3dYwd\" data-rl_title=\"\" data-rl_caption=\"\" title=\"\"><img loading=\"lazy\" decoding=\"async\" width=\"1024\" height=\"682\" src=\"https:\/\/www.labunie.com.pl\/wp-content\/uploads\/2021\/04\/IMG_9410-1-1024x682.jpg\" alt=\"\" data-id=\"20946\" data-full-url=\"https:\/\/www.labunie.com.pl\/wp-content\/uploads\/2021\/04\/IMG_9410-1-scaled.jpg\" data-link=\"https:\/\/www.labunie.com.pl\/?attachment_id=20946\" class=\"wp-image-20946\" srcset=\"https:\/\/labunie.com.pl\/wp-content\/uploads\/2021\/04\/IMG_9410-1-1024x682.jpg 1024w, https:\/\/labunie.com.pl\/wp-content\/uploads\/2021\/04\/IMG_9410-1-300x200.jpg 300w, https:\/\/labunie.com.pl\/wp-content\/uploads\/2021\/04\/IMG_9410-1-768x511.jpg 768w, https:\/\/labunie.com.pl\/wp-content\/uploads\/2021\/04\/IMG_9410-1-1536x1023.jpg 1536w, https:\/\/labunie.com.pl\/wp-content\/uploads\/2021\/04\/IMG_9410-1-2048x1364.jpg 2048w\" sizes=\"auto, (max-width: 1024px) 100vw, 1024px\" \/><\/a><\/figure><\/li><li class=\"blocks-gallery-item\"><figure><a href=\"https:\/\/www.labunie.com.pl\/wp-content\/uploads\/2021\/04\/IMG_9416-1-scaled.jpg\" data-rel=\"lightbox-gallery-qpr3dYwd\" data-rl_title=\"\" data-rl_caption=\"\" title=\"\"><img loading=\"lazy\" decoding=\"async\" width=\"1024\" height=\"682\" src=\"https:\/\/www.labunie.com.pl\/wp-content\/uploads\/2021\/04\/IMG_9416-1-1024x682.jpg\" alt=\"\" data-id=\"20947\" data-full-url=\"https:\/\/www.labunie.com.pl\/wp-content\/uploads\/2021\/04\/IMG_9416-1-scaled.jpg\" data-link=\"https:\/\/www.labunie.com.pl\/?attachment_id=20947\" class=\"wp-image-20947\" srcset=\"https:\/\/labunie.com.pl\/wp-content\/uploads\/2021\/04\/IMG_9416-1-1024x682.jpg 1024w, https:\/\/labunie.com.pl\/wp-content\/uploads\/2021\/04\/IMG_9416-1-300x200.jpg 300w, https:\/\/labunie.com.pl\/wp-content\/uploads\/2021\/04\/IMG_9416-1-768x511.jpg 768w, https:\/\/labunie.com.pl\/wp-content\/uploads\/2021\/04\/IMG_9416-1-1536x1023.jpg 1536w, https:\/\/labunie.com.pl\/wp-content\/uploads\/2021\/04\/IMG_9416-1-2048x1364.jpg 2048w\" sizes=\"auto, (max-width: 1024px) 100vw, 1024px\" \/><\/a><\/figure><\/li><li class=\"blocks-gallery-item\"><figure><a href=\"https:\/\/www.labunie.com.pl\/wp-content\/uploads\/2021\/04\/IMG_9424-1-scaled.jpg\" data-rel=\"lightbox-gallery-qpr3dYwd\" data-rl_title=\"\" data-rl_caption=\"\" title=\"\"><img loading=\"lazy\" decoding=\"async\" width=\"1024\" height=\"682\" src=\"https:\/\/www.labunie.com.pl\/wp-content\/uploads\/2021\/04\/IMG_9424-1-1024x682.jpg\" alt=\"\" data-id=\"20948\" data-full-url=\"https:\/\/www.labunie.com.pl\/wp-content\/uploads\/2021\/04\/IMG_9424-1-scaled.jpg\" data-link=\"https:\/\/www.labunie.com.pl\/?attachment_id=20948\" class=\"wp-image-20948\" srcset=\"https:\/\/labunie.com.pl\/wp-content\/uploads\/2021\/04\/IMG_9424-1-1024x682.jpg 1024w, https:\/\/labunie.com.pl\/wp-content\/uploads\/2021\/04\/IMG_9424-1-300x200.jpg 300w, https:\/\/labunie.com.pl\/wp-content\/uploads\/2021\/04\/IMG_9424-1-768x511.jpg 768w, https:\/\/labunie.com.pl\/wp-content\/uploads\/2021\/04\/IMG_9424-1-1536x1023.jpg 1536w, https:\/\/labunie.com.pl\/wp-content\/uploads\/2021\/04\/IMG_9424-1-2048x1364.jpg 2048w\" sizes=\"auto, (max-width: 1024px) 100vw, 1024px\" \/><\/a><\/figure><\/li><li class=\"blocks-gallery-item\"><figure><a href=\"https:\/\/www.labunie.com.pl\/wp-content\/uploads\/2021\/04\/IMG_9427-1-scaled.jpg\" data-rel=\"lightbox-gallery-qpr3dYwd\" data-rl_title=\"\" data-rl_caption=\"\" title=\"\"><img loading=\"lazy\" decoding=\"async\" width=\"1024\" height=\"682\" src=\"https:\/\/www.labunie.com.pl\/wp-content\/uploads\/2021\/04\/IMG_9427-1-1024x682.jpg\" alt=\"\" data-id=\"20949\" data-full-url=\"https:\/\/www.labunie.com.pl\/wp-content\/uploads\/2021\/04\/IMG_9427-1-scaled.jpg\" data-link=\"https:\/\/www.labunie.com.pl\/?attachment_id=20949\" class=\"wp-image-20949\" srcset=\"https:\/\/labunie.com.pl\/wp-content\/uploads\/2021\/04\/IMG_9427-1-1024x682.jpg 1024w, https:\/\/labunie.com.pl\/wp-content\/uploads\/2021\/04\/IMG_9427-1-300x200.jpg 300w, https:\/\/labunie.com.pl\/wp-content\/uploads\/2021\/04\/IMG_9427-1-768x511.jpg 768w, https:\/\/labunie.com.pl\/wp-content\/uploads\/2021\/04\/IMG_9427-1-1536x1023.jpg 1536w, https:\/\/labunie.com.pl\/wp-content\/uploads\/2021\/04\/IMG_9427-1-2048x1364.jpg 2048w\" sizes=\"auto, (max-width: 1024px) 100vw, 1024px\" \/><\/a><\/figure><\/li><\/ul><\/figure>\n","protected":false},"excerpt":{"rendered":"<p>Pani Bogumi\u0142a Maziarczuk&nbsp; po ponad 40 latach pracy w Urz\u0119dzie Gminy \u0141abunie przechodzi na emerytur\u0119. Uroczyste po\u017cegnanie odby\u0142o si\u0119&nbsp; w \u015brod\u0119, 21 kwietnia na sesji Rady Gminy.&nbsp;<\/p>\n","protected":false},"author":11,"featured_media":20951,"comment_status":"closed","ping_status":"closed","sticky":false,"template":"","format":"standard","meta":{"footnotes":""},"categories":[1],"tags":[],"class_list":["post-20937","post","type-post","status-publish","format-standard","has-post-thumbnail","hentry","category-wpisy","clearfix"],"_links":{"self":[{"href":"https:\/\/labunie.com.pl\/index.php?rest_route=\/wp\/v2\/posts\/20937","targetHints":{"allow":["GET"]}}],"collection":[{"href":"https:\/\/labunie.com.pl\/index.php?rest_route=\/wp\/v2\/posts"}],"about":[{"href":"https:\/\/labunie.com.pl\/index.php?rest_route=\/wp\/v2\/types\/post"}],"author":[{"embeddable":true,"href":"https:\/\/labunie.com.pl\/index.php?rest_route=\/wp\/v2\/users\/11"}],"replies":[{"embeddable":true,"href":"https:\/\/labunie.com.pl\/index.php?rest_route=%2Fwp%2Fv2%2Fcomments&post=20937"}],"version-history":[{"count":5,"href":"https:\/\/labunie.com.pl\/index.php?rest_route=\/wp\/v2\/posts\/20937\/revisions"}],"predecessor-version":[{"id":20981,"href":"https:\/\/labunie.com.pl\/index.php?rest_route=\/wp\/v2\/posts\/20937\/revisions\/20981"}],"wp:featuredmedia":[{"embeddable":true,"href":"https:\/\/labunie.com.pl\/index.php?rest_route=\/wp\/v2\/media\/20951"}],"wp:attachment":[{"href":"https:\/\/labunie.com.pl\/index.php?rest_route=%2Fwp%2Fv2%2Fmedia&parent=20937"}],"wp:term":[{"taxonomy":"category","embeddable":true,"href":"https:\/\/labunie.com.pl\/index.php?rest_route=%2Fwp%2Fv2%2Fcategories&post=20937"},{"taxonomy":"post_tag","embeddable":true,"href":"https:\/\/labunie.com.pl\/index.php?rest_route=%2Fwp%2Fv2%2Ftags&post=20937"}],"curies":[{"name":"wp","href":"https:\/\/api.w.org\/{rel}","templated":true}]}}