{"id":21009,"date":"2021-04-30T13:13:35","date_gmt":"2021-04-30T11:13:35","guid":{"rendered":"https:\/\/www.labunie.com.pl\/?p=21009"},"modified":"2021-04-30T13:13:35","modified_gmt":"2021-04-30T11:13:35","slug":"230-rocznica-uchwalenia-konstytucji-3-maja-wirtualny-apel","status":"publish","type":"post","link":"https:\/\/labunie.com.pl\/?p=21009","title":{"rendered":"230. Rocznica Uchwalenia Konstytucji 3 Maja &#8211; wirtualny apel"},"content":{"rendered":"\n<p><strong>Uczniowie Zespo\u0142u Szkolno-Przedszkolnego w \u0141abuniach pod kierunkiem Pani Celiny Zwolak i Pani Doroty Chmury, przygotowali monta\u017c s\u0142owno- muzyczny z okazji Narodowego \u015awi\u0119ta Konstytucji 3 Maja.<\/strong><\/p>\n\n\n\n<div style=\"height:22px\" aria-hidden=\"true\" class=\"wp-block-spacer\"><\/div>\n\n\n\n<!--more-->\n\n\n\n<div>Apele patriotyczne to tradycja szko\u0142y, jednak obecna sytuacja utrudni\u0142a\u00a0 jej realizacj\u0119. Mimo zmienionych warunk\u00f3w funkcjonowania szko\u0142y, uczniowie pod okiem nauczycieli postanowili stworzy\u0107 wirtualn\u0105 akademi\u0119, by przypomnie\u0107 o naszej historii i zastanowi\u0107 si\u0119, co oznaczaj\u0105 dla nas s\u0142owa: Patriotyzm, Wolno\u015b\u0107, Ojczyzna.<\/div>\n<div>I chocia\u017c ka\u017cdy z osobna, to jednak wirtualnie wszyscy razem mo\u017cemy obejrze\u0107 przygotowany film, w kt\u00f3rym udzia\u0142 wzi\u0119li: Ju\u015b Maksymilian, Rycak Patrycja, Nawrocka Aleksandra, Duda Agnieszka, Jandu\u0142a Patryk, \u0106wik Maja, Jastrz\u0119bska Ilona, Kisieli\u0144ski Tobiasz, \u017byczkiewicz Wiktoria, Chmura Maksymilian, \u015aliwi\u0144ska Martyna, Branecka Nikola, Kisieli\u0144ski Mi\u0142osz.<\/div>\n<div>Serdecznie dzi\u0119kujemy uczniom i rodzicom za okazan\u0105 pomoc podczas nagrania.<\/div>\n\n\n\n<div style=\"height:15px\" aria-hidden=\"true\" class=\"wp-block-spacer\"><\/div>\n\n\n\n\n\n<figure class=\"wp-block-embed is-type-rich is-provider-obsluga-osadzania wp-block-embed-obsluga-osadzania\"><div class=\"wp-block-embed__wrapper\">\n<div style=\"width: 640px;\" class=\"wp-video\"><!--[if lt IE 9]><script>document.createElement('video');<\/script><![endif]-->\n<video class=\"wp-video-shortcode\" id=\"video-21009-1\" width=\"640\" height=\"360\" preload=\"metadata\" controls=\"controls\"><source type=\"video\/mp4\" src=\"http:\/\/splabunie.szkolnastrona.pl\/container\/3%20Maja%202021.m4v?_=1\" \/><a href=\"http:\/\/splabunie.szkolnastrona.pl\/container\/3%20Maja%202021.m4v\">http:\/\/splabunie.szkolnastrona.pl\/container\/3%20Maja%202021.m4v<\/a><\/video><\/div>\n<\/div><\/figure>\n","protected":false},"excerpt":{"rendered":"<p>Uczniowie Zespo\u0142u Szkolno-Przedszkolnego w \u0141abuniach pod kierunkiem Pani Celiny Zwolak i Pani Doroty Chmury, przygotowali monta\u017c s\u0142owno- muzyczny z okazji Narodowego \u015awi\u0119ta Konstytucji 3 Maja.<\/p>\n","protected":false},"author":11,"featured_media":21012,"comment_status":"closed","ping_status":"closed","sticky":false,"template":"","format":"standard","meta":{"footnotes":""},"categories":[1],"tags":[],"class_list":["post-21009","post","type-post","status-publish","format-standard","has-post-thumbnail","hentry","category-wpisy","clearfix"],"_links":{"self":[{"href":"https:\/\/labunie.com.pl\/index.php?rest_route=\/wp\/v2\/posts\/21009","targetHints":{"allow":["GET"]}}],"collection":[{"href":"https:\/\/labunie.com.pl\/index.php?rest_route=\/wp\/v2\/posts"}],"about":[{"href":"https:\/\/labunie.com.pl\/index.php?rest_route=\/wp\/v2\/types\/post"}],"author":[{"embeddable":true,"href":"https:\/\/labunie.com.pl\/index.php?rest_route=\/wp\/v2\/users\/11"}],"replies":[{"embeddable":true,"href":"https:\/\/labunie.com.pl\/index.php?rest_route=%2Fwp%2Fv2%2Fcomments&post=21009"}],"version-history":[{"count":5,"href":"https:\/\/labunie.com.pl\/index.php?rest_route=\/wp\/v2\/posts\/21009\/revisions"}],"predecessor-version":[{"id":21017,"href":"https:\/\/labunie.com.pl\/index.php?rest_route=\/wp\/v2\/posts\/21009\/revisions\/21017"}],"wp:featuredmedia":[{"embeddable":true,"href":"https:\/\/labunie.com.pl\/index.php?rest_route=\/wp\/v2\/media\/21012"}],"wp:attachment":[{"href":"https:\/\/labunie.com.pl\/index.php?rest_route=%2Fwp%2Fv2%2Fmedia&parent=21009"}],"wp:term":[{"taxonomy":"category","embeddable":true,"href":"https:\/\/labunie.com.pl\/index.php?rest_route=%2Fwp%2Fv2%2Fcategories&post=21009"},{"taxonomy":"post_tag","embeddable":true,"href":"https:\/\/labunie.com.pl\/index.php?rest_route=%2Fwp%2Fv2%2Ftags&post=21009"}],"curies":[{"name":"wp","href":"https:\/\/api.w.org\/{rel}","templated":true}]}}