{"id":21129,"date":"2021-05-07T18:04:33","date_gmt":"2021-05-07T16:04:33","guid":{"rendered":"https:\/\/www.labunie.com.pl\/?p=21129"},"modified":"2021-05-07T18:04:34","modified_gmt":"2021-05-07T16:04:34","slug":"informacja-generalnej-dyrekcji-drog-krajowych-i-autostrad","status":"publish","type":"post","link":"https:\/\/labunie.com.pl\/?p=21129","title":{"rendered":"Informacja Generalnej Dyrekcji Dr\u00f3g Krajowych i Autostrad"},"content":{"rendered":"\n<p><strong>Generalna Dyrekcja Dr\u00f3g Krajowych i Autostrad Oddzia\u0142 w Lublinie informuje o przeprowadzaniu monitoringu budynk\u00f3w przez Przedstawicieli firmy BUDIMEX. Konieczno\u015b\u0107 wykonania inwentaryzacji budynk\u00f3w zwi\u0105zana jest z rozpocz\u0119ciem realizacji rob\u00f3t na zadaniu \u201eRozbudowa drogi krajowej nr 17 na odcinku gr. m. Zamo\u015b\u0107 \u2013 \u0141abunie od km 179+113 do km 184+716\u201d.<\/strong><\/p>\n\n\n\n<!--more-->\n\n\n\n<figure class=\"wp-block-image size-large\"><img loading=\"lazy\" decoding=\"async\" width=\"616\" height=\"1024\" src=\"https:\/\/www.labunie.com.pl\/wp-content\/uploads\/2021\/05\/informacja_monitoring_gddkia-616x1024.png\" alt=\"\" class=\"wp-image-21130\" srcset=\"https:\/\/labunie.com.pl\/wp-content\/uploads\/2021\/05\/informacja_monitoring_gddkia-616x1024.png 616w, https:\/\/labunie.com.pl\/wp-content\/uploads\/2021\/05\/informacja_monitoring_gddkia-180x300.png 180w, https:\/\/labunie.com.pl\/wp-content\/uploads\/2021\/05\/informacja_monitoring_gddkia-768x1277.png 768w, https:\/\/labunie.com.pl\/wp-content\/uploads\/2021\/05\/informacja_monitoring_gddkia-924x1536.png 924w, https:\/\/labunie.com.pl\/wp-content\/uploads\/2021\/05\/informacja_monitoring_gddkia.png 1000w\" sizes=\"auto, (max-width: 616px) 100vw, 616px\" \/><\/figure>\n","protected":false},"excerpt":{"rendered":"<p>Generalna Dyrekcja Dr\u00f3g Krajowych i Autostrad Oddzia\u0142 w Lublinie informuje o przeprowadzaniu monitoringu budynk\u00f3w przez Przedstawicieli firmy BUDIMEX. Konieczno\u015b\u0107 wykonania inwentaryzacji budynk\u00f3w zwi\u0105zana jest z rozpocz\u0119ciem realizacji rob\u00f3t na zadaniu \u201eRozbudowa drogi krajowej nr 17 na odcinku gr. m. Zamo\u015b\u0107 \u2013 \u0141abunie od km 179+113 do km 184+716\u201d.<\/p>\n","protected":false},"author":7,"featured_media":21131,"comment_status":"closed","ping_status":"closed","sticky":false,"template":"","format":"standard","meta":{"footnotes":""},"categories":[1],"tags":[],"class_list":["post-21129","post","type-post","status-publish","format-standard","has-post-thumbnail","hentry","category-wpisy","clearfix"],"_links":{"self":[{"href":"https:\/\/labunie.com.pl\/index.php?rest_route=\/wp\/v2\/posts\/21129","targetHints":{"allow":["GET"]}}],"collection":[{"href":"https:\/\/labunie.com.pl\/index.php?rest_route=\/wp\/v2\/posts"}],"about":[{"href":"https:\/\/labunie.com.pl\/index.php?rest_route=\/wp\/v2\/types\/post"}],"author":[{"embeddable":true,"href":"https:\/\/labunie.com.pl\/index.php?rest_route=\/wp\/v2\/users\/7"}],"replies":[{"embeddable":true,"href":"https:\/\/labunie.com.pl\/index.php?rest_route=%2Fwp%2Fv2%2Fcomments&post=21129"}],"version-history":[{"count":1,"href":"https:\/\/labunie.com.pl\/index.php?rest_route=\/wp\/v2\/posts\/21129\/revisions"}],"predecessor-version":[{"id":21132,"href":"https:\/\/labunie.com.pl\/index.php?rest_route=\/wp\/v2\/posts\/21129\/revisions\/21132"}],"wp:featuredmedia":[{"embeddable":true,"href":"https:\/\/labunie.com.pl\/index.php?rest_route=\/wp\/v2\/media\/21131"}],"wp:attachment":[{"href":"https:\/\/labunie.com.pl\/index.php?rest_route=%2Fwp%2Fv2%2Fmedia&parent=21129"}],"wp:term":[{"taxonomy":"category","embeddable":true,"href":"https:\/\/labunie.com.pl\/index.php?rest_route=%2Fwp%2Fv2%2Fcategories&post=21129"},{"taxonomy":"post_tag","embeddable":true,"href":"https:\/\/labunie.com.pl\/index.php?rest_route=%2Fwp%2Fv2%2Ftags&post=21129"}],"curies":[{"name":"wp","href":"https:\/\/api.w.org\/{rel}","templated":true}]}}