{"id":21177,"date":"2021-05-18T10:28:00","date_gmt":"2021-05-18T08:28:00","guid":{"rendered":"https:\/\/www.labunie.com.pl\/?p=21177"},"modified":"2021-06-22T14:13:38","modified_gmt":"2021-06-22T12:13:38","slug":"bajkowe-warsztaty-graffiti-na-rozpoczecie-wakacji","status":"publish","type":"post","link":"https:\/\/labunie.com.pl\/?p=21177","title":{"rendered":"Warsztaty graffiti dla dzieci i m\u0142odzie\u017cy z gminy \u0141abunie &#8211; zg\u0142oszenia do 22 czerwca!"},"content":{"rendered":"\n<p><strong>Zapraszamy dzieci i m\u0142odzie\u017c w wieku 12-18 lat z gminy \u0141abunie na bezp\u0142atne warsztaty graffiti z zamojsk\u0105 grup\u0105 Stforky, znan\u0105 z artystycznych kolorowych murali. <br><\/strong><\/p>\n\n\n\n<div style=\"height:15px\" aria-hidden=\"true\" class=\"wp-block-spacer\"><\/div>\n\n\n\n<!--more-->\n\n\n\n<p>Warsztaty odb\u0119d\u0105 si\u0119 w dniach 2,3,4 lipca w \u0141abuniach. Adresowane s\u0105 do dzieci i m\u0142odzie\u017cy z gminy \u0141abunie, w wieku od 12 do 18 lat. W ramach wydarzenia odb\u0119d\u0105 si\u0119 warsztaty, na kt\u00f3rych uczestnicy poznaj\u0105 technik\u0119 i tajniki tworzenia graffiti, b\u0119d\u0105 te\u017c ciekawostki&nbsp; i wsp\u00f3lne szkicowanie projektu graffiti. Trzeci dzie\u0144 to fina\u0142, w ramach kt\u00f3rego powstanie mural z kolorowymi rysunkami, kt\u00f3re ozdobi\u0105 przestrze\u0144 publiczn\u0105 na terenie naszej gminy. Uczestnicy otrzymaj\u0105 gad\u017cety od zamojskiej grupy Stforky, zorganizujemy te\u017c pocz\u0119stunek.<\/p>\n<p><span style=\"color: #808000;\"><strong>Je\u017celi chcesz rozpocz\u0105\u0107 wakacje w kolorowym stylu, zapraszamy do zapisywania si\u0119 na Warsztaty graffiti w \u0141abuniach. Ilo\u015b\u0107 miejsc jest ograniczona. Zapisy przyjmujemy <span style=\"color: #ff0000;\">do 22 czerwca<\/span> na e-mail: <span style=\"color: #ff0000;\">d.saran@labunie.com.pl<\/span>. Nale\u017cy poda\u0107 imi\u0119 i nazwisko uczestnika, nr telefonu rodzica zg\u0142aszaj\u0105cego dziecko.<\/strong> <\/span><\/p>\n<p><em><strong>&nbsp;<\/strong><\/em><\/p>\n\n\n\n<div style=\"height:14px\" aria-hidden=\"true\" class=\"wp-block-spacer\"><\/div>\n\n\n\n\n\n<figure class=\"wp-block-image size-large\"><img loading=\"lazy\" decoding=\"async\" width=\"768\" height=\"1024\" src=\"https:\/\/www.labunie.com.pl\/wp-content\/uploads\/2021\/05\/PLAKAT-768x1024.jpg\" alt=\"\" class=\"wp-image-21189\" srcset=\"https:\/\/labunie.com.pl\/wp-content\/uploads\/2021\/05\/PLAKAT-768x1024.jpg 768w, https:\/\/labunie.com.pl\/wp-content\/uploads\/2021\/05\/PLAKAT-225x300.jpg 225w, https:\/\/labunie.com.pl\/wp-content\/uploads\/2021\/05\/PLAKAT-1152x1536.jpg 1152w, https:\/\/labunie.com.pl\/wp-content\/uploads\/2021\/05\/PLAKAT-1536x2048.jpg 1536w, https:\/\/labunie.com.pl\/wp-content\/uploads\/2021\/05\/PLAKAT-scaled.jpg 1920w\" sizes=\"auto, (max-width: 768px) 100vw, 768px\" \/><\/figure>\n\n\n\n<div style=\"height:60px\" aria-hidden=\"true\" class=\"wp-block-spacer\"><\/div>\n\n\n\n<p><em>Jednocze\u015bnie informujemy, \u017ce zgodnie z art. 13 rozporz\u0105dzenia Parlamentu Europejskiego i Rady (UE) 2016\/679 z dnia 27 kwietnia 2016 r. w sprawie ochrony os\u00f3b fizycznych w zwi\u0105zku z przetwarzaniem danych osobowych i w sprawie swobodnego przep\u0142ywu takich danych oraz uchylenia dyrektywy 95\/46\/WE (og\u00f3lne rozporz\u0105dzenie o ochronie danych) zwane dalej \u201eRODO\u201d informuj\u0119, \u017ce:<\/em><\/p>\n<ul>\n<li>\n<p><em>Administratorem danych osobowych jest Gmina \u0141abunie z siedzib\u0105 przy ul. Zamojska 50, 22-437 \u0141abunie, e-mail: uglabunie@labunie.com.pl<\/em><\/p>\n<\/li>\n<li>\n<p><em>Administrator danych osobowych wyznaczy\u0142 Inspektora Ochrony Danych, z kt\u00f3rym mo\u017cna skontaktowa\u0107 si\u0119 pod adresem e-mail: iod@labunie.com.pl we wszystkich sprawach dotycz\u0105cych przetwarzania danych osobowych oraz korzystania z praw zwi\u0105zanych z przetwarzaniem danych osobowych.<\/em><\/p>\n<\/li>\n<li>\n<p><em>Dane osobowe Pa\u0144stwa oraz dziecka b\u0119d\u0105 przetwarzane w nast\u0119puj\u0105cych celach:<\/em><\/p>\n<\/li>\n<\/ul>\n<ol>\n<li>\n<p><em>przeprowadzenia procedury naboru na warsztaty graffiti oraz promocji prac konkursowych i wykorzystanie wizerunku uczestnik\u00f3w wydarzenia na potrzeby promocji na podstawie art. 6 ust. 1 lit. e) RODO &#8211; wykonanie zadania realizowanego w interesie publicznym lub w ramach sprawowania w\u0142adzy publicznej;<\/em><\/p>\n<\/li>\n<li>\n<p><em>upublicznienia imienia, nazwiska i wizerunku dziecka na stronie internetowej Administratora na podstawie Pa\u0144stwa dobrowolnie wyra\u017conej zgody &#8211; art. 6 ust. 1 lit. a) RODO.<\/em><\/p>\n<\/li>\n<\/ol>\n<ul>\n<li>\n<p><em>Podane dane b\u0119d\u0105 udost\u0119pniane podmiotom upowa\u017cnionym na podstawie przepis\u00f3w prawa lub podmiotom \u015bwiadcz\u0105cym us\u0142ugi wsparcia i serwisu dla Urz\u0119du.<\/em><\/p>\n<\/li>\n<li>\n<p><em>Dane b\u0119d\u0105 przetwarzane przez 14 dni od dnia zako\u0144czenia konkursu. W przypadku zgody do momentu wycofania zgody lub przez okres niezb\u0119dny do realizacji wskazanego celu, na jaki zgoda zosta\u0142a udzielona.<\/em><\/p>\n<\/li>\n<li>\n<p><em>Maj\u0105 Pa\u0144stwo prawo \u017c\u0105dania dost\u0119pu do swoich i dziecka danych osobowych, ich sprostowania, prawo do ograniczenia przetwarzania oraz wniesienia sprzeciwu.<\/em><\/p>\n<\/li>\n<li>\n<p><em>W przypadku, w kt\u00f3rym przetwarzanie danych osobowych odbywa si\u0119 na podstawie zgody, przys\u0142uguje Pa\u0144stwu prawo do cofni\u0119cia tej zgody w dowolnym momencie, bez wp\u0142ywu na zgodno\u015b\u0107 z prawem przetwarzania, kt\u00f3rego dokonano na podstawie zgody przed jej cofni\u0119ciem. Zgod\u0119 mo\u017cna wycofa\u0107, kieruj\u0105c \u017c\u0105danie na adres siedziby Administratora lub na adres email: iod@labunie.com.pl<\/em><\/p>\n<\/li>\n<li>\n<p><em>Przys\u0142uguje Pa\u0144stwu prawo wniesienia skargi do organu nadzorczego, kt\u00f3rym jest Prezes Urz\u0119du Ochrony Danych Osobowych, ul. Stawki 2, 00-193 Warszawa.<\/em><\/p>\n<\/li>\n<li>\n<p><em>Podanie Pa\u0144stwa i dziecka danych osobowych w celu realizacji konkursu jest dobrowolne, ale ich niepodanie skutkuje brakiem mo\u017cliwo\u015bci uczestnictwa dziecka w wydarzeniu. Wyra\u017cenie zgody na upublicznienie wizerunku, imienia i nazwiska dziecka na stronie internetowej jest dobrowolne i jej brak nie b\u0119dzie mia\u0142 wp\u0142ywu na udzia\u0142 w konkursie.<\/em><\/p>\n<\/li>\n<\/ul>\n","protected":false},"excerpt":{"rendered":"<p>Zapraszamy dzieci i m\u0142odzie\u017c w wieku 12-18 lat z gminy \u0141abunie na bezp\u0142atne warsztaty graffiti z zamojsk\u0105 grup\u0105 Stforky, znan\u0105 z artystycznych kolorowych murali.<\/p>\n","protected":false},"author":11,"featured_media":21185,"comment_status":"closed","ping_status":"closed","sticky":false,"template":"","format":"standard","meta":{"footnotes":""},"categories":[1],"tags":[],"class_list":["post-21177","post","type-post","status-publish","format-standard","has-post-thumbnail","hentry","category-wpisy","clearfix"],"_links":{"self":[{"href":"https:\/\/labunie.com.pl\/index.php?rest_route=\/wp\/v2\/posts\/21177","targetHints":{"allow":["GET"]}}],"collection":[{"href":"https:\/\/labunie.com.pl\/index.php?rest_route=\/wp\/v2\/posts"}],"about":[{"href":"https:\/\/labunie.com.pl\/index.php?rest_route=\/wp\/v2\/types\/post"}],"author":[{"embeddable":true,"href":"https:\/\/labunie.com.pl\/index.php?rest_route=\/wp\/v2\/users\/11"}],"replies":[{"embeddable":true,"href":"https:\/\/labunie.com.pl\/index.php?rest_route=%2Fwp%2Fv2%2Fcomments&post=21177"}],"version-history":[{"count":5,"href":"https:\/\/labunie.com.pl\/index.php?rest_route=\/wp\/v2\/posts\/21177\/revisions"}],"predecessor-version":[{"id":21762,"href":"https:\/\/labunie.com.pl\/index.php?rest_route=\/wp\/v2\/posts\/21177\/revisions\/21762"}],"wp:featuredmedia":[{"embeddable":true,"href":"https:\/\/labunie.com.pl\/index.php?rest_route=\/wp\/v2\/media\/21185"}],"wp:attachment":[{"href":"https:\/\/labunie.com.pl\/index.php?rest_route=%2Fwp%2Fv2%2Fmedia&parent=21177"}],"wp:term":[{"taxonomy":"category","embeddable":true,"href":"https:\/\/labunie.com.pl\/index.php?rest_route=%2Fwp%2Fv2%2Fcategories&post=21177"},{"taxonomy":"post_tag","embeddable":true,"href":"https:\/\/labunie.com.pl\/index.php?rest_route=%2Fwp%2Fv2%2Ftags&post=21177"}],"curies":[{"name":"wp","href":"https:\/\/api.w.org\/{rel}","templated":true}]}}