{"id":21559,"date":"2021-06-15T13:48:56","date_gmt":"2021-06-15T11:48:56","guid":{"rendered":"https:\/\/www.labunie.com.pl\/?p=21559"},"modified":"2021-06-15T13:48:56","modified_gmt":"2021-06-15T11:48:56","slug":"konkurs-piekno-powiatu-zamojskiego-w-obiektywie","status":"publish","type":"post","link":"https:\/\/labunie.com.pl\/?p=21559","title":{"rendered":"Konkurs &#8211; Pi\u0119kno Powiatu Zamojskiego w obiektywie"},"content":{"rendered":"\n<p><strong>Trwa<\/strong>\u00a0<strong>II Edycja Powiatowego Konkursu Fotograficznego pn.: \u201ePi\u0119kno Powiatu Zamojskiego w obiektywie\u201d <\/strong><strong>pod <\/strong><strong>Honorowym Patronatem Starosty Zamojskiego.<\/strong><\/p>\n\n\n\n<div style=\"height:15px\" aria-hidden=\"true\" class=\"wp-block-spacer\"><\/div>\n\n\n\n<!--more-->\n\n\n\n<p>Konkurs ma charakter otwarty, mo\u017ce bra\u0107 w nim udzia\u0142 ka\u017cda zainteresowana osoba, kt\u00f3ra profesjonalnie lub amatorsko zajmuje si\u0119 fotografi\u0105 i jest mieszka\u0144cem powiatu zamojskiego.\u00a0Zdj\u0119cia na konkurs mo\u017cna zg\u0142asza\u0107 do dnia 30 wrze\u015bnia 2021 roku.<\/p>\n<p>Zach\u0119camy do pokazania pi\u0119kna powiatu zamojskiego, zaprezentowania w ciekawy i niecodzienny spos\u00f3b skrywanych na jego terenie zabytk\u00f3w architektonicznych, a tak\u017ce niezwykle urokliwej fauny i flory.<\/p>\n<p>Nagrodzone i wyr\u00f3\u017cnione zdj\u0119cia, wraz z imieniem i nazwiskiem autora, znajd\u0105 si\u0119 w kalendarzu Powiatu Zamojskiego na 2022 rok. Nagrody finansowe w konkursie ufundowane przez Starostwo Powiatowe w Zamo\u015bciu, zostan\u0105 przyznane za I, II i III miejsce, odpowiednio w wysoko\u015bci 800,00 z\u0142, 600,00 z\u0142 i 400,00 z\u0142. Ponadto autorzy 9 wyr\u00f3\u017cnionych prac, otrzymaj\u0105 nagrody w wysoko\u015bci po 200,00 z\u0142.\u00a0<\/p>\n\n\n\n<div style=\"height:17px\" aria-hidden=\"true\" class=\"wp-block-spacer\"><\/div>\n\n\n\n<figure class=\"wp-block-image size-large\"><img loading=\"lazy\" decoding=\"async\" width=\"707\" height=\"1000\" src=\"https:\/\/www.labunie.com.pl\/wp-content\/uploads\/2021\/06\/1165b.jpg\" alt=\"\" class=\"wp-image-21560\" srcset=\"https:\/\/labunie.com.pl\/wp-content\/uploads\/2021\/06\/1165b.jpg 707w, https:\/\/labunie.com.pl\/wp-content\/uploads\/2021\/06\/1165b-212x300.jpg 212w\" sizes=\"auto, (max-width: 707px) 100vw, 707px\" \/><\/figure>\n","protected":false},"excerpt":{"rendered":"<p>Trwa\u00a0II Edycja Powiatowego Konkursu Fotograficznego pn.: \u201ePi\u0119kno Powiatu Zamojskiego w obiektywie\u201d pod Honorowym Patronatem Starosty Zamojskiego.<\/p>\n","protected":false},"author":11,"featured_media":21562,"comment_status":"closed","ping_status":"closed","sticky":false,"template":"","format":"standard","meta":{"footnotes":""},"categories":[1],"tags":[],"class_list":["post-21559","post","type-post","status-publish","format-standard","has-post-thumbnail","hentry","category-wpisy","clearfix"],"_links":{"self":[{"href":"https:\/\/labunie.com.pl\/index.php?rest_route=\/wp\/v2\/posts\/21559","targetHints":{"allow":["GET"]}}],"collection":[{"href":"https:\/\/labunie.com.pl\/index.php?rest_route=\/wp\/v2\/posts"}],"about":[{"href":"https:\/\/labunie.com.pl\/index.php?rest_route=\/wp\/v2\/types\/post"}],"author":[{"embeddable":true,"href":"https:\/\/labunie.com.pl\/index.php?rest_route=\/wp\/v2\/users\/11"}],"replies":[{"embeddable":true,"href":"https:\/\/labunie.com.pl\/index.php?rest_route=%2Fwp%2Fv2%2Fcomments&post=21559"}],"version-history":[{"count":1,"href":"https:\/\/labunie.com.pl\/index.php?rest_route=\/wp\/v2\/posts\/21559\/revisions"}],"predecessor-version":[{"id":21561,"href":"https:\/\/labunie.com.pl\/index.php?rest_route=\/wp\/v2\/posts\/21559\/revisions\/21561"}],"wp:featuredmedia":[{"embeddable":true,"href":"https:\/\/labunie.com.pl\/index.php?rest_route=\/wp\/v2\/media\/21562"}],"wp:attachment":[{"href":"https:\/\/labunie.com.pl\/index.php?rest_route=%2Fwp%2Fv2%2Fmedia&parent=21559"}],"wp:term":[{"taxonomy":"category","embeddable":true,"href":"https:\/\/labunie.com.pl\/index.php?rest_route=%2Fwp%2Fv2%2Fcategories&post=21559"},{"taxonomy":"post_tag","embeddable":true,"href":"https:\/\/labunie.com.pl\/index.php?rest_route=%2Fwp%2Fv2%2Ftags&post=21559"}],"curies":[{"name":"wp","href":"https:\/\/api.w.org\/{rel}","templated":true}]}}