{"id":21761,"date":"2021-06-23T14:41:37","date_gmt":"2021-06-23T12:41:37","guid":{"rendered":"https:\/\/www.labunie.com.pl\/?p=21761"},"modified":"2021-06-23T14:45:00","modified_gmt":"2021-06-23T12:45:00","slug":"warsztaty-graffiti-informacje-dla-uczestnikow","status":"publish","type":"post","link":"https:\/\/labunie.com.pl\/?p=21761","title":{"rendered":"Warsztaty graffiti &#8211; informacje dla uczestnik\u00f3w"},"content":{"rendered":"\n<p><strong>Zako\u0144czy\u0142a si\u0119 rekrutacja na wakacyjne warsztaty graffiti w \u0141abuniach. Je\u017celi zam\u00f3wimy s\u0142o\u0144ce i odgonimy deszcz, to b\u0119dzie&#8230;bajkowo.<br><\/strong><\/p>\n\n\n\n<!--more-->\n\n\n\n<div style=\"height:10px\" aria-hidden=\"true\" class=\"wp-block-spacer\"><\/div>\n\n\n\n<p>Dzi\u0119kujemy za zainteresowanie wakacyjnymi warsztatami graffiti i cieszymy si\u0119, \u017ce wsp\u00f3lnie z zamojsk\u0105 grup\u0105 Stforky b\u0119dziemy mogli pokolorowa\u0107 \u0141abunie &#8211; oczywi\u015bcie artystycznym graffiti. Motywem przewodnim b\u0119d\u0105 bajki. Ze Stforkami zmalujemy bajkowe postacie.<\/p>\n<p><strong>Kiedy?<\/strong><\/p>\n<ul>\n<li>pi\u0105tek, 2 lipca &#8211; od godz 9.00 (wsp\u00f3lne szkicowanie, ciekawostki o graffiti, pierwsze pr\u00f3by malowania)<\/li>\n<li>sobota, 3 lipca &#8211; od godz. 9.00 (fina\u0142 &#8211; malowanie na murach)<\/li>\n<\/ul>\n<p><strong>Gdzie?<\/strong><\/p>\n<p>Zbi\u00f3rka na placu zabaw przy Orliku w \u0141abuniach<\/p>\n<h1 style=\"text-align: center;\"><strong><span style=\"color: #ff6600;\">Zabierzcie<\/span> <span style=\"color: #ff6600;\">ze<\/span>\u00a0<span style=\"color: #ff6600;\">sob\u0105<\/span> <span style=\"color: #ff6600;\">dobry humor!<\/span> <\/strong><\/h1>\n<h1 style=\"text-align: center;\"><span style=\"color: #3366ff;\"><strong>Zam\u00f3wcie s\u0142o\u0144ce i ciep\u0142o, \u017ceby\u015bmy bez przeszk\u00f3d mogli zmalowa\u0107 razem co\u015b fajnego.<\/strong><\/span><\/h1>\n<h1 style=\"text-align: center;\"><span style=\"color: #00ff00;\"><strong>Ju\u017c nie mo\u017cemy doczeka\u0107 si\u0119 spotkania razem z Wami.<\/strong><\/span><\/h1>\n<h1 style=\"text-align: center;\"><span style=\"background-color: #ffffff; color: #ff00ff;\">Do zobaczenia!<\/span><\/h1>\n","protected":false},"excerpt":{"rendered":"<p>Zako\u0144czy\u0142a si\u0119 rekrutacja na wakacyjne warsztaty graffiti w \u0141abuniach. Je\u017celi zam\u00f3wimy s\u0142o\u0144ce i odgonimy deszcz, to b\u0119dzie&#8230;bajkowo.<\/p>\n","protected":false},"author":11,"featured_media":21763,"comment_status":"closed","ping_status":"closed","sticky":false,"template":"","format":"standard","meta":{"footnotes":""},"categories":[1],"tags":[],"class_list":["post-21761","post","type-post","status-publish","format-standard","has-post-thumbnail","hentry","category-wpisy","clearfix"],"_links":{"self":[{"href":"https:\/\/labunie.com.pl\/index.php?rest_route=\/wp\/v2\/posts\/21761","targetHints":{"allow":["GET"]}}],"collection":[{"href":"https:\/\/labunie.com.pl\/index.php?rest_route=\/wp\/v2\/posts"}],"about":[{"href":"https:\/\/labunie.com.pl\/index.php?rest_route=\/wp\/v2\/types\/post"}],"author":[{"embeddable":true,"href":"https:\/\/labunie.com.pl\/index.php?rest_route=\/wp\/v2\/users\/11"}],"replies":[{"embeddable":true,"href":"https:\/\/labunie.com.pl\/index.php?rest_route=%2Fwp%2Fv2%2Fcomments&post=21761"}],"version-history":[{"count":5,"href":"https:\/\/labunie.com.pl\/index.php?rest_route=\/wp\/v2\/posts\/21761\/revisions"}],"predecessor-version":[{"id":21769,"href":"https:\/\/labunie.com.pl\/index.php?rest_route=\/wp\/v2\/posts\/21761\/revisions\/21769"}],"wp:featuredmedia":[{"embeddable":true,"href":"https:\/\/labunie.com.pl\/index.php?rest_route=\/wp\/v2\/media\/21763"}],"wp:attachment":[{"href":"https:\/\/labunie.com.pl\/index.php?rest_route=%2Fwp%2Fv2%2Fmedia&parent=21761"}],"wp:term":[{"taxonomy":"category","embeddable":true,"href":"https:\/\/labunie.com.pl\/index.php?rest_route=%2Fwp%2Fv2%2Fcategories&post=21761"},{"taxonomy":"post_tag","embeddable":true,"href":"https:\/\/labunie.com.pl\/index.php?rest_route=%2Fwp%2Fv2%2Ftags&post=21761"}],"curies":[{"name":"wp","href":"https:\/\/api.w.org\/{rel}","templated":true}]}}