{"id":21782,"date":"2021-06-24T11:51:35","date_gmt":"2021-06-24T09:51:35","guid":{"rendered":"https:\/\/www.labunie.com.pl\/?p=21782"},"modified":"2021-06-24T11:51:36","modified_gmt":"2021-06-24T09:51:36","slug":"ul-koscielna-do-przebudowy-otrzymalismy-kolejne-dofinansowanie","status":"publish","type":"post","link":"https:\/\/labunie.com.pl\/?p=21782","title":{"rendered":"Ul Ko\u015bcielna do przebudowy &#8211; otrzymali\u015bmy kolejne dofinansowanie"},"content":{"rendered":"\n<p><strong>Ponad 600 tys. z\u0142 dofinansowania z Rz\u0105dowego Funduszu Rozwoju Dr\u00f3g otrzyma\u0142a Gmina \u0141abunie na przebudow\u0119 ul. Ko\u015bcielnej.<\/strong><\/p>\n\n\n\n<div style=\"height:13px\" aria-hidden=\"true\" class=\"wp-block-spacer\"><\/div>\n\n\n\n<!--more-->\n\n\n\n<p>W \u015brod\u0119, 23 czerwca W\u00f3jt Gminy \u0141abunie &#8211; Mariusz Kukie\u0142ka podpisa\u0142 umow\u0119 na dofinansowanie przeznaczone na przebudow\u0119 ul. Ko\u015bcielnej w \u0141abuniach. Symboliczne czeki wr\u0119czy\u0142 wojewoda lubelski Lech Sprawka. Gmina \u0141abunie otrzyma\u0142a ponad 600 tys. z\u0142 finansowego wsparcia. Dzi\u0119ki niemu jeszcze w tym roku drogowcy po\u0142o\u017c\u0105 now\u0105 nawierzchni\u0119 na odcinku 855 m (na trasie od ko\u015bcio\u0142a do skrzy\u017cowania z drog\u0105 krajow\u0105 nr 17). R\u00f3wnie\u017c na takiej samej d\u0142ugo\u015bci zostanie przebudowany chodnik.\u00a0<\/p>\n<p>Zak\u0142adany koszt zadania to ponad 1 mln z\u0142. Dok\u0142adna kwota b\u0119dzie znana po wy\u0142onieniu w drodze przetargu wykonawcy tej inwestycji.<\/p>\n<p>\u00a0<\/p>\n\n\n\n<figure class=\"wp-block-image size-large\"><img loading=\"lazy\" decoding=\"async\" width=\"1024\" height=\"683\" src=\"https:\/\/www.labunie.com.pl\/wp-content\/uploads\/2021\/06\/MG_4067-1024x683.jpg\" alt=\"\" class=\"wp-image-21783\" srcset=\"https:\/\/labunie.com.pl\/wp-content\/uploads\/2021\/06\/MG_4067-1024x683.jpg 1024w, https:\/\/labunie.com.pl\/wp-content\/uploads\/2021\/06\/MG_4067-300x200.jpg 300w, https:\/\/labunie.com.pl\/wp-content\/uploads\/2021\/06\/MG_4067-768x512.jpg 768w, https:\/\/labunie.com.pl\/wp-content\/uploads\/2021\/06\/MG_4067.jpg 1500w\" sizes=\"auto, (max-width: 1024px) 100vw, 1024px\" \/><figcaption>fot. LUW Lublin<\/figcaption><\/figure>\n\n\n\n<p><\/p>\n\n\n","protected":false},"excerpt":{"rendered":"<p>Ponad 600 tys. z\u0142 dofinansowania z Rz\u0105dowego Funduszu Rozwoju Dr\u00f3g otrzyma\u0142a Gmina \u0141abunie na przebudow\u0119 ul. Ko\u015bcielnej.<\/p>\n","protected":false},"author":11,"featured_media":21785,"comment_status":"closed","ping_status":"closed","sticky":false,"template":"","format":"standard","meta":{"footnotes":""},"categories":[1],"tags":[],"class_list":["post-21782","post","type-post","status-publish","format-standard","has-post-thumbnail","hentry","category-wpisy","clearfix"],"_links":{"self":[{"href":"https:\/\/labunie.com.pl\/index.php?rest_route=\/wp\/v2\/posts\/21782","targetHints":{"allow":["GET"]}}],"collection":[{"href":"https:\/\/labunie.com.pl\/index.php?rest_route=\/wp\/v2\/posts"}],"about":[{"href":"https:\/\/labunie.com.pl\/index.php?rest_route=\/wp\/v2\/types\/post"}],"author":[{"embeddable":true,"href":"https:\/\/labunie.com.pl\/index.php?rest_route=\/wp\/v2\/users\/11"}],"replies":[{"embeddable":true,"href":"https:\/\/labunie.com.pl\/index.php?rest_route=%2Fwp%2Fv2%2Fcomments&post=21782"}],"version-history":[{"count":2,"href":"https:\/\/labunie.com.pl\/index.php?rest_route=\/wp\/v2\/posts\/21782\/revisions"}],"predecessor-version":[{"id":21786,"href":"https:\/\/labunie.com.pl\/index.php?rest_route=\/wp\/v2\/posts\/21782\/revisions\/21786"}],"wp:featuredmedia":[{"embeddable":true,"href":"https:\/\/labunie.com.pl\/index.php?rest_route=\/wp\/v2\/media\/21785"}],"wp:attachment":[{"href":"https:\/\/labunie.com.pl\/index.php?rest_route=%2Fwp%2Fv2%2Fmedia&parent=21782"}],"wp:term":[{"taxonomy":"category","embeddable":true,"href":"https:\/\/labunie.com.pl\/index.php?rest_route=%2Fwp%2Fv2%2Fcategories&post=21782"},{"taxonomy":"post_tag","embeddable":true,"href":"https:\/\/labunie.com.pl\/index.php?rest_route=%2Fwp%2Fv2%2Ftags&post=21782"}],"curies":[{"name":"wp","href":"https:\/\/api.w.org\/{rel}","templated":true}]}}