{"id":22266,"date":"2021-07-12T20:10:08","date_gmt":"2021-07-12T18:10:08","guid":{"rendered":"https:\/\/www.labunie.com.pl\/?p=22266"},"modified":"2021-07-12T20:10:08","modified_gmt":"2021-07-12T18:10:08","slug":"kapela-grzeski-na-zamojskich-dniach-folkloru","status":"publish","type":"post","link":"https:\/\/labunie.com.pl\/?p=22266","title":{"rendered":"Kapela Grze\u015bki na Zamojskich Dniach Folkloru"},"content":{"rendered":"\n<p><strong>Kapela Grze\u015bki Ruszowa &#8211; po oficjalnym otwarciu Festiwalu &#8211; rozpocz\u0119\u0142a swoim wyst\u0119pem Zamojskie Dni Folkloru w Zwierzy\u0144cu organizowane przez Starostwo Powiatowe w Zamo\u015bciu.&nbsp;<\/strong><\/p>\n\n\n\n<div style=\"height:13px\" aria-hidden=\"true\" class=\"wp-block-spacer\"><\/div>\n\n\n\n<!--more-->\n\n\n\n<p>XXII. edycja tego wydarzenia odby\u0142a si\u0119 w niedziel\u0119, 11 lipca. Na festiwalu zaprezentowa\u0142o si\u0119 29 wykonawc\u00f3w, w tym Kapela Grze\u015bki z Ruszowa. Panowie zagrali i za\u015bpiewali trzy utwory: &#8220;Serca dwa&#8221;, &#8220;W tym ma\u0142ym kwiatku czerwonym&#8221; i &#8220;Ma\u0142y Tino&#8221;.\u00a0<\/p>\n<p>Kapeli gratulujemy udanego wyst\u0119pu i dzi\u0119kujemy za \u015bpiewaj\u0105c\u0105 promocj\u0119 Gminy \u0141abunie.\u00a0<\/p>\n\n\n\n<div style=\"height:12px\" aria-hidden=\"true\" class=\"wp-block-spacer\"><\/div>\n\n\n\n<figure class=\"wp-block-gallery columns-2 is-cropped wp-block-gallery-1 is-layout-flex wp-block-gallery-is-layout-flex\"><ul class=\"blocks-gallery-grid\"><li class=\"blocks-gallery-item\"><figure><a href=\"https:\/\/www.labunie.com.pl\/wp-content\/uploads\/2021\/07\/grzeski-1.png\" data-rel=\"lightbox-gallery-668uRlpv\" data-rl_title=\"\" data-rl_caption=\"\" title=\"\"><img loading=\"lazy\" decoding=\"async\" width=\"1024\" height=\"495\" src=\"https:\/\/www.labunie.com.pl\/wp-content\/uploads\/2021\/07\/grzeski-1-1024x495.png\" alt=\"\" data-id=\"22267\" data-full-url=\"https:\/\/www.labunie.com.pl\/wp-content\/uploads\/2021\/07\/grzeski-1.png\" data-link=\"https:\/\/www.labunie.com.pl\/?attachment_id=22267\" class=\"wp-image-22267\" srcset=\"https:\/\/labunie.com.pl\/wp-content\/uploads\/2021\/07\/grzeski-1-1024x495.png 1024w, https:\/\/labunie.com.pl\/wp-content\/uploads\/2021\/07\/grzeski-1-300x145.png 300w, https:\/\/labunie.com.pl\/wp-content\/uploads\/2021\/07\/grzeski-1-768x371.png 768w, https:\/\/labunie.com.pl\/wp-content\/uploads\/2021\/07\/grzeski-1.png 1155w\" sizes=\"auto, (max-width: 1024px) 100vw, 1024px\" \/><\/a><\/figure><\/li><li class=\"blocks-gallery-item\"><figure><a href=\"https:\/\/www.labunie.com.pl\/wp-content\/uploads\/2021\/07\/grzeski-2.png\" data-rel=\"lightbox-gallery-668uRlpv\" data-rl_title=\"\" data-rl_caption=\"\" title=\"\"><img loading=\"lazy\" decoding=\"async\" width=\"1024\" height=\"532\" src=\"https:\/\/www.labunie.com.pl\/wp-content\/uploads\/2021\/07\/grzeski-2-1024x532.png\" alt=\"\" data-id=\"22268\" data-full-url=\"https:\/\/www.labunie.com.pl\/wp-content\/uploads\/2021\/07\/grzeski-2.png\" data-link=\"https:\/\/www.labunie.com.pl\/?attachment_id=22268\" class=\"wp-image-22268\" srcset=\"https:\/\/labunie.com.pl\/wp-content\/uploads\/2021\/07\/grzeski-2-1024x532.png 1024w, https:\/\/labunie.com.pl\/wp-content\/uploads\/2021\/07\/grzeski-2-300x156.png 300w, https:\/\/labunie.com.pl\/wp-content\/uploads\/2021\/07\/grzeski-2-768x399.png 768w, https:\/\/labunie.com.pl\/wp-content\/uploads\/2021\/07\/grzeski-2.png 1201w\" sizes=\"auto, (max-width: 1024px) 100vw, 1024px\" \/><\/a><\/figure><\/li><\/ul><figcaption class=\"blocks-gallery-caption\">fot. Starostwo Powiatowe w Zamo\u015bciu<\/figcaption><\/figure>\n","protected":false},"excerpt":{"rendered":"<p>Kapela Grze\u015bki Ruszowa &#8211; po oficjalnym otwarciu Festiwalu &#8211; rozpocz\u0119\u0142a swoim wyst\u0119pem Zamojskie Dni Folkloru w Zwierzy\u0144cu organizowane przez Starostwo Powiatowe w Zamo\u015bciu.&nbsp;<\/p>\n","protected":false},"author":11,"featured_media":22270,"comment_status":"closed","ping_status":"closed","sticky":false,"template":"","format":"standard","meta":{"footnotes":""},"categories":[1],"tags":[],"class_list":["post-22266","post","type-post","status-publish","format-standard","has-post-thumbnail","hentry","category-wpisy","clearfix"],"_links":{"self":[{"href":"https:\/\/labunie.com.pl\/index.php?rest_route=\/wp\/v2\/posts\/22266","targetHints":{"allow":["GET"]}}],"collection":[{"href":"https:\/\/labunie.com.pl\/index.php?rest_route=\/wp\/v2\/posts"}],"about":[{"href":"https:\/\/labunie.com.pl\/index.php?rest_route=\/wp\/v2\/types\/post"}],"author":[{"embeddable":true,"href":"https:\/\/labunie.com.pl\/index.php?rest_route=\/wp\/v2\/users\/11"}],"replies":[{"embeddable":true,"href":"https:\/\/labunie.com.pl\/index.php?rest_route=%2Fwp%2Fv2%2Fcomments&post=22266"}],"version-history":[{"count":2,"href":"https:\/\/labunie.com.pl\/index.php?rest_route=\/wp\/v2\/posts\/22266\/revisions"}],"predecessor-version":[{"id":22271,"href":"https:\/\/labunie.com.pl\/index.php?rest_route=\/wp\/v2\/posts\/22266\/revisions\/22271"}],"wp:featuredmedia":[{"embeddable":true,"href":"https:\/\/labunie.com.pl\/index.php?rest_route=\/wp\/v2\/media\/22270"}],"wp:attachment":[{"href":"https:\/\/labunie.com.pl\/index.php?rest_route=%2Fwp%2Fv2%2Fmedia&parent=22266"}],"wp:term":[{"taxonomy":"category","embeddable":true,"href":"https:\/\/labunie.com.pl\/index.php?rest_route=%2Fwp%2Fv2%2Fcategories&post=22266"},{"taxonomy":"post_tag","embeddable":true,"href":"https:\/\/labunie.com.pl\/index.php?rest_route=%2Fwp%2Fv2%2Ftags&post=22266"}],"curies":[{"name":"wp","href":"https:\/\/api.w.org\/{rel}","templated":true}]}}