{"id":22272,"date":"2021-07-15T12:04:11","date_gmt":"2021-07-15T10:04:11","guid":{"rendered":"https:\/\/www.labunie.com.pl\/?p=22272"},"modified":"2021-07-15T12:08:18","modified_gmt":"2021-07-15T10:08:18","slug":"wiceminister-sprawiedliwosci-z-wizyta-w-gminie-labunie","status":"publish","type":"post","link":"https:\/\/labunie.com.pl\/?p=22272","title":{"rendered":"Wiceminister sprawiedliwo\u015bci z wizyt\u0105 w Gminie \u0141abunie"},"content":{"rendered":"\n<p><strong>Pomoc pokrzywdzonym przest\u0119pstwem w ramach Funduszu Sprawiedliwo\u015bci &#8211; to temat spotkania z Podsekretarzem Stanu w Ministerstwie Sprawiedliwo\u015bci&nbsp; &#8211; Marcinem Romanowskim.&nbsp;<\/strong><\/p>\n\n\n\n<div style=\"height:17px\" aria-hidden=\"true\" class=\"wp-block-spacer\"><\/div>\n\n\n\n<!--more-->\n\n\n\n<p>Spotkanie wiceministra sprawiedliwo\u015bci z\u00a0pracownikami\u00a0 Okr\u0119gowego O\u015brodka Pomocy Pokrzywdzonym Przest\u0119pstwem w Zamo\u015bciu odby\u0142o si\u0119 w czwartek, 8 lipca w W\u00f3lce \u0141abu\u0144skiej. G\u0142\u00f3wnym tematem by\u0142a pomoc pokrzywdzonym przest\u0119pstwem w ramach funduszu sprawiedliwo\u015bci. Udzia\u0142 w wydarzeniu wzi\u0105\u0142 r\u00f3wnie\u017c W\u00f3jt Gminy \u0141abunie &#8211; Mariusz Kukie\u0142ka oraz\u00a0 przedstawiciele K\u00f3\u0142 Gospody\u0144 Wiejskich i Ochotniczych Stra\u017cy Po\u017carnych z\u00a0 gminy \u0141abunie.\u00a0<\/p>\n\n\n\n<div class=\"wp-block-image\"><figure class=\"aligncenter size-large\"><img loading=\"lazy\" decoding=\"async\" width=\"411\" height=\"583\" src=\"https:\/\/www.labunie.com.pl\/wp-content\/uploads\/2021\/07\/foto.png\" alt=\"\" class=\"wp-image-22278\" srcset=\"https:\/\/labunie.com.pl\/wp-content\/uploads\/2021\/07\/foto.png 411w, https:\/\/labunie.com.pl\/wp-content\/uploads\/2021\/07\/foto-211x300.png 211w\" sizes=\"auto, (max-width: 411px) 100vw, 411px\" \/><\/figure><\/div>\n\n\n\n<figure class=\"wp-block-gallery columns-2 is-cropped wp-block-gallery-1 is-layout-flex wp-block-gallery-is-layout-flex\"><ul class=\"blocks-gallery-grid\"><li class=\"blocks-gallery-item\"><figure><a href=\"https:\/\/www.labunie.com.pl\/wp-content\/uploads\/2021\/07\/1-1-1.jpg\" data-rel=\"lightbox-gallery-YWXEoJXr\" data-rl_title=\"\" data-rl_caption=\"\" title=\"\"><img loading=\"lazy\" decoding=\"async\" width=\"1024\" height=\"768\" src=\"https:\/\/www.labunie.com.pl\/wp-content\/uploads\/2021\/07\/1-1-1.jpg\" alt=\"\" data-id=\"22286\" data-full-url=\"https:\/\/www.labunie.com.pl\/wp-content\/uploads\/2021\/07\/1-1-1.jpg\" data-link=\"https:\/\/www.labunie.com.pl\/?attachment_id=22286\" class=\"wp-image-22286\" srcset=\"https:\/\/labunie.com.pl\/wp-content\/uploads\/2021\/07\/1-1-1.jpg 1024w, https:\/\/labunie.com.pl\/wp-content\/uploads\/2021\/07\/1-1-1-300x225.jpg 300w, https:\/\/labunie.com.pl\/wp-content\/uploads\/2021\/07\/1-1-1-768x576.jpg 768w\" sizes=\"auto, (max-width: 1024px) 100vw, 1024px\" \/><\/a><\/figure><\/li><li class=\"blocks-gallery-item\"><figure><a href=\"https:\/\/www.labunie.com.pl\/wp-content\/uploads\/2021\/07\/1-2-1.jpg\" data-rel=\"lightbox-gallery-YWXEoJXr\" data-rl_title=\"\" data-rl_caption=\"\" title=\"\"><img loading=\"lazy\" decoding=\"async\" width=\"1024\" height=\"768\" src=\"https:\/\/www.labunie.com.pl\/wp-content\/uploads\/2021\/07\/1-2-1.jpg\" alt=\"\" data-id=\"22287\" data-full-url=\"https:\/\/www.labunie.com.pl\/wp-content\/uploads\/2021\/07\/1-2-1.jpg\" data-link=\"https:\/\/www.labunie.com.pl\/?attachment_id=22287\" class=\"wp-image-22287\" srcset=\"https:\/\/labunie.com.pl\/wp-content\/uploads\/2021\/07\/1-2-1.jpg 1024w, https:\/\/labunie.com.pl\/wp-content\/uploads\/2021\/07\/1-2-1-300x225.jpg 300w, https:\/\/labunie.com.pl\/wp-content\/uploads\/2021\/07\/1-2-1-768x576.jpg 768w\" sizes=\"auto, (max-width: 1024px) 100vw, 1024px\" \/><\/a><\/figure><\/li><\/ul><\/figure>\n\n\n","protected":false},"excerpt":{"rendered":"<p>Pomoc pokrzywdzonym przest\u0119pstwem w ramach Funduszu Sprawiedliwo\u015bci &#8211; to temat spotkania z Podsekretarzem Stanu w Ministerstwie Sprawiedliwo\u015bci&nbsp; &#8211; Marcinem Romanowskim.&nbsp;<\/p>\n","protected":false},"author":11,"featured_media":22277,"comment_status":"closed","ping_status":"closed","sticky":false,"template":"","format":"standard","meta":{"footnotes":""},"categories":[1],"tags":[],"class_list":["post-22272","post","type-post","status-publish","format-standard","has-post-thumbnail","hentry","category-wpisy","clearfix"],"_links":{"self":[{"href":"https:\/\/labunie.com.pl\/index.php?rest_route=\/wp\/v2\/posts\/22272","targetHints":{"allow":["GET"]}}],"collection":[{"href":"https:\/\/labunie.com.pl\/index.php?rest_route=\/wp\/v2\/posts"}],"about":[{"href":"https:\/\/labunie.com.pl\/index.php?rest_route=\/wp\/v2\/types\/post"}],"author":[{"embeddable":true,"href":"https:\/\/labunie.com.pl\/index.php?rest_route=\/wp\/v2\/users\/11"}],"replies":[{"embeddable":true,"href":"https:\/\/labunie.com.pl\/index.php?rest_route=%2Fwp%2Fv2%2Fcomments&post=22272"}],"version-history":[{"count":5,"href":"https:\/\/labunie.com.pl\/index.php?rest_route=\/wp\/v2\/posts\/22272\/revisions"}],"predecessor-version":[{"id":22288,"href":"https:\/\/labunie.com.pl\/index.php?rest_route=\/wp\/v2\/posts\/22272\/revisions\/22288"}],"wp:featuredmedia":[{"embeddable":true,"href":"https:\/\/labunie.com.pl\/index.php?rest_route=\/wp\/v2\/media\/22277"}],"wp:attachment":[{"href":"https:\/\/labunie.com.pl\/index.php?rest_route=%2Fwp%2Fv2%2Fmedia&parent=22272"}],"wp:term":[{"taxonomy":"category","embeddable":true,"href":"https:\/\/labunie.com.pl\/index.php?rest_route=%2Fwp%2Fv2%2Fcategories&post=22272"},{"taxonomy":"post_tag","embeddable":true,"href":"https:\/\/labunie.com.pl\/index.php?rest_route=%2Fwp%2Fv2%2Ftags&post=22272"}],"curies":[{"name":"wp","href":"https:\/\/api.w.org\/{rel}","templated":true}]}}