{"id":22362,"date":"2021-07-27T14:38:12","date_gmt":"2021-07-27T12:38:12","guid":{"rendered":"https:\/\/www.labunie.com.pl\/?p=22362"},"modified":"2021-08-09T12:21:55","modified_gmt":"2021-08-09T10:21:55","slug":"bedzie-odjazdowo-rowerowo-zapraszamy-na-rajd-rowerowy","status":"publish","type":"post","link":"https:\/\/labunie.com.pl\/?p=22362","title":{"rendered":"B\u0119dzie odjazdowo-rowerowo. Zapraszamy na rajd rowerowy!"},"content":{"rendered":"\n<p><strong>Ruszy\u0142y zapisy na coroczny Gminny Rajd Rowerowy &#8220;Odjazdowo-rowerowo Dolin\u0105 G\u00f3rnej \u0141abu\u0144ki&#8221;.<\/strong><\/p>\n\n\n\n<div style=\"height:14px\" aria-hidden=\"true\" class=\"wp-block-spacer\"><\/div>\n\n\n\n<!--more-->\n\n\n\n<p>Rajd odb\u0119dzie si\u0119 15 sierpnia. Startujemy o 13.00 spod Remizy OSP w \u0141abu\u0144kach Pierwszych. Wsp\u00f3lnie pokonamy ponad 21 km. Zapewniamy pi\u0119kne widoki, sielsk\u0105 atmosfer\u0119, pyszne s\u0142odko\u015bci i pocz\u0119stunek dla zm\u0119czonych rajdowicz\u00f3w od KGW \u0141abu\u0144ki Pierwsze. W tym roku zwi\u0119kszamy pul\u0119 nagr\u00f3d &#8211; rozlosujemy 2 rowery w kat. junior i senior.<\/p>\n<p>Na mecie rajdu b\u0119dziemy zbiera\u0107 fundusze na utrzymanie mini-zoo w \u0141abu\u0144kach Pierwszych..<\/p>\n<p>Organizatorem wydarzenia jest W\u00f3jt Gminy \u0141abunie &#8211; Mariusz Kukie\u0142ka oraz KGW \u0141abu\u0144ki Pierwsze.<\/p>\n<p>Zapraszamy do zapoznania si\u0119 z regulaminem rajdu.<\/p>\n\n\n\n<div class=\"wp-block-file\"><a href=\"https:\/\/www.labunie.com.pl\/wp-content\/uploads\/2021\/07\/REGULAMIN-RAJDU-2021.pdf\">REGULAMIN RAJDU 2021<\/a><a href=\"https:\/\/www.labunie.com.pl\/wp-content\/uploads\/2021\/07\/REGULAMIN-RAJDU-2021.pdf\" class=\"wp-block-file__button\" download>Pobierz<\/a><\/div>\n\n\n\n<figure class=\"wp-block-image size-large\"><img loading=\"lazy\" decoding=\"async\" width=\"1024\" height=\"723\" src=\"https:\/\/www.labunie.com.pl\/wp-content\/uploads\/2021\/07\/PLAKAT-RAJDU-2021-NA-STRONE-1024x723.png\" alt=\"\" class=\"wp-image-22366\" srcset=\"https:\/\/labunie.com.pl\/wp-content\/uploads\/2021\/07\/PLAKAT-RAJDU-2021-NA-STRONE-1024x723.png 1024w, https:\/\/labunie.com.pl\/wp-content\/uploads\/2021\/07\/PLAKAT-RAJDU-2021-NA-STRONE-300x212.png 300w, https:\/\/labunie.com.pl\/wp-content\/uploads\/2021\/07\/PLAKAT-RAJDU-2021-NA-STRONE-768x543.png 768w, https:\/\/labunie.com.pl\/wp-content\/uploads\/2021\/07\/PLAKAT-RAJDU-2021-NA-STRONE.png 1090w\" sizes=\"auto, (max-width: 1024px) 100vw, 1024px\" \/><\/figure>\n","protected":false},"excerpt":{"rendered":"<p>Ruszy\u0142y zapisy na coroczny Gminny Rajd Rowerowy &#8220;Odjazdowo-rowerowo Dolin\u0105 G\u00f3rnej \u0141abu\u0144ki&#8221;.<\/p>\n","protected":false},"author":11,"featured_media":22368,"comment_status":"closed","ping_status":"closed","sticky":false,"template":"","format":"standard","meta":{"footnotes":""},"categories":[1],"tags":[],"class_list":["post-22362","post","type-post","status-publish","format-standard","has-post-thumbnail","hentry","category-wpisy","clearfix"],"_links":{"self":[{"href":"https:\/\/labunie.com.pl\/index.php?rest_route=\/wp\/v2\/posts\/22362","targetHints":{"allow":["GET"]}}],"collection":[{"href":"https:\/\/labunie.com.pl\/index.php?rest_route=\/wp\/v2\/posts"}],"about":[{"href":"https:\/\/labunie.com.pl\/index.php?rest_route=\/wp\/v2\/types\/post"}],"author":[{"embeddable":true,"href":"https:\/\/labunie.com.pl\/index.php?rest_route=\/wp\/v2\/users\/11"}],"replies":[{"embeddable":true,"href":"https:\/\/labunie.com.pl\/index.php?rest_route=%2Fwp%2Fv2%2Fcomments&post=22362"}],"version-history":[{"count":3,"href":"https:\/\/labunie.com.pl\/index.php?rest_route=\/wp\/v2\/posts\/22362\/revisions"}],"predecessor-version":[{"id":22367,"href":"https:\/\/labunie.com.pl\/index.php?rest_route=\/wp\/v2\/posts\/22362\/revisions\/22367"}],"wp:featuredmedia":[{"embeddable":true,"href":"https:\/\/labunie.com.pl\/index.php?rest_route=\/wp\/v2\/media\/22368"}],"wp:attachment":[{"href":"https:\/\/labunie.com.pl\/index.php?rest_route=%2Fwp%2Fv2%2Fmedia&parent=22362"}],"wp:term":[{"taxonomy":"category","embeddable":true,"href":"https:\/\/labunie.com.pl\/index.php?rest_route=%2Fwp%2Fv2%2Fcategories&post=22362"},{"taxonomy":"post_tag","embeddable":true,"href":"https:\/\/labunie.com.pl\/index.php?rest_route=%2Fwp%2Fv2%2Ftags&post=22362"}],"curies":[{"name":"wp","href":"https:\/\/api.w.org\/{rel}","templated":true}]}}