{"id":22525,"date":"2021-08-09T13:51:23","date_gmt":"2021-08-09T11:51:23","guid":{"rendered":"https:\/\/www.labunie.com.pl\/?p=22525"},"modified":"2021-08-09T13:55:38","modified_gmt":"2021-08-09T11:55:38","slug":"festiwal-oreza-polskiego","status":"publish","type":"post","link":"https:\/\/labunie.com.pl\/?p=22525","title":{"rendered":"Festiwal Or\u0119\u017ca Polskiego"},"content":{"rendered":"\n<p><strong>Organizatorzy &#8211; Powiat Janowski i Grupa Rekonstrukcyjno-Historyczna im. p\u0142k. Tadeusza Zieleniewskiego zapraszaj\u0105 na Festiwal Or\u0119\u017ca Polskiego. Impreza odb\u0119dzie si\u0119 w niedziel\u0119, 15 sierpnia. Szczeg\u00f3\u0142y na plakacie.<\/strong><\/p>\n\n\n\n<div style=\"height:12px\" aria-hidden=\"true\" class=\"wp-block-spacer\"><\/div>\n\n\n\n<!--more-->\n\n\n\n<figure class=\"wp-block-image size-large\"><img loading=\"lazy\" decoding=\"async\" width=\"724\" height=\"1024\" src=\"https:\/\/www.labunie.com.pl\/wp-content\/uploads\/2021\/08\/festiwal-plakat-ostateczny-724x1024.png\" alt=\"\" class=\"wp-image-22526\" srcset=\"https:\/\/labunie.com.pl\/wp-content\/uploads\/2021\/08\/festiwal-plakat-ostateczny-724x1024.png 724w, https:\/\/labunie.com.pl\/wp-content\/uploads\/2021\/08\/festiwal-plakat-ostateczny-212x300.png 212w, https:\/\/labunie.com.pl\/wp-content\/uploads\/2021\/08\/festiwal-plakat-ostateczny-768x1086.png 768w, https:\/\/labunie.com.pl\/wp-content\/uploads\/2021\/08\/festiwal-plakat-ostateczny-1086x1536.png 1086w, https:\/\/labunie.com.pl\/wp-content\/uploads\/2021\/08\/festiwal-plakat-ostateczny-1448x2048.png 1448w, https:\/\/labunie.com.pl\/wp-content\/uploads\/2021\/08\/festiwal-plakat-ostateczny.png 1587w\" sizes=\"auto, (max-width: 724px) 100vw, 724px\" \/><\/figure>\n","protected":false},"excerpt":{"rendered":"<p>Organizatorzy &#8211; Powiat Janowski i Grupa Rekonstrukcyjno-Historyczna im. p\u0142k. Tadeusza Zieleniewskiego zapraszaj\u0105 na Festiwal Or\u0119\u017ca Polskiego. Impreza odb\u0119dzie si\u0119 w niedziel\u0119, 15 sierpnia. Szczeg\u00f3\u0142y na plakacie.<\/p>\n","protected":false},"author":11,"featured_media":22527,"comment_status":"closed","ping_status":"closed","sticky":false,"template":"","format":"standard","meta":{"footnotes":""},"categories":[1],"tags":[],"class_list":["post-22525","post","type-post","status-publish","format-standard","has-post-thumbnail","hentry","category-wpisy","clearfix"],"_links":{"self":[{"href":"https:\/\/labunie.com.pl\/index.php?rest_route=\/wp\/v2\/posts\/22525","targetHints":{"allow":["GET"]}}],"collection":[{"href":"https:\/\/labunie.com.pl\/index.php?rest_route=\/wp\/v2\/posts"}],"about":[{"href":"https:\/\/labunie.com.pl\/index.php?rest_route=\/wp\/v2\/types\/post"}],"author":[{"embeddable":true,"href":"https:\/\/labunie.com.pl\/index.php?rest_route=\/wp\/v2\/users\/11"}],"replies":[{"embeddable":true,"href":"https:\/\/labunie.com.pl\/index.php?rest_route=%2Fwp%2Fv2%2Fcomments&post=22525"}],"version-history":[{"count":1,"href":"https:\/\/labunie.com.pl\/index.php?rest_route=\/wp\/v2\/posts\/22525\/revisions"}],"predecessor-version":[{"id":22528,"href":"https:\/\/labunie.com.pl\/index.php?rest_route=\/wp\/v2\/posts\/22525\/revisions\/22528"}],"wp:featuredmedia":[{"embeddable":true,"href":"https:\/\/labunie.com.pl\/index.php?rest_route=\/wp\/v2\/media\/22527"}],"wp:attachment":[{"href":"https:\/\/labunie.com.pl\/index.php?rest_route=%2Fwp%2Fv2%2Fmedia&parent=22525"}],"wp:term":[{"taxonomy":"category","embeddable":true,"href":"https:\/\/labunie.com.pl\/index.php?rest_route=%2Fwp%2Fv2%2Fcategories&post=22525"},{"taxonomy":"post_tag","embeddable":true,"href":"https:\/\/labunie.com.pl\/index.php?rest_route=%2Fwp%2Fv2%2Ftags&post=22525"}],"curies":[{"name":"wp","href":"https:\/\/api.w.org\/{rel}","templated":true}]}}