{"id":22534,"date":"2021-08-10T13:30:38","date_gmt":"2021-08-10T11:30:38","guid":{"rendered":"https:\/\/www.labunie.com.pl\/?p=22534"},"modified":"2021-08-10T13:36:31","modified_gmt":"2021-08-10T11:36:31","slug":"zaproszenie-na-konferencje-3","status":"publish","type":"post","link":"https:\/\/labunie.com.pl\/?p=22534","title":{"rendered":"Zaproszenie na konferencj\u0119"},"content":{"rendered":"\n<p><strong>Stowarzyszenie \u201eCzajnia\u201d i Centrum Wolontariatu w Lublinie zapraszaj\u0105 do udzia\u0142u w konferencji \u201eAktywna Lubelszczyzna\u201d, kt\u00f3ra odb\u0119dzie si\u0119 13 sierpnia (pi\u0105tek) w godzinach 10:30-13:00 w Lublinie, w Centrum Transferu Wiedzy KUL, ul. Radziszewskiego 7, aula 408. Patronat nad wydarzeniem obj\u0105\u0142 Marsza\u0142ek Wojew\u00f3dztwa Lubelskiego Jaros\u0142aw Stawiarski. <\/strong><\/p>\n\n\n\n<!--more-->\n\n\n\n<div style=\"height:50px\" aria-hidden=\"true\" class=\"wp-block-spacer\"><\/div>\n\n\n\n<div class=\"wp-block-media-text alignwide is-stacked-on-mobile is-vertically-aligned-top\"><figure class=\"wp-block-media-text__media\"><a href=\"https:\/\/www.aktywnalubelszczyzna.pl\/\"><img loading=\"lazy\" decoding=\"async\" width=\"724\" height=\"1024\" src=\"https:\/\/www.labunie.com.pl\/wp-content\/uploads\/2021\/08\/zap_na_konf_20210813-724x1024.png\" alt=\"\" class=\"wp-image-22535 size-full\" srcset=\"https:\/\/labunie.com.pl\/wp-content\/uploads\/2021\/08\/zap_na_konf_20210813-724x1024.png 724w, https:\/\/labunie.com.pl\/wp-content\/uploads\/2021\/08\/zap_na_konf_20210813-212x300.png 212w, https:\/\/labunie.com.pl\/wp-content\/uploads\/2021\/08\/zap_na_konf_20210813-768x1087.png 768w, https:\/\/labunie.com.pl\/wp-content\/uploads\/2021\/08\/zap_na_konf_20210813.png 1000w\" sizes=\"auto, (max-width: 724px) 100vw, 724px\" \/><\/a><\/figure><div class=\"wp-block-media-text__content\">\n<p>Celem spotkania jest prezentacja mo\u017cliwo\u015bci realizowania inicjatyw w\u0142asnych przez ma\u0142e organizacje pozarz\u0105dowe i nieformalne grupy aktywnych obywateli oraz pr\u00f3ba diagnozy kondycji organizacji i inicjatyw spo\u0142ecznych w regionie. Podczas konferencji zostanie te\u017c og\u0142oszony <strong>otwarty konkurs wojew\u00f3dzki w ramach Priorytetu I NOWE FIO<\/strong>, kt\u00f3ry daje szanse na finansowanie pomys\u0142\u00f3w spo\u0142ecznych. Uczestnicy zapoznaj\u0105 si\u0119 z zasadami programu <strong>Ma\u0142e Inicjatywy<\/strong>. Przedstawiciele operatora zaprezentuj\u0105 generator ofert oraz odpowiedz\u0105 na pytania uczestnik\u00f3w. Ponadto podczas wydarzenia zostan\u0105 poruszone kwestie zwi\u0105zane z nowymi modelami integracji spo\u0142ecznej oraz rol\u0105 oddolnych inicjatyw w budowaniu wi\u0119zi spo\u0142ecznych.<\/p>\n\n\n\n<p>Zaproszenie skierowane jest do przedstawicieli lokalnych spo\u0142eczno\u015bci, NGO\u2019s, grup nieformalnych, przedstawicieli samorz\u0105d\u00f3w, nauczycieli, bibliotekarzy, wsp\u00f3lnot parafialnych i wszystkich tych, kt\u00f3rym na sercu le\u017cy dobro najbli\u017cszego otoczenia.<\/p>\n\n\n\n<p>Spotkanie jest cz\u0119\u015bci\u0105 projektu maj\u0105cego na celu wspieranie oddolnych inicjatyw obywatelskich o zasi\u0119gu lokalnym oraz edukacja w zakresie animacji spo\u0142eczno\u015bci lokalnych i budowania trwa\u0142ych, opartych na zaufaniu wi\u0119zi spo\u0142ecznych.<\/p>\n\n\n<\/div><\/div>\n\n\n\n<p><strong>Zg\u0142oszenia na konferencj\u0119 mo\u017cna dokona\u0107 poprzez ankiet\u0119 on- line, wchodz\u0105c na stron\u0119 <a rel=\"noreferrer noopener\" href=\"http:\/\/www.aktywnalubelszczyzna\" target=\"_blank\">www.aktywnalubelszczyzna<\/a> lub wype\u0142niaj\u0105c i przesy\u0142aj\u0105c do biura organizatora formularz zg\u0142oszeniowy, b\u0119d\u0105cy za\u0142\u0105cznikiem do niniejszego zaproszenia. Formularze mo\u017cna wysy\u0142a\u0107 e-mailem na adres lublin@wolontariat.org.pl lub za po\u015brednictwem poczty tradycyjnej na adres Stowarzyszenie Centrum Wolontariatu, ul. Gospodarcza 2, 20-217 Lublin do 10 sierpnia 2021 r. <\/strong>O zakwalifikowaniu si\u0119 do udzia\u0142u zostan\u0105 Pa\u0144stwo poinformowani drog\u0105 mailow\u0105 lub telefoniczn\u0105.<\/p>\n\n\n\n<p>Udzia\u0142 w wydarzeniu to szansa na wymian\u0119 dobrych praktyk i nawi\u0105zanie relacji, kt\u00f3re w przysz\u0142o\u015bci mog\u0105 zaowocowa\u0107 wsp\u00f3lnymi dzia\u0142aniami i projektami. Po cz\u0119\u015bci oficjalnej zaplanowano lunch, podczas kt\u00f3rego b\u0119dzie mo\u017cliwo\u015b\u0107 rozmowy z organizatorami, prelegentami i innymi uczestnikami spotkania.<\/p>\n\n\n\n<p>Konferencja Aktywna Lubelszczyzna to pierwsze tego typu wydarzenie na \u017cywo od pocz\u0105tku pandemii Covid-19. Nie mo\u017ce pa\u0144stwa zabrakn\u0105\u0107.<\/p>\n\n\n\n<div style=\"height:50px\" aria-hidden=\"true\" class=\"wp-block-spacer\"><\/div>\n\n\n\n<p class=\"has-text-align-center\"><em>Konferencj\u0119 sfinansowano przez Narodowy Instytut Wolno\u015bci &#8211; Centrum Rozwoju Spo\u0142ecze\u0144stwa Obywatelskiego ze \u015brodk\u00f3w Programu Fundusz Inicjatyw Obywatelskich na lata 2021 \u2013 2030<\/em><\/p>\n","protected":false},"excerpt":{"rendered":"<p>Stowarzyszenie \u201eCzajnia\u201d i Centrum Wolontariatu w Lublinie zapraszaj\u0105 do udzia\u0142u w konferencji \u201eAktywna Lubelszczyzna\u201d, kt\u00f3ra odb\u0119dzie si\u0119 13 sierpnia (pi\u0105tek) w godzinach 10:30-13:00 w Lublinie, w Centrum Transferu Wiedzy KUL, ul. Radziszewskiego 7, aula 408. Patronat nad wydarzeniem obj\u0105\u0142 Marsza\u0142ek Wojew\u00f3dztwa Lubelskiego Jaros\u0142aw Stawiarski.<\/p>\n","protected":false},"author":7,"featured_media":22536,"comment_status":"closed","ping_status":"closed","sticky":false,"template":"","format":"standard","meta":{"footnotes":""},"categories":[1],"tags":[],"class_list":["post-22534","post","type-post","status-publish","format-standard","has-post-thumbnail","hentry","category-wpisy","clearfix"],"_links":{"self":[{"href":"https:\/\/labunie.com.pl\/index.php?rest_route=\/wp\/v2\/posts\/22534","targetHints":{"allow":["GET"]}}],"collection":[{"href":"https:\/\/labunie.com.pl\/index.php?rest_route=\/wp\/v2\/posts"}],"about":[{"href":"https:\/\/labunie.com.pl\/index.php?rest_route=\/wp\/v2\/types\/post"}],"author":[{"embeddable":true,"href":"https:\/\/labunie.com.pl\/index.php?rest_route=\/wp\/v2\/users\/7"}],"replies":[{"embeddable":true,"href":"https:\/\/labunie.com.pl\/index.php?rest_route=%2Fwp%2Fv2%2Fcomments&post=22534"}],"version-history":[{"count":3,"href":"https:\/\/labunie.com.pl\/index.php?rest_route=\/wp\/v2\/posts\/22534\/revisions"}],"predecessor-version":[{"id":22540,"href":"https:\/\/labunie.com.pl\/index.php?rest_route=\/wp\/v2\/posts\/22534\/revisions\/22540"}],"wp:featuredmedia":[{"embeddable":true,"href":"https:\/\/labunie.com.pl\/index.php?rest_route=\/wp\/v2\/media\/22536"}],"wp:attachment":[{"href":"https:\/\/labunie.com.pl\/index.php?rest_route=%2Fwp%2Fv2%2Fmedia&parent=22534"}],"wp:term":[{"taxonomy":"category","embeddable":true,"href":"https:\/\/labunie.com.pl\/index.php?rest_route=%2Fwp%2Fv2%2Fcategories&post=22534"},{"taxonomy":"post_tag","embeddable":true,"href":"https:\/\/labunie.com.pl\/index.php?rest_route=%2Fwp%2Fv2%2Ftags&post=22534"}],"curies":[{"name":"wp","href":"https:\/\/api.w.org\/{rel}","templated":true}]}}