{"id":22684,"date":"2021-08-16T10:55:43","date_gmt":"2021-08-16T08:55:43","guid":{"rendered":"https:\/\/www.labunie.com.pl\/?p=22684"},"modified":"2021-08-17T09:57:03","modified_gmt":"2021-08-17T07:57:03","slug":"pokazy-strazackie-z-pompa-zapraszamy-na-piknik-do-wolki-labunskiej","status":"publish","type":"post","link":"https:\/\/labunie.com.pl\/?p=22684","title":{"rendered":"Pokazy stra\u017cackie z pomp\u0105 &#8211; zapraszamy na piknik do W\u00f3lki \u0141abu\u0144skiej"},"content":{"rendered":"\n<p><strong>W&nbsp;niedziel\u0119, 22 sierpnia w W\u00f3lce \u0141abu\u0144skiej odb\u0119dzie si\u0119 Piknik Stra\u017cacki. Zapraszamy na wydarzenie rodziny z dzie\u0107mi. B\u0119dzie si\u0119 dzia\u0142o!<\/strong><\/p>\n<p>&nbsp;<\/p>\n\n\n\n<div style=\"height:14px\" aria-hidden=\"true\" class=\"wp-block-spacer\"><\/div>\n\n\n\n<!--more-->\n\n\n\n<p>Pokazy, przeja\u017cd\u017cki, animacje i pocz\u0119stunek. Tak b\u0119dzie na pikniku stra\u017cackim w W\u00f3lce \u0141abu\u0144skiej. Ju\u017c w najbli\u017csz\u0105 niedziel\u0119 od godz. 14.00 gor\u0105ce emocje zapewni\u0105 stra\u017cacy z OSP z gminy \u0141abunie, a o podniebienia zadba Ko\u0142o Gospody\u0144 Wiejskich w W\u00f3lce \u0141abu\u0144skiej. <\/p>\n\n\n\n<div style=\"height:13px\" aria-hidden=\"true\" class=\"wp-block-spacer\"><\/div>\n\n\n\n<figure class=\"wp-block-image size-large\"><img loading=\"lazy\" decoding=\"async\" width=\"1024\" height=\"709\" src=\"https:\/\/www.labunie.com.pl\/wp-content\/uploads\/2021\/08\/PLAKAT-NA-POKAZY-STRAZACKIE-W-WOLCE-LABUNSKIEJ-NA-STRONE-1024x709.png\" alt=\"\" class=\"wp-image-22685\" srcset=\"https:\/\/labunie.com.pl\/wp-content\/uploads\/2021\/08\/PLAKAT-NA-POKAZY-STRAZACKIE-W-WOLCE-LABUNSKIEJ-NA-STRONE-1024x709.png 1024w, https:\/\/labunie.com.pl\/wp-content\/uploads\/2021\/08\/PLAKAT-NA-POKAZY-STRAZACKIE-W-WOLCE-LABUNSKIEJ-NA-STRONE-300x208.png 300w, https:\/\/labunie.com.pl\/wp-content\/uploads\/2021\/08\/PLAKAT-NA-POKAZY-STRAZACKIE-W-WOLCE-LABUNSKIEJ-NA-STRONE-768x531.png 768w, https:\/\/labunie.com.pl\/wp-content\/uploads\/2021\/08\/PLAKAT-NA-POKAZY-STRAZACKIE-W-WOLCE-LABUNSKIEJ-NA-STRONE.png 1042w\" sizes=\"auto, (max-width: 1024px) 100vw, 1024px\" \/><\/figure>\n","protected":false},"excerpt":{"rendered":"<p>W&nbsp;niedziel\u0119, 22 sierpnia w W\u00f3lce \u0141abu\u0144skiej odb\u0119dzie si\u0119 Piknik Stra\u017cacki. Zapraszamy na wydarzenie rodziny z dzie\u0107mi. B\u0119dzie si\u0119 dzia\u0142o! &nbsp;<\/p>\n","protected":false},"author":11,"featured_media":22689,"comment_status":"closed","ping_status":"closed","sticky":false,"template":"","format":"standard","meta":{"footnotes":""},"categories":[1],"tags":[],"class_list":["post-22684","post","type-post","status-publish","format-standard","has-post-thumbnail","hentry","category-wpisy","clearfix"],"_links":{"self":[{"href":"https:\/\/labunie.com.pl\/index.php?rest_route=\/wp\/v2\/posts\/22684","targetHints":{"allow":["GET"]}}],"collection":[{"href":"https:\/\/labunie.com.pl\/index.php?rest_route=\/wp\/v2\/posts"}],"about":[{"href":"https:\/\/labunie.com.pl\/index.php?rest_route=\/wp\/v2\/types\/post"}],"author":[{"embeddable":true,"href":"https:\/\/labunie.com.pl\/index.php?rest_route=\/wp\/v2\/users\/11"}],"replies":[{"embeddable":true,"href":"https:\/\/labunie.com.pl\/index.php?rest_route=%2Fwp%2Fv2%2Fcomments&post=22684"}],"version-history":[{"count":3,"href":"https:\/\/labunie.com.pl\/index.php?rest_route=\/wp\/v2\/posts\/22684\/revisions"}],"predecessor-version":[{"id":22691,"href":"https:\/\/labunie.com.pl\/index.php?rest_route=\/wp\/v2\/posts\/22684\/revisions\/22691"}],"wp:featuredmedia":[{"embeddable":true,"href":"https:\/\/labunie.com.pl\/index.php?rest_route=\/wp\/v2\/media\/22689"}],"wp:attachment":[{"href":"https:\/\/labunie.com.pl\/index.php?rest_route=%2Fwp%2Fv2%2Fmedia&parent=22684"}],"wp:term":[{"taxonomy":"category","embeddable":true,"href":"https:\/\/labunie.com.pl\/index.php?rest_route=%2Fwp%2Fv2%2Fcategories&post=22684"},{"taxonomy":"post_tag","embeddable":true,"href":"https:\/\/labunie.com.pl\/index.php?rest_route=%2Fwp%2Fv2%2Ftags&post=22684"}],"curies":[{"name":"wp","href":"https:\/\/api.w.org\/{rel}","templated":true}]}}